{"id":79859,"date":"2016-03-08T18:30:47","date_gmt":"2016-03-08T21:30:47","guid":{"rendered":"http:\/\/www.24baires.com\/?p=79859"},"modified":"2016-03-08T17:57:55","modified_gmt":"2016-03-08T20:57:55","slug":"el-gobierno-considera-que-el-grupo-clarin-ya-se-adecuo-a-la-ley-de-medios","status":"publish","type":"post","link":"https:\/\/www.24baires.com\/?p=79859","title":{"rendered":"El Gobierno considera que el Grupo Clar\u00edn ya se adecu\u00f3 a la Ley de Medios"},"content":{"rendered":"<p><img data-recalc-dims=\"1\" loading=\"lazy\" decoding=\"async\" src=\"https:\/\/i0.wp.com\/www.24baires.com\/wp-content\/uploads\/2016\/03\/enacom.jpg?resize=560%2C342\" alt=\"enacom\" width=\"560\" height=\"342\" class=\"aligncenter size-full wp-image-79860\" srcset=\"https:\/\/i0.wp.com\/www.24baires.com\/wp-content\/uploads\/2016\/03\/enacom.jpg?w=560&amp;ssl=1 560w, https:\/\/i0.wp.com\/www.24baires.com\/wp-content\/uploads\/2016\/03\/enacom.jpg?resize=300%2C183&amp;ssl=1 300w\" sizes=\"auto, (max-width: 560px) 100vw, 560px\" \/>El Ente Nacional de Comunicaciones resolvi\u00f3 dar por finalizados los procesos de adecuaci\u00f3n de los conglomerados period\u00edsticos \u00abcon el objetivo de mirar hacia delante\u00bb.<br \/>\n<!--more--><\/p>\n<p>El Ente Nacional de Comunicaciones (ENaCom) que reemplaz\u00f3 a la Autoridad Federal de Servicios de Comunicaci\u00f3n Audiovisual (AFSCA) dio hoy por finalizados los procesos de adecuaci\u00f3n de las empresas.<\/p>\n<p>\u00abDimos por terminada una etapa de presi\u00f3n con adecuaciones coercitivas con el objetivo de mirar hacia adelante con otro horizonte. Es dar vuelta una p\u00e1gina de una etapa muy complicada de coerciones a las empresas period\u00edsticas\u00bb, asegur\u00f3 el titular de ENaCom, Miguel Godoy, despu\u00e9s de que se conociera la resoluci\u00f3n que, en rigor, se tom\u00f3 en la primera reuni\u00f3n del directorio.<\/p>\n<p>\u00abLa decisi\u00f3n fue tomada en el marco de la reuni\u00f3n de directorio y significa que se archivaron todas las adecuaciones que se hab\u00edan presentados, las aprobadas y las que estaban en tr\u00e1mite\u00bb explic\u00f3, por su lado, Heber Mart\u00ednez, director del ENaCom.<\/p>\n<p>\u00abAhora no corren las multas ni la necesidad de desprenderse de nada. El que quiera vender lo podr\u00e1 hacer porque lo cree necesario y no porque tiene la obligaci\u00f3n de hacerlo\u00bb, agreg\u00f3.<\/p>\n","protected":false},"excerpt":{"rendered":"<p>El Ente Nacional de Comunicaciones resolvi\u00f3 dar por finalizados los procesos de adecuaci\u00f3n de los conglomerados period\u00edsticos \u00abcon el objetivo de mirar hacia delante\u00bb.<\/p>\n","protected":false},"author":8,"featured_media":0,"comment_status":"open","ping_status":"open","sticky":false,"template":"","format":"standard","meta":{"_jetpack_newsletter_access":"","_jetpack_dont_email_post_to_subs":false,"_jetpack_newsletter_tier_id":0,"_jetpack_memberships_contains_paywalled_content":false,"_jetpack_memberships_contains_paid_content":false,"footnotes":""},"categories":[54],"tags":[],"class_list":["post-79859","post","type-post","status-publish","format-standard","hentry","category-medios"],"jetpack_featured_media_url":"","jetpack_shortlink":"https:\/\/wp.me\/p2JWE0-kM3","jetpack-related-posts":[{"id":78534,"url":"https:\/\/www.24baires.com\/?p=78534","url_meta":{"origin":79859,"position":0},"title":"Ley de Medios: el Gobierno archiv\u00f3 todos los planes de adecuaci\u00f3n","author":"GB","date":"03\/02\/2016","format":false,"excerpt":"El Gobierno sigue avanzando contra la ley. Ahora ya no hay obligaci\u00f3n de vender se\u00f1ales. El viernes 9 de octubre de 2009, tras veinte horas de sesi\u00f3n, la C\u00e1mara de Senadores convirti\u00f3 en el ley el proyecto de la Ley de Medios con 44 votos a favor y 24 en\u2026","rel":"","context":"En \u00abPol\u00edtica\u00bb","block_context":{"text":"Pol\u00edtica","link":"https:\/\/www.24baires.com\/?cat=51"},"img":{"alt_text":"","src":"","width":0,"height":0},"classes":[]},{"id":99570,"url":"https:\/\/www.24baires.com\/?p=99570","url_meta":{"origin":79859,"position":1},"title":"Enacom aprob\u00f3 la fusi\u00f3n de Telecom con Cablevisi\u00f3n","author":"AF","date":"21\/12\/2017","format":false,"excerpt":"La operaci\u00f3n considerada como la mas importante de la historia de las comunicaciones en el pa\u00eds fue tomada hoy por el directorio del Ente Nacional de Comunicaciones. C\u00f3mo afectar\u00e1 a los consumidores y al mercado de Internet. El directorio del Ente Nacional de Comunicaciones (Enacom) aprob\u00f3 hoy la fusi\u00f3n de\u2026","rel":"","context":"En \u00abSociedad\u00bb","block_context":{"text":"Sociedad","link":"https:\/\/www.24baires.com\/?cat=1"},"img":{"alt_text":"","src":"https:\/\/i0.wp.com\/www.24baires.com\/wp-content\/uploads\/2017\/12\/f.jpg?resize=350%2C200","width":350,"height":200,"srcset":"https:\/\/i0.wp.com\/www.24baires.com\/wp-content\/uploads\/2017\/12\/f.jpg?resize=350%2C200 1x, https:\/\/i0.wp.com\/www.24baires.com\/wp-content\/uploads\/2017\/12\/f.jpg?resize=525%2C300 1.5x"},"classes":[]},{"id":99815,"url":"https:\/\/www.24baires.com\/?p=99815","url_meta":{"origin":79859,"position":2},"title":"Prorrogan por 30 d\u00edas la licencia como operadora postal a OCA","author":"AF","date":"05\/01\/2018","format":false,"excerpt":"El Ente Nacional de Comunicaciones qued\u00f3 a la espera de los informes de la AFIP que le reclama a la empresa vinculada a Hugo Moyano $3.400 millones de deuda. El directorio del Ente Nacional de Comunicaciones (Enacom) prorrog\u00f3 este viernes por 30 d\u00edas la licencia como operador postal a la\u2026","rel":"","context":"En \u00abSociedad\u00bb","block_context":{"text":"Sociedad","link":"https:\/\/www.24baires.com\/?cat=1"},"img":{"alt_text":"","src":"https:\/\/i0.wp.com\/www.24baires.com\/wp-content\/uploads\/2018\/01\/macri-moyano.jpg?resize=350%2C200","width":350,"height":200,"srcset":"https:\/\/i0.wp.com\/www.24baires.com\/wp-content\/uploads\/2018\/01\/macri-moyano.jpg?resize=350%2C200 1x, https:\/\/i0.wp.com\/www.24baires.com\/wp-content\/uploads\/2018\/01\/macri-moyano.jpg?resize=525%2C300 1.5x"},"classes":[]},{"id":114507,"url":"https:\/\/www.24baires.com\/?p=114507","url_meta":{"origin":79859,"position":3},"title":"ENACOM asegura que \u00abno hay condiciones para que la red de conectividad colapse\u00bb","author":"GB","date":"25\/03\/2020","format":false,"excerpt":"El vicepresidente del Ente Nacional de Comunicaciones, Gustavo L\u00f3pez, habl\u00f3 de los rumores que sobrevuelan en torno al uso de internet, en el marco de la pandemia. \"No hay condiciones para que la red general colapse, lo que no significa que no pase en algun lugar del pa\u00eds dado que\u2026","rel":"","context":"En \u00abPol\u00edtica\u00bb","block_context":{"text":"Pol\u00edtica","link":"https:\/\/www.24baires.com\/?cat=51"},"img":{"alt_text":"","src":"https:\/\/i0.wp.com\/www.24baires.com\/wp-content\/uploads\/2020\/03\/enacom.jpg?resize=350%2C200","width":350,"height":200,"srcset":"https:\/\/i0.wp.com\/www.24baires.com\/wp-content\/uploads\/2020\/03\/enacom.jpg?resize=350%2C200 1x, https:\/\/i0.wp.com\/www.24baires.com\/wp-content\/uploads\/2020\/03\/enacom.jpg?resize=525%2C300 1.5x"},"classes":[]},{"id":55051,"url":"https:\/\/www.24baires.com\/?p=55051","url_meta":{"origin":79859,"position":4},"title":"El Directorio de AFSCA aprob\u00f3 la adecuaci\u00f3n del Grupo Clar\u00edn","author":"Grupo Sierra","date":"08\/10\/2014","format":false,"excerpt":"La Autoridad Federal de Servicios de Comunicaci\u00f3n Audiovisual aprob\u00f3 dar inicio a la adecuaci\u00f3n de oficio del Grupo Clar\u00edn a la Ley de Medios, luego de que el titular del organismo, Mart\u00edn Sabbatella, anunciara que se hab\u00edan detectado \u201cirregularidades\u201d en el plan de adecuaci\u00f3n voluntaria presentado por el multimedios. La\u2026","rel":"","context":"En \u00abMedios\u00bb","block_context":{"text":"Medios","link":"https:\/\/www.24baires.com\/?cat=54"},"img":{"alt_text":"clar\u00edn","src":"https:\/\/i0.wp.com\/www.24baires.com\/wp-content\/uploads\/2014\/10\/clar%C3%ADn.jpg?resize=350%2C200","width":350,"height":200,"srcset":"https:\/\/i0.wp.com\/www.24baires.com\/wp-content\/uploads\/2014\/10\/clar%C3%ADn.jpg?resize=350%2C200 1x, https:\/\/i0.wp.com\/www.24baires.com\/wp-content\/uploads\/2014\/10\/clar%C3%ADn.jpg?resize=525%2C300 1.5x"},"classes":[]},{"id":81931,"url":"https:\/\/www.24baires.com\/?p=81931","url_meta":{"origin":79859,"position":5},"title":"Cablevisi\u00f3n ya puede dar telefon\u00eda fija","author":"GB","date":"26\/04\/2016","format":false,"excerpt":"Fibertel puede transferir a la empresa de tv paga la licencia de telecomunicaciones obtenida en 2002. Lo permiti\u00f3 el Enacom. A trav\u00e9s de la resoluci\u00f3n 1359 del ENACOM (Ente Nacional de Comunicaciones) se habilit\u00f3 a Cablevisi\u00f3n para para ofrecer servicios de telecomunicaciones incluyendo transmisi\u00f3n de datos, aviso a personas, videoconferencia,\u2026","rel":"","context":"En \u00abMedios\u00bb","block_context":{"text":"Medios","link":"https:\/\/www.24baires.com\/?cat=54"},"img":{"alt_text":"cablevisi\u00f3n","src":"https:\/\/i0.wp.com\/www.24baires.com\/wp-content\/uploads\/2012\/12\/cablevisi%C3%B3n1.jpg?resize=350%2C200","width":350,"height":200,"srcset":"https:\/\/i0.wp.com\/www.24baires.com\/wp-content\/uploads\/2012\/12\/cablevisi%C3%B3n1.jpg?resize=350%2C200 1x, https:\/\/i0.wp.com\/www.24baires.com\/wp-content\/uploads\/2012\/12\/cablevisi%C3%B3n1.jpg?resize=525%2C300 1.5x"},"classes":[]}],"jetpack_sharing_enabled":true,"jetpack_likes_enabled":true,"_links":{"self":[{"href":"https:\/\/www.24baires.com\/index.php?rest_route=\/wp\/v2\/posts\/79859","targetHints":{"allow":["GET"]}}],"collection":[{"href":"https:\/\/www.24baires.com\/index.php?rest_route=\/wp\/v2\/posts"}],"about":[{"href":"https:\/\/www.24baires.com\/index.php?rest_route=\/wp\/v2\/types\/post"}],"author":[{"embeddable":true,"href":"https:\/\/www.24baires.com\/index.php?rest_route=\/wp\/v2\/users\/8"}],"replies":[{"embeddable":true,"href":"https:\/\/www.24baires.com\/index.php?rest_route=%2Fwp%2Fv2%2Fcomments&post=79859"}],"version-history":[{"count":1,"href":"https:\/\/www.24baires.com\/index.php?rest_route=\/wp\/v2\/posts\/79859\/revisions"}],"predecessor-version":[{"id":79861,"href":"https:\/\/www.24baires.com\/index.php?rest_route=\/wp\/v2\/posts\/79859\/revisions\/79861"}],"wp:attachment":[{"href":"https:\/\/www.24baires.com\/index.php?rest_route=%2Fwp%2Fv2%2Fmedia&parent=79859"}],"wp:term":[{"taxonomy":"category","embeddable":true,"href":"https:\/\/www.24baires.com\/index.php?rest_route=%2Fwp%2Fv2%2Fcategories&post=79859"},{"taxonomy":"post_tag","embeddable":true,"href":"https:\/\/www.24baires.com\/index.php?rest_route=%2Fwp%2Fv2%2Ftags&post=79859"}],"curies":[{"name":"wp","href":"https:\/\/api.w.org\/{rel}","templated":true}]}}