{"id":7981,"date":"2012-12-05T14:35:32","date_gmt":"2012-12-05T17:35:32","guid":{"rendered":"http:\/\/www.24baires.com\/?p=7981"},"modified":"2012-12-05T14:53:57","modified_gmt":"2012-12-05T17:53:57","slug":"senalaron-dificultades-en-el-control-de-la-prision-domiciliaria-cumplida-en-barrios-cerrados","status":"publish","type":"post","link":"https:\/\/www.24baires.com\/?p=7981","title":{"rendered":"Se\u00f1alaron dificultades en el control de la prisi\u00f3n domiciliaria cumplida en countries"},"content":{"rendered":"<p><img data-recalc-dims=\"1\" loading=\"lazy\" decoding=\"async\" class=\"alignleft size-full wp-image-7992\" title=\"countrie\" src=\"https:\/\/i0.wp.com\/www.24baires.com\/wp-content\/uploads\/2012\/12\/countrie.jpg?resize=259%2C194\" alt=\"\" width=\"259\" height=\"194\" \/>Lo asegur\u00f3 la Sala IV del m\u00e1ximo tribunal penal, en un pedido de revocatoria de ese beneficio con respecto a un imputado en la causa \u201cMansi\u00f3n Ser\u00e9\u201d. Los jueces encomendaron al Tribunal Oral en lo Criminal Federal N\u00ba 5 de la Capital que analice esa situaci\u00f3n.<!--more--><br \/>\nLa Sala IV de la C\u00e1mara Federal de Casaci\u00f3n Penal, integrada por los doctores Mariano H. Borinsky, Juan Carlos Gemignani y Gustavo M. Hornos, se\u00f1al\u00f3 las dificultades que presenta para el debido contralor de las condiciones propias de la prisi\u00f3n domiciliaria la circunstancia de que el imputado se domicilie en un barrio cerrado (causa N\u00ba 16.249 de su registro, caratulada \u201cMariani, Hip\u00f3lito Rafael s\/ recurso de casaci\u00f3n\u201d).<br \/>\nFue en el marco de un pedido de revocatoria del arresto domiciliario efectuado por el Ministerio P\u00fablico Fiscal con respecto a Hip\u00f3lito Rafael Mariani, imputado en la causa conocida como \u201cMansi\u00f3n Ser\u00e9\u201d, en la que se juzgaron cr\u00edmenes contra la humanidad cometidos en la \u00faltima dictadura.<br \/>\nLa C\u00e1mara de Casaci\u00f3n anul\u00f3 la resoluci\u00f3n que hab\u00eda desestimado el pedido de revocatoria y devolvi\u00f3 las actuaciones al Tribunal Oral en lo Criminal Federal N\u00b0 5 de la Capital a fin de que emita una resoluci\u00f3n.<br \/>\n\u201cNo podemos dejar de se\u00f1alar las dificultades para controlar la prisi\u00f3n domiciliaria que parecen surgir de su cumplimiento en un barrio cerrado de las caracter\u00edsticas del lugar en el que vive Hip\u00f3lito Rafael Mariani. En este sentido, seg\u00fan surge del incidente y \u2013espec\u00edficamente\u2013 de diversas presentaciones del Ministerio P\u00fablico Fiscal, el lugar de ejecuci\u00f3n del beneficio podr\u00eda estar afectando la posibilidad de controlar de manera directa e inmediata el cumplimiento de las condiciones de su otorgamiento\u201d, indicaron los jueces.<br \/>\nPor ello, agregaron, \u201cencomendamos al Tribunal a quo analizar dicha circunstancia, con miras a garantizar el cumplimiento de la obligaci\u00f3n del estado argentino de investigar, juzgar y sancionar a los responsables de los cr\u00edmenes contra la humanidad ocurridos en el pa\u00eds en el per\u00edodo hist\u00f3rico que relevan las presentes actuaciones, tal como surge de los precedentes de la Corte Interamericana de Derechos Humanos\u201d.<\/p>\n","protected":false},"excerpt":{"rendered":"<p>Lo asegur\u00f3 la Sala IV del m\u00e1ximo tribunal penal, en un pedido de revocatoria de ese beneficio con respecto a un imputado en la causa \u201cMansi\u00f3n Ser\u00e9\u201d. Los jueces encomendaron al Tribunal Oral en lo Criminal Federal N\u00ba 5 de la Capital que analice esa situaci\u00f3n.<\/p>\n","protected":false},"author":4,"featured_media":0,"comment_status":"open","ping_status":"open","sticky":false,"template":"","format":"standard","meta":{"_jetpack_newsletter_access":"","_jetpack_dont_email_post_to_subs":false,"_jetpack_newsletter_tier_id":0,"_jetpack_memberships_contains_paywalled_content":false,"_jetpack_memberships_contains_paid_content":false,"footnotes":""},"categories":[1],"tags":[],"class_list":["post-7981","post","type-post","status-publish","format-standard","hentry","category-sociedad"],"jetpack_featured_media_url":"","jetpack_shortlink":"https:\/\/wp.me\/p2JWE0-24J","jetpack-related-posts":[{"id":112056,"url":"https:\/\/www.24baires.com\/?p=112056","url_meta":{"origin":7981,"position":0},"title":"Rechazan el pedido de prisi\u00f3n domiciliaria del genocida Miguel Etchecolatz","author":"GB","date":"12\/09\/2019","format":false,"excerpt":"Lo decidieron los jueces de la sala IV de la C\u00e1mara Federal de Casaci\u00f3n Penal. La Sala IV de la C\u00e1mara Federal de Casaci\u00f3n Penal rechaz\u00f3 por voto un\u00e1nime el pedido de prisi\u00f3n preventiva al genocida y exsubcomisario de la Polic\u00eda Bonaerense durante la dictadura c\u00edvico-militar Miguel Etchecolatz. La decisi\u00f3n\u2026","rel":"","context":"En \u00abMemoria\u00bb","block_context":{"text":"Memoria","link":"https:\/\/www.24baires.com\/?cat=50"},"img":{"alt_text":"","src":"https:\/\/i0.wp.com\/www.24baires.com\/wp-content\/uploads\/2016\/08\/etchecolaz.jpg?resize=350%2C200","width":350,"height":200,"srcset":"https:\/\/i0.wp.com\/www.24baires.com\/wp-content\/uploads\/2016\/08\/etchecolaz.jpg?resize=350%2C200 1x, https:\/\/i0.wp.com\/www.24baires.com\/wp-content\/uploads\/2016\/08\/etchecolaz.jpg?resize=525%2C300 1.5x"},"classes":[]},{"id":106131,"url":"https:\/\/www.24baires.com\/?p=106131","url_meta":{"origin":7981,"position":1},"title":"Revocaron la prisi\u00f3n domiciliaria con la que hab\u00edan beneficiado al genocida Etchecolatz","author":"GB","date":"28\/12\/2018","format":false,"excerpt":"La C\u00e1mara Federal de Casaci\u00f3n Penal deshizo el beneficio que hab\u00eda recibido el represor el mes pasado. La C\u00e1mara Federal de Casaci\u00f3n Penal revoc\u00f3 la prisi\u00f3n domiciliaria con la que hab\u00eda sido beneficiado el ex comisario de la Polic\u00eda bonaerense y condenado por delitos de lesa humanidad, Miguel Etchecolatz. Seg\u00fan\u2026","rel":"","context":"En \u00abMemoria\u00bb","block_context":{"text":"Memoria","link":"https:\/\/www.24baires.com\/?cat=50"},"img":{"alt_text":"","src":"https:\/\/i0.wp.com\/www.24baires.com\/wp-content\/uploads\/2016\/08\/etchecolaz.jpg?resize=350%2C200","width":350,"height":200,"srcset":"https:\/\/i0.wp.com\/www.24baires.com\/wp-content\/uploads\/2016\/08\/etchecolaz.jpg?resize=350%2C200 1x, https:\/\/i0.wp.com\/www.24baires.com\/wp-content\/uploads\/2016\/08\/etchecolaz.jpg?resize=525%2C300 1.5x"},"classes":[]},{"id":112972,"url":"https:\/\/www.24baires.com\/?p=112972","url_meta":{"origin":7981,"position":2},"title":"Etchecolatz cumplir\u00e1 su condena en la prisi\u00f3n","author":"AF","date":"12\/11\/2019","format":false,"excerpt":"La Corte Suprema de Justicia de la Naci\u00f3n defini\u00f3 que el genocida Miguel Osvaldo Etchecolatz cumplir\u00e1 su condena en la prisi\u00f3n y no en su casa como pretend\u00eda. En una acordada de hoy publicada en el sitio del Centro de Informaciones Judiciales se dio a conocer que desestim\u00f3 el recurso\u2026","rel":"","context":"En \u00abJUDICIALES\u00bb","block_context":{"text":"JUDICIALES","link":"https:\/\/www.24baires.com\/?cat=68"},"img":{"alt_text":"","src":"https:\/\/i0.wp.com\/www.24baires.com\/wp-content\/uploads\/2016\/08\/etchecolaz.jpg?resize=350%2C200","width":350,"height":200,"srcset":"https:\/\/i0.wp.com\/www.24baires.com\/wp-content\/uploads\/2016\/08\/etchecolaz.jpg?resize=350%2C200 1x, https:\/\/i0.wp.com\/www.24baires.com\/wp-content\/uploads\/2016\/08\/etchecolaz.jpg?resize=525%2C300 1.5x"},"classes":[]},{"id":101120,"url":"https:\/\/www.24baires.com\/?p=101120","url_meta":{"origin":7981,"position":3},"title":"Etchecolatz ya volvi\u00f3 a la c\u00e1rcel","author":"AF","date":"17\/03\/2018","format":false,"excerpt":"Luego de que ayer la justicia revocara el beneficio de prisi\u00f3n domiciliaria, el represor fue retirado esta ma\u00f1ana de su domicilio del bosque Peralta Ramos de Mar del Plata por personal del Servicio Penitenciario Federal con rumbo al penal bonaerense. El genocida Miguel Etchecolatz, condenado por delitos de lesa humanidad,\u2026","rel":"","context":"En \u00abJUDICIALES\u00bb","block_context":{"text":"JUDICIALES","link":"https:\/\/www.24baires.com\/?cat=68"},"img":{"alt_text":"","src":"https:\/\/i0.wp.com\/www.24baires.com\/wp-content\/uploads\/2016\/08\/etchecolaz.jpg?resize=350%2C200","width":350,"height":200,"srcset":"https:\/\/i0.wp.com\/www.24baires.com\/wp-content\/uploads\/2016\/08\/etchecolaz.jpg?resize=350%2C200 1x, https:\/\/i0.wp.com\/www.24baires.com\/wp-content\/uploads\/2016\/08\/etchecolaz.jpg?resize=525%2C300 1.5x"},"classes":[]},{"id":107815,"url":"https:\/\/www.24baires.com\/?p=107815","url_meta":{"origin":7981,"position":4},"title":"El Ministerio P\u00fablico apel\u00f3 el fallo que conden\u00f3 a Federico Sasso","author":"GB","date":"25\/04\/2019","format":false,"excerpt":"Se exige que la pena sea de 10 a\u00f1os por homicidio doloso y que se cumpla en una unidad penitenciaria. Tambi\u00e9n se atac\u00f3 la decisi\u00f3n del Tribunal de no reconocer como prueba el test de alcoholemia municipal. El Ministerio P\u00fablico Fiscal present\u00f3 en las \u00faltimas horas el recurso de casaci\u00f3n\u2026","rel":"","context":"En \u00abJUDICIALES\u00bb","block_context":{"text":"JUDICIALES","link":"https:\/\/www.24baires.com\/?cat=68"},"img":{"alt_text":"","src":"https:\/\/i0.wp.com\/www.24baires.com\/wp-content\/uploads\/2019\/03\/JUICIO-LUC%C3%8DA-BERNAOLA-FEDERICO-SASSO-.jpg?resize=350%2C200","width":350,"height":200,"srcset":"https:\/\/i0.wp.com\/www.24baires.com\/wp-content\/uploads\/2019\/03\/JUICIO-LUC%C3%8DA-BERNAOLA-FEDERICO-SASSO-.jpg?resize=350%2C200 1x, https:\/\/i0.wp.com\/www.24baires.com\/wp-content\/uploads\/2019\/03\/JUICIO-LUC%C3%8DA-BERNAOLA-FEDERICO-SASSO-.jpg?resize=525%2C300 1.5x"},"classes":[]},{"id":114918,"url":"https:\/\/www.24baires.com\/?p=114918","url_meta":{"origin":7981,"position":5},"title":"La Corte Bonaerense suspende las prisiones domiciliarias por el COVID-19","author":"AF","date":"05\/05\/2020","format":false,"excerpt":"Declararon admisible el recurso de queja presentado por el fiscal de Casaci\u00f3n Penal de la Provincia, Carlos Altuve. La Suprema Corte de Justicia bonaerense declar\u00f3 admisible el recurso de queja presentado por el fiscal de Casaci\u00f3n Penal de la provincia, Carlos Altuve, y suspendi\u00f3 provisionalmente el otorgamiento de nuevas prisiones\u2026","rel":"","context":"En \u00abProvincia\u00bb","block_context":{"text":"Provincia","link":"https:\/\/www.24baires.com\/?cat=40"},"img":{"alt_text":"","src":"https:\/\/i0.wp.com\/www.24baires.com\/wp-content\/uploads\/2019\/11\/carcel.jpeg?resize=350%2C200","width":350,"height":200,"srcset":"https:\/\/i0.wp.com\/www.24baires.com\/wp-content\/uploads\/2019\/11\/carcel.jpeg?resize=350%2C200 1x, https:\/\/i0.wp.com\/www.24baires.com\/wp-content\/uploads\/2019\/11\/carcel.jpeg?resize=525%2C300 1.5x"},"classes":[]}],"jetpack_sharing_enabled":true,"jetpack_likes_enabled":true,"_links":{"self":[{"href":"https:\/\/www.24baires.com\/index.php?rest_route=\/wp\/v2\/posts\/7981","targetHints":{"allow":["GET"]}}],"collection":[{"href":"https:\/\/www.24baires.com\/index.php?rest_route=\/wp\/v2\/posts"}],"about":[{"href":"https:\/\/www.24baires.com\/index.php?rest_route=\/wp\/v2\/types\/post"}],"author":[{"embeddable":true,"href":"https:\/\/www.24baires.com\/index.php?rest_route=\/wp\/v2\/users\/4"}],"replies":[{"embeddable":true,"href":"https:\/\/www.24baires.com\/index.php?rest_route=%2Fwp%2Fv2%2Fcomments&post=7981"}],"version-history":[{"count":3,"href":"https:\/\/www.24baires.com\/index.php?rest_route=\/wp\/v2\/posts\/7981\/revisions"}],"predecessor-version":[{"id":7985,"href":"https:\/\/www.24baires.com\/index.php?rest_route=\/wp\/v2\/posts\/7981\/revisions\/7985"}],"wp:attachment":[{"href":"https:\/\/www.24baires.com\/index.php?rest_route=%2Fwp%2Fv2%2Fmedia&parent=7981"}],"wp:term":[{"taxonomy":"category","embeddable":true,"href":"https:\/\/www.24baires.com\/index.php?rest_route=%2Fwp%2Fv2%2Fcategories&post=7981"},{"taxonomy":"post_tag","embeddable":true,"href":"https:\/\/www.24baires.com\/index.php?rest_route=%2Fwp%2Fv2%2Ftags&post=7981"}],"curies":[{"name":"wp","href":"https:\/\/api.w.org\/{rel}","templated":true}]}}