{"id":79764,"date":"2016-03-06T15:00:50","date_gmt":"2016-03-06T18:00:50","guid":{"rendered":"http:\/\/www.24baires.com\/?p=79764"},"modified":"2016-03-06T13:52:57","modified_gmt":"2016-03-06T16:52:57","slug":"cinco-tiros-de-odio-en-mar-del-plata","status":"publish","type":"post","link":"https:\/\/www.24baires.com\/?p=79764","title":{"rendered":"Cinco tiros de odio en Mar del Plata"},"content":{"rendered":"<p><img data-recalc-dims=\"1\" loading=\"lazy\" decoding=\"async\" class=\"aligncenter size-full wp-image-79751\" src=\"https:\/\/i0.wp.com\/www.24baires.com\/wp-content\/uploads\/2016\/03\/ataque-campora.jpg?resize=560%2C315\" alt=\"ataque campora\" width=\"560\" height=\"315\" srcset=\"https:\/\/i0.wp.com\/www.24baires.com\/wp-content\/uploads\/2016\/03\/ataque-campora.jpg?w=560&amp;ssl=1 560w, https:\/\/i0.wp.com\/www.24baires.com\/wp-content\/uploads\/2016\/03\/ataque-campora.jpg?resize=300%2C169&amp;ssl=1 300w\" sizes=\"auto, (max-width: 560px) 100vw, 560px\" \/>En la madrugada del s\u00e1bado alguien o algunos despacharon cinco escopetazos en el frente de la Unidad B\u00e1sica \u201cN\u00e9stor Kirchner\u201d de La C\u00e1mpora. Cinco tiros de odio en el medio de la democracia. Cinco disparos de intolerancia que demuestran que en Mar del Plata es mentira que disminuy\u00f3 la violencia. <!--more--><\/p>\n<p>Funcionarios municipales pueden aducir que la inseguridad son s\u00f3lo robos o cr\u00edmenes producidos en esa coordenada y que en esta temporada se registraron menos. Pero es un muy peligroso error no entender estos hechos de violencia extrema como las m\u00e1s fuertes y dr\u00e1sticas pinceladas en el mural que es la ciudad.<\/p>\n<p>Tenemos que crear comisiones especiales porque nos llenamos de nazis. De fascistas, de pibes que quieren reclutar a otros pibes en los colegios, atray\u00e9ndolos con un mensaje de desprecio y discriminaci\u00f3n. Est\u00e1n ac\u00e1. Ningunearlos, subestimarlos, es la errada estrategia que hace que se multipliquen delante de nuestros propios ojos que se niegan a ver lo que sucede a nuestro alrededor.<\/p>\n<p>Estamos traspasando lo que cre\u00edamos l\u00edmites lejanos. Estamos viviendo en una sociedad que est\u00e1 atravesada por la violencia y el odio. Cinco escopetazos en el frente de un local pol\u00edtico en donde hasta pocas horas antes hab\u00eda gente dentro reunida, no debe ser una simple alerta, debe ser el baldazo de agua fr\u00eda que a muchos les falta para que reaccionens de una buena vez. Y obren en consecuencia. Porque el odio, as\u00ed como la mediocridad y la cobard\u00eda, es contagioso. Como tambi\u00e9n lo es el miedo.<\/p>\n<p>Y es ah\u00ed donde no tenemos que avanzar. Porque cada paso que demos adentr\u00e1ndonos en el miedo, ser\u00e1 un paso c\u00f3modo dado por los violentos, que proliferan desde ah\u00ed, se nutren de nuestro miedo. Y de nuestra ignorancia hacen el abrevadero profundo desde donde saciar su permanente sed de furia y rencor.<\/p>\n<p>Pongamos el grito alto, fuerte y claro en contra de estos hechos. Porque cada vez avanzan un poquito m\u00e1s, y nosotros, los que creemos en el amor como la gran herramienta de transformaci\u00f3n, no podemos retroceder jam\u00e1s. Porque, como dijo Chaplin en El Gran Dictador: \u201cLa desgracia que nos ha ca\u00eddo encima no es m\u00e1s que el paso de la avaricia, la amargura de los hombres, que temen el camino del progreso humano. El odio de los hombres pasar\u00e1, y los dictadores morir\u00e1n, y el poder que arrebataron al pueblo volver\u00e1 al pueblo. Y mientras los hombres mueren, la libertad no perecer\u00e1 jam\u00e1s\u201d.<\/p>\n","protected":false},"excerpt":{"rendered":"<p>En la madrugada del s\u00e1bado alguien o algunos despacharon cinco escopetazos en el frente de la Unidad B\u00e1sica \u201cN\u00e9stor Kirchner\u201d de La C\u00e1mpora. Cinco tiros de odio en el medio de la democracia. Cinco disparos de intolerancia que demuestran que en Mar del Plata es mentira que disminuy\u00f3 la violencia.<\/p>\n","protected":false},"author":4,"featured_media":0,"comment_status":"open","ping_status":"open","sticky":false,"template":"","format":"standard","meta":{"_jetpack_newsletter_access":"","_jetpack_dont_email_post_to_subs":false,"_jetpack_newsletter_tier_id":0,"_jetpack_memberships_contains_paywalled_content":false,"_jetpack_memberships_contains_paid_content":false,"footnotes":""},"categories":[64],"tags":[],"class_list":["post-79764","post","type-post","status-publish","format-standard","hentry","category-opinion"],"jetpack_featured_media_url":"","jetpack_shortlink":"https:\/\/wp.me\/p2JWE0-kKw","jetpack-related-posts":[{"id":106239,"url":"https:\/\/www.24baires.com\/?p=106239","url_meta":{"origin":79764,"position":0},"title":"Mar del Plata: una mujer fue asesinada por su ex cuando esperaba el colectivo","author":"GB","date":"08\/01\/2019","format":false,"excerpt":"Una mujer polic\u00eda fue asesinada a tiros por un hombre que luego del ataque escap\u00f3 a toda velocidad en autom\u00f3vil hacia la zona c\u00e9ntrica de Mar del Plata. Una integrante de la Polic\u00eda Local fue asesinada esta ma\u00f1ana en una parada de colectivo situada en Alberti y Las Heras. Para\u2026","rel":"","context":"En \u00abPoliciales\u00bb","block_context":{"text":"Policiales","link":"https:\/\/www.24baires.com\/?cat=49"},"img":{"alt_text":"","src":"https:\/\/i0.wp.com\/www.24baires.com\/wp-content\/uploads\/2019\/01\/femicidio-mdp.jpg?resize=350%2C200","width":350,"height":200,"srcset":"https:\/\/i0.wp.com\/www.24baires.com\/wp-content\/uploads\/2019\/01\/femicidio-mdp.jpg?resize=350%2C200 1x, https:\/\/i0.wp.com\/www.24baires.com\/wp-content\/uploads\/2019\/01\/femicidio-mdp.jpg?resize=525%2C300 1.5x"},"classes":[]},{"id":39616,"url":"https:\/\/www.24baires.com\/?p=39616","url_meta":{"origin":79764,"position":1},"title":"Cinco a\u00f1os sin Luciano Arruga","author":"Grupo Sierra","date":"01\/02\/2014","format":false,"excerpt":"Soy joven. Soy negro. Soy del conurbano. NO quiero ser mano de obra de la polic\u00eda: Desaparezco. Cinco a\u00f1os sin Luciano Arruga. \u201cPero cuidado lo que hac\u00e9s o adonde vas despues del gran recital est\u00e1n los pu\u00f1os de la ley para atraparte tarde para reaccionar la ciudad va a reventar\u2026","rel":"","context":"En \u00abOpini\u00f3n\u00bb","block_context":{"text":"Opini\u00f3n","link":"https:\/\/www.24baires.com\/?cat=64"},"img":{"alt_text":"luciano","src":"https:\/\/i0.wp.com\/www.24baires.com\/wp-content\/uploads\/2014\/02\/luciano.jpg?resize=350%2C200","width":350,"height":200,"srcset":"https:\/\/i0.wp.com\/www.24baires.com\/wp-content\/uploads\/2014\/02\/luciano.jpg?resize=350%2C200 1x, https:\/\/i0.wp.com\/www.24baires.com\/wp-content\/uploads\/2014\/02\/luciano.jpg?resize=525%2C300 1.5x"},"classes":[]},{"id":59802,"url":"https:\/\/www.24baires.com\/?p=59802","url_meta":{"origin":79764,"position":2},"title":"Asesinaron de cinco tiros a un hombre en Mar del Plata","author":"GB","date":"09\/01\/2015","format":false,"excerpt":"Un hombre de 32 a\u00f1os y con antecedentes penales fue asesinado en la puerta de su casa del bario El Martillo y los investigadores presumen que se trat\u00f3 de un ajuste de cuentas. La polic\u00eda identific\u00f3 a la v\u00edctima como Sergio Urra Zapata, alias \"El Chileno\", quien ten\u00eda numerosos antecedentes\u2026","rel":"","context":"En \u00abPoliciales\u00bb","block_context":{"text":"Policiales","link":"https:\/\/www.24baires.com\/?cat=49"},"img":{"alt_text":"","src":"","width":0,"height":0},"classes":[]},{"id":70164,"url":"https:\/\/www.24baires.com\/?p=70164","url_meta":{"origin":79764,"position":3},"title":"Hebe: \u00abVi asesinar a los pibes en la Plaza, les tiraban sin l\u00e1stima\u00bb","author":"AF","date":"07\/08\/2015","format":false,"excerpt":"La titular de Madres de Plaza de Mayo declar\u00f3 ayer en el juicio por la represi\u00f3n de diciembre de 2001, que termin\u00f3 con el gobierno de Fernando de la R\u00faa. Hay dos ex funcionarios y quince ex polic\u00edas en el banquillo. Uno sent\u00eda la violencia en el cuerpo\u201d, afirm\u00f3 Hebe.\u2026","rel":"","context":"En \u00abJUDICIALES\u00bb","block_context":{"text":"JUDICIALES","link":"https:\/\/www.24baires.com\/?cat=68"},"img":{"alt_text":"hebe","src":"https:\/\/i0.wp.com\/www.24baires.com\/wp-content\/uploads\/2015\/08\/hebe.jpg?resize=350%2C200","width":350,"height":200,"srcset":"https:\/\/i0.wp.com\/www.24baires.com\/wp-content\/uploads\/2015\/08\/hebe.jpg?resize=350%2C200 1x, https:\/\/i0.wp.com\/www.24baires.com\/wp-content\/uploads\/2015\/08\/hebe.jpg?resize=525%2C300 1.5x"},"classes":[]},{"id":107302,"url":"https:\/\/www.24baires.com\/?p=107302","url_meta":{"origin":79764,"position":4},"title":"En la Provincia hubo un femicidio cada tres d\u00edas en lo que va del 2019","author":"GB","date":"21\/03\/2019","format":false,"excerpt":"En total, 25 mujeres fueron asesinadas en tres meses. En Mar del Plata se registraron dos femicidios y es una de las ciudades con m\u00e1s casos. Unas 25 mujeres fueron asesinadas por parejas, exparejas o familiares en la provincia de Buenos Aires en lo que va del 2019. Las cifran\u2026","rel":"","context":"En \u00abProvincia\u00bb","block_context":{"text":"Provincia","link":"https:\/\/www.24baires.com\/?cat=40"},"img":{"alt_text":"","src":"https:\/\/i0.wp.com\/www.24baires.com\/wp-content\/uploads\/2015\/11\/ni-una-menos.jpg?resize=350%2C200","width":350,"height":200,"srcset":"https:\/\/i0.wp.com\/www.24baires.com\/wp-content\/uploads\/2015\/11\/ni-una-menos.jpg?resize=350%2C200 1x, https:\/\/i0.wp.com\/www.24baires.com\/wp-content\/uploads\/2015\/11\/ni-una-menos.jpg?resize=525%2C300 1.5x"},"classes":[]},{"id":14871,"url":"https:\/\/www.24baires.com\/?p=14871","url_meta":{"origin":79764,"position":5},"title":"De la Sota en el asado de Barrionuevo le mand\u00f3 un gui\u00f1o a Macri","author":"Grupo Sierra","date":"06\/02\/2013","format":false,"excerpt":"MAR DEL PLATA.- Mientras \"siembra el camino\" de cara a los comicios de 2015, el gobernador de C\u00f3rdoba dijo que \u201ces bueno que dirigentes de distintos partidos pol\u00edticos conversemos sobre c\u00f3mo arreglar los problemas que la gente tiene\u201d.\u00a0\u00a0Lo expres\u00f3 en el hotel Sasso de Mar del Plata, donde se llev\u00f3\u2026","rel":"","context":"En \u00abPol\u00edtica\u00bb","block_context":{"text":"Pol\u00edtica","link":"https:\/\/www.24baires.com\/?cat=51"},"img":{"alt_text":"","src":"","width":0,"height":0},"classes":[]}],"jetpack_sharing_enabled":true,"jetpack_likes_enabled":true,"_links":{"self":[{"href":"https:\/\/www.24baires.com\/index.php?rest_route=\/wp\/v2\/posts\/79764","targetHints":{"allow":["GET"]}}],"collection":[{"href":"https:\/\/www.24baires.com\/index.php?rest_route=\/wp\/v2\/posts"}],"about":[{"href":"https:\/\/www.24baires.com\/index.php?rest_route=\/wp\/v2\/types\/post"}],"author":[{"embeddable":true,"href":"https:\/\/www.24baires.com\/index.php?rest_route=\/wp\/v2\/users\/4"}],"replies":[{"embeddable":true,"href":"https:\/\/www.24baires.com\/index.php?rest_route=%2Fwp%2Fv2%2Fcomments&post=79764"}],"version-history":[{"count":2,"href":"https:\/\/www.24baires.com\/index.php?rest_route=\/wp\/v2\/posts\/79764\/revisions"}],"predecessor-version":[{"id":79767,"href":"https:\/\/www.24baires.com\/index.php?rest_route=\/wp\/v2\/posts\/79764\/revisions\/79767"}],"wp:attachment":[{"href":"https:\/\/www.24baires.com\/index.php?rest_route=%2Fwp%2Fv2%2Fmedia&parent=79764"}],"wp:term":[{"taxonomy":"category","embeddable":true,"href":"https:\/\/www.24baires.com\/index.php?rest_route=%2Fwp%2Fv2%2Fcategories&post=79764"},{"taxonomy":"post_tag","embeddable":true,"href":"https:\/\/www.24baires.com\/index.php?rest_route=%2Fwp%2Fv2%2Ftags&post=79764"}],"curies":[{"name":"wp","href":"https:\/\/api.w.org\/{rel}","templated":true}]}}