{"id":7965,"date":"2012-12-05T13:03:09","date_gmt":"2012-12-05T16:03:09","guid":{"rendered":"http:\/\/www.24baires.com\/?p=7965"},"modified":"2012-12-06T11:19:37","modified_gmt":"2012-12-06T14:19:37","slug":"el-fuero-que-busco-el-grupo-clarin-no-es-el-competente-explico-alak","status":"publish","type":"post","link":"https:\/\/www.24baires.com\/?p=7965","title":{"rendered":"\u00abEl fuero que busc\u00f3 el Grupo Clar\u00edn no es el competente\u00bb explic\u00f3 Alak"},"content":{"rendered":"<p>El ministro de Justicia afirm\u00f3 que el Estado sufri\u00f3 una denegaci\u00f3n de justicia porque \u00abla causa que inici\u00f3 el Grupo Clar\u00edn es tomada por un fuero (el Civil y Comercial) que no es competente\u00bb.<\/p>\n<p><!--more--><br \/>\n\u00abEl fuero competente es el Contencioso Administrativo, pero el Grupo Clar\u00edn busc\u00f3 este fuero que se basa en cuestiones del sistema privado. Esta es la primera irregularidad que encontr\u00f3 el estado Argentino\u00bb, explic\u00f3 Alak en conferencia de prensa.<br \/>\nEl ministro indic\u00f3 que \u00aba dos d\u00edas de una fecha relevante, cuando vence la medida cautelar\u00bb que permite a Clar\u00edn no cumplir plenamente la ley de Medios, \u00abhemos advertido extra\u00f1as resoluciones de la C\u00e1mara Civil y Comercial donde se autoexcluyen de responsabilidad camaristas que fueron denunciados por el Estado ante el Consejo de la Magistratura como ante la justicia penal\u00bb.<\/p>\n<p>Alak agreg\u00f3 que estos camaristas fueron denunciados en su momento porque \u00abexisten indicios vehementes de que han incumplido la ley de designaci\u00f3n de subrogantes, y han participado de un viaje invitados por una organizaci\u00f3n conducida e integrada por importantes directivos del grupo Clar\u00edn\u00bb.<\/p>\n<p>&nbsp;<\/p>\n<p>&nbsp;<\/p>\n<p>&nbsp;<\/p>\n<p>&nbsp;<\/p>\n<p>&nbsp;<\/p>\n<p>&nbsp;<\/p>\n<p>&nbsp;<\/p>\n<p>&nbsp;<\/p>\n<p>&nbsp;<\/p>\n<p>&nbsp;<\/p>\n<p>&nbsp;<\/p>\n<p>&nbsp;<\/p>\n<p>&nbsp;<\/p>\n<p>&nbsp;<\/p>\n<p>&nbsp;<\/p>\n<p>&nbsp;<\/p>\n<p>&nbsp;<\/p>\n<p>&nbsp;<\/p>\n<p>&nbsp;<\/p>\n","protected":false},"excerpt":{"rendered":"<p>El ministro de Justicia afirm\u00f3 que el Estado sufri\u00f3 una denegaci\u00f3n de justicia porque \u00abla causa que inici\u00f3 el Grupo Clar\u00edn es tomada por un fuero (el Civil y Comercial) que no es competente\u00bb.<\/p>\n","protected":false},"author":11,"featured_media":0,"comment_status":"open","ping_status":"open","sticky":false,"template":"","format":"standard","meta":{"_jetpack_newsletter_access":"","_jetpack_dont_email_post_to_subs":false,"_jetpack_newsletter_tier_id":0,"_jetpack_memberships_contains_paywalled_content":false,"_jetpack_memberships_contains_paid_content":false,"footnotes":""},"categories":[54],"tags":[],"class_list":["post-7965","post","type-post","status-publish","format-standard","hentry","category-medios"],"jetpack_featured_media_url":"","jetpack_shortlink":"https:\/\/wp.me\/p2JWE0-24t","jetpack-related-posts":[{"id":10728,"url":"https:\/\/www.24baires.com\/?p=10728","url_meta":{"origin":7965,"position":0},"title":"\u00abClar\u00edn tiene la esperanza de que se modifique el Congreso por eso extiende la cautelar\u00bb","author":"Grupo Sierra","date":"28\/12\/2012","format":false,"excerpt":"El ministro de Justicia, julio Alak se sum\u00f3 a los pedidos para que la C\u00e1mara Federal Civil y Comercial resuelva cuanto antes la cuesti\u00f3n de fondo sobre los art\u00edculos cuestionados de la Ley de Medios. Adem\u00e1s advirti\u00f3 que \"la estrategia final de Clar\u00edn es extender la cautelar hasta las pr\u00f3ximas\u2026","rel":"","context":"En \u00abPol\u00edtica\u00bb","block_context":{"text":"Pol\u00edtica","link":"https:\/\/www.24baires.com\/?cat=51"},"img":{"alt_text":"","src":"","width":0,"height":0},"classes":[]},{"id":1409,"url":"https:\/\/www.24baires.com\/?p=1409","url_meta":{"origin":7965,"position":1},"title":"\u00abEl nuevo Carbone se llama Tettamanti\u00bb","author":"AF","date":"08\/10\/2012","format":false,"excerpt":"Julio Alak asegur\u00f3 que el magistrado designado en el juzgado en el que radica la presentaci\u00f3n del Grupo Clar\u00edn por el art\u00edculo de desinversi\u00f3n de la Ley de Medios, Ra\u00fal Tettamanti, es \"el nuevo Carbone\", en alusi\u00f3n al juez que dio la cautelar que mantuvo m\u00e1s de dos a\u00f1os congelada\u2026","rel":"","context":"En \u00abMedios\u00bb","block_context":{"text":"Medios","link":"https:\/\/www.24baires.com\/?cat=54"},"img":{"alt_text":"","src":"https:\/\/i0.wp.com\/www.24baires.com\/wp-content\/uploads\/2012\/10\/alak.jpg?resize=350%2C200","width":350,"height":200,"srcset":"https:\/\/i0.wp.com\/www.24baires.com\/wp-content\/uploads\/2012\/10\/alak.jpg?resize=350%2C200 1x, https:\/\/i0.wp.com\/www.24baires.com\/wp-content\/uploads\/2012\/10\/alak.jpg?resize=525%2C300 1.5x"},"classes":[]},{"id":1102,"url":"https:\/\/www.24baires.com\/?p=1102","url_meta":{"origin":7965,"position":2},"title":"Alak denunci\u00f3 maniobras \u00abfuncionales al Grupo Clar\u00edn\u00bb contra la vigencia plena de la Ley de Medios","author":"Grupo Sierra","date":"05\/10\/2012","format":false,"excerpt":"El ministro de Justicia se\u00a0refiri\u00f3\u00a0a la decisi\u00f3n de cinco integrantes de la Magistratura de bloquear la designaci\u00f3n del juez titular que deber\u00e1 fallar sobre la cl\u00e1usula que obliga al grupo Clar\u00edn a desinvertir. Alak advirti\u00f3 sobre una \"maniobra que apunta a tener en suspenso el art\u00edculo 161 de la ley\u2026","rel":"","context":"En \u00abMedios\u00bb","block_context":{"text":"Medios","link":"https:\/\/www.24baires.com\/?cat=54"},"img":{"alt_text":"","src":"","width":0,"height":0},"classes":[]},{"id":11583,"url":"https:\/\/www.24baires.com\/?p=11583","url_meta":{"origin":7965,"position":3},"title":"Impugnar\u00e1n este mi\u00e9rcoles a la C\u00e1mara que hizo lugar a la cautelar de la Sociedad Rural","author":"Grupo Sierra","date":"08\/01\/2013","format":false,"excerpt":"La Jefatura de Gabinete impugnar\u00e1 este mi\u00e9rcoles la actuaci\u00f3n de la C\u00e1mara que dio lugar a una medida cautelar presentada por la Sociedad Rural Argentina (SRA), frenando la recuperaci\u00f3n por parte del Estado del predio ferial de Palermo. \u00a0En la presentaci\u00f3n judicial que ser\u00e1 elevada, el Gobierno plantear\u00e1 que el\u2026","rel":"","context":"En \u00abPol\u00edtica\u00bb","block_context":{"text":"Pol\u00edtica","link":"https:\/\/www.24baires.com\/?cat=51"},"img":{"alt_text":"","src":"","width":0,"height":0},"classes":[]},{"id":1757,"url":"https:\/\/www.24baires.com\/?p=1757","url_meta":{"origin":7965,"position":4},"title":"Alak pide \u00abjueces naturales\u00bb y cuestion\u00f3 a los miembros de la oposici\u00f3n en la Magistratura","author":"Grupo Sierra","date":"12\/10\/2012","format":false,"excerpt":"El ministro de Justicia, Julio Alak, cuestion\u00f3 a los miembros de la oposici\u00f3n en el Consejo de la Magistratura y los acus\u00f3 de \"privar a los argentinos de tener un juez natural\". Los cuestionamientos fueron dirigidos a los miembros de la oposici\u00f3n en el Consejo de la Magistratura que ayer\u2026","rel":"","context":"En \u00abMedios\u00bb","block_context":{"text":"Medios","link":"https:\/\/www.24baires.com\/?cat=54"},"img":{"alt_text":"","src":"https:\/\/i0.wp.com\/www.24baires.com\/wp-content\/uploads\/2012\/10\/alak.jpg?resize=350%2C200","width":350,"height":200,"srcset":"https:\/\/i0.wp.com\/www.24baires.com\/wp-content\/uploads\/2012\/10\/alak.jpg?resize=350%2C200 1x, https:\/\/i0.wp.com\/www.24baires.com\/wp-content\/uploads\/2012\/10\/alak.jpg?resize=525%2C300 1.5x"},"classes":[]},{"id":11290,"url":"https:\/\/www.24baires.com\/?p=11290","url_meta":{"origin":7965,"position":5},"title":"Alak consider\u00f3 que la cautelar de la Sociedad Rural es \u00abotro caso de f\u00f3rum shopping\u00bb","author":"AF","date":"05\/01\/2013","format":false,"excerpt":"El ministro de Justicia, Julio Alak, anunci\u00f3 que el Poder Ejecutivo apelar\u00e1 el fallo \"disparatado\" de la C\u00e1mara Civil y Comercial que dio lugar a la cautelar presentada por la Sociedad Rural. \"Se est\u00e1 impugnando un acto del Estado absolutamente leg\u00edtimo\", sentenci\u00f3. El Gobierno recurrir\u00e1 este lunes a la medida\u2026","rel":"","context":"En \u00abPol\u00edtica\u00bb","block_context":{"text":"Pol\u00edtica","link":"https:\/\/www.24baires.com\/?cat=51"},"img":{"alt_text":"","src":"","width":0,"height":0},"classes":[]}],"jetpack_sharing_enabled":true,"jetpack_likes_enabled":true,"_links":{"self":[{"href":"https:\/\/www.24baires.com\/index.php?rest_route=\/wp\/v2\/posts\/7965","targetHints":{"allow":["GET"]}}],"collection":[{"href":"https:\/\/www.24baires.com\/index.php?rest_route=\/wp\/v2\/posts"}],"about":[{"href":"https:\/\/www.24baires.com\/index.php?rest_route=\/wp\/v2\/types\/post"}],"author":[{"embeddable":true,"href":"https:\/\/www.24baires.com\/index.php?rest_route=\/wp\/v2\/users\/11"}],"replies":[{"embeddable":true,"href":"https:\/\/www.24baires.com\/index.php?rest_route=%2Fwp%2Fv2%2Fcomments&post=7965"}],"version-history":[{"count":3,"href":"https:\/\/www.24baires.com\/index.php?rest_route=\/wp\/v2\/posts\/7965\/revisions"}],"predecessor-version":[{"id":7969,"href":"https:\/\/www.24baires.com\/index.php?rest_route=\/wp\/v2\/posts\/7965\/revisions\/7969"}],"wp:attachment":[{"href":"https:\/\/www.24baires.com\/index.php?rest_route=%2Fwp%2Fv2%2Fmedia&parent=7965"}],"wp:term":[{"taxonomy":"category","embeddable":true,"href":"https:\/\/www.24baires.com\/index.php?rest_route=%2Fwp%2Fv2%2Fcategories&post=7965"},{"taxonomy":"post_tag","embeddable":true,"href":"https:\/\/www.24baires.com\/index.php?rest_route=%2Fwp%2Fv2%2Ftags&post=7965"}],"curies":[{"name":"wp","href":"https:\/\/api.w.org\/{rel}","templated":true}]}}