{"id":7959,"date":"2012-12-05T13:51:44","date_gmt":"2012-12-05T16:51:44","guid":{"rendered":"http:\/\/www.24baires.com\/?p=7959"},"modified":"2012-12-05T11:21:58","modified_gmt":"2012-12-05T14:21:58","slug":"franco-caviglia-convivimos-con-la-violencia-como-con-el-amor","status":"publish","type":"post","link":"https:\/\/www.24baires.com\/?p=7959","title":{"rendered":"Franco Caviglia: \u201cConvivimos con la violencia como con el amor\u201d"},"content":{"rendered":"<p>El Diputado provincial del Frente para la Victoria, Franco Caviglia, expuso las caracter\u00edsticas de la Tercera Jornada de Violentolog\u00eda que se llevar\u00e1 a cabo en la C\u00e1mara de Diputados de la Provincia de Buenos Aires, y remarc\u00f3 la importancia de saber c\u00f3mo se manifiesta la violencia.<!--more--><\/p>\n<p>El legislador manifest\u00f3 sobre la Escuela de Violentolog\u00eda que \u201cla idea nace de una pregunta elemental y b\u00e1sica: \u00bfQu\u00e9 es la violencia?\u201d.<\/p>\n<p>\u201cNo hay un abordaje de la violencia desde el punto general, por eso nosotros, decidimos, ya hace 3 a\u00f1os, crear un campo aut\u00f3nomo de la violencia, no la violencia de g\u00e9nero, ni estructural, ni pol\u00edtica, sino aquella violencia sin adjetivaci\u00f3n\u201d, explic\u00f3 Caviglia.<\/p>\n<p>De ese modo, tambi\u00e9n resalt\u00f3 que \u201cen Diputados se cre\u00f3 una comisi\u00f3n de violentolog\u00eda\u201d, y plante\u00f3: \u201cNos tenemos que preguntar si la violencia ha aumentado o ha decrecido, cu\u00e1les ser\u00edan los mecanismos para que lleguemos a un marco de violencia tolerable, porque la violencia no se puede eliminar. Nosotros convivimos con la violencia, as\u00ed como con el amor\u201d.<\/p>\n<p>\u201cLa violencia es siempre la misma, queremos despojar lo te\u00f3rico. No tenemos la posibilidad de hacer un abordaje puro de la violencia, sin mediaci\u00f3n de los marcos te\u00f3ricos de las distintas disciplinas\u201d, indic\u00f3.<\/p>\n<p>A su vez, subray\u00f3: \u201cNo tenemos \u00edndices de delitos, estamos normalizando a ciegas y ese es uno de los principales d\u00e9ficit que tenemos\u201d.<\/p>\n<p>Por otro lado, en referencia a lo que puede ocurrir a partir del pr\u00f3ximo 7 de diciembre, cuando entre en total vigencia la denominada Ley de Medios, Caviglia se\u00f1al\u00f3: \u201cHay un camino a recorrer que no se puede solucionar de un d\u00eda para otro. No nos vamos a levantar el 7 por la ma\u00f1ana y vamos a ver una composici\u00f3n distinta en los medios, pero deber\u00eda existir colaboraci\u00f3n, una correspondencia de una normativa\u201d.<\/p>\n<p>\u201cSi bien a algunos los perjudica, es una normativa constitucional, para que no existan grupos dominantes, que no es bueno para ninguna democracia. Adem\u00e1s, el Grupo Clar\u00edn no ayuda en nada\u201d, agreg\u00f3.<\/p>\n<p>Por \u00faltimo, el Diputado dej\u00f3 sus sensaciones: \u201cNo vamos a ver un cambio sustantivo de un d\u00eda para el otro, pero Clar\u00edn no debe seguir discutiendo y peleando esto porque no tienen ninguna raz\u00f3n contra la ley\u201d.<\/p>\n","protected":false},"excerpt":{"rendered":"<p>El Diputado provincial del Frente para la Victoria, Franco Caviglia, expuso las caracter\u00edsticas de la Tercera Jornada de Violentolog\u00eda que se llevar\u00e1 a cabo en la C\u00e1mara de Diputados de la Provincia de Buenos Aires, y remarc\u00f3 la importancia de saber c\u00f3mo se manifiesta la violencia.<\/p>\n","protected":false},"author":4,"featured_media":0,"comment_status":"open","ping_status":"open","sticky":false,"template":"","format":"standard","meta":{"_jetpack_newsletter_access":"","_jetpack_dont_email_post_to_subs":false,"_jetpack_newsletter_tier_id":0,"_jetpack_memberships_contains_paywalled_content":false,"_jetpack_memberships_contains_paid_content":false,"footnotes":""},"categories":[1],"tags":[],"class_list":["post-7959","post","type-post","status-publish","format-standard","hentry","category-sociedad"],"jetpack_featured_media_url":"","jetpack_shortlink":"https:\/\/wp.me\/p2JWE0-24n","jetpack-related-posts":[{"id":96182,"url":"https:\/\/www.24baires.com\/?p=96182","url_meta":{"origin":7959,"position":0},"title":"Cambiemos logr\u00f3 dictamen de mayor\u00eda contra De Vido, pero el massismo no lo acompa\u00f1\u00f3","author":"Grupo Sierra","date":"25\/07\/2017","format":false,"excerpt":"Con 17 firmas, el oficialismo firm\u00f3 el despacho en la Comisi\u00f3n de Asuntos Constitucionales. A pesar del acuerdo previo, el massismo present\u00f3 su propio proyecto. El Frente para la Victoria-PJ y el Movimiento Evita presentaron sendas iniciativas de rechazo. Cambiemos se alz\u00f3 en la Comisi\u00f3n de Asuntos Constitucionales con el\u2026","rel":"","context":"En \u00abPol\u00edtica\u00bb","block_context":{"text":"Pol\u00edtica","link":"https:\/\/www.24baires.com\/?cat=51"},"img":{"alt_text":"","src":"https:\/\/i0.wp.com\/www.parlamentario.com\/ib\/028\/266.jpg?resize=350%2C200","width":350,"height":200,"srcset":"https:\/\/i0.wp.com\/www.parlamentario.com\/ib\/028\/266.jpg?resize=350%2C200 1x, https:\/\/i0.wp.com\/www.parlamentario.com\/ib\/028\/266.jpg?resize=525%2C300 1.5x"},"classes":[]},{"id":102866,"url":"https:\/\/www.24baires.com\/?p=102866","url_meta":{"origin":7959,"position":1},"title":"Un proyecto busca fomentar la inclusi\u00f3n laboral de v\u00edctimas de violencia de g\u00e9nero","author":"GB","date":"20\/06\/2018","format":false,"excerpt":"La iniciativa propone conceder un beneficio impositivo a las empresas que contraten a las mujeres que hayan sido v\u00edctimas de violencia de g\u00e9nero y puedan acreditar la constancia de su denuncia. La diputada provincial de Cambiemos Maricel Etchecoin present\u00f3 un proyecto de ley que busca \"fomentar la inclusi\u00f3n\" en el\u2026","rel":"","context":"En \u00abSociedad\u00bb","block_context":{"text":"Sociedad","link":"https:\/\/www.24baires.com\/?cat=1"},"img":{"alt_text":"","src":"https:\/\/i0.wp.com\/www.24baires.com\/wp-content\/uploads\/2018\/06\/ni-una-menos.jpg?resize=350%2C200","width":350,"height":200,"srcset":"https:\/\/i0.wp.com\/www.24baires.com\/wp-content\/uploads\/2018\/06\/ni-una-menos.jpg?resize=350%2C200 1x, https:\/\/i0.wp.com\/www.24baires.com\/wp-content\/uploads\/2018\/06\/ni-una-menos.jpg?resize=525%2C300 1.5x"},"classes":[]},{"id":9018,"url":"https:\/\/www.24baires.com\/?p=9018","url_meta":{"origin":7959,"position":2},"title":"Media sanci\u00f3n para el Juicio por Jurados en la Provincia de Buenos Aires","author":"Grupo Sierra","date":"13\/12\/2012","format":false,"excerpt":"Con el apoyo de la mayor\u00eda de los bloques que tienen representaci\u00f3n parlamentaria, la C\u00e1mara de Diputados de la Provincia de Buenos Aires, presidida por Horacio Gonz\u00e1lez, aprob\u00f3 en la sesi\u00f3n de esta tarde la implementaci\u00f3n del instituto del Juicio por Jurados, un mandato constitucional pendiente de ejecuci\u00f3n desde la\u2026","rel":"","context":"En \u00abProvincia\u00bb","block_context":{"text":"Provincia","link":"https:\/\/www.24baires.com\/?cat=40"},"img":{"alt_text":"","src":"","width":0,"height":0},"classes":[]},{"id":100944,"url":"https:\/\/www.24baires.com\/?p=100944","url_meta":{"origin":7959,"position":3},"title":"El Frente Renovador present\u00f3 un paquete de leyes contra la violencia de g\u00e9nero","author":"GB","date":"09\/03\/2018","format":false,"excerpt":"Comprende reparaciones econ\u00f3micas, creaci\u00f3n de fiscal\u00edas y campa\u00f1as de difusi\u00f3n y concientizaci\u00f3n sobre la problem\u00e1tica. El Frente Renovador bonaerense present\u00f3 un paquete de leyes contra la violencia de g\u00e9nero que comprende reparaciones econ\u00f3micas, creaci\u00f3n de fiscal\u00edas y campa\u00f1as de difusi\u00f3n y concientizaci\u00f3n sobre la problem\u00e1tica. Los proyectos fueron presentados por\u2026","rel":"","context":"En \u00abPol\u00edtica\u00bb","block_context":{"text":"Pol\u00edtica","link":"https:\/\/www.24baires.com\/?cat=51"},"img":{"alt_text":"","src":"https:\/\/i0.wp.com\/www.24baires.com\/wp-content\/uploads\/2015\/11\/ni-una-menos.jpg?resize=350%2C200","width":350,"height":200,"srcset":"https:\/\/i0.wp.com\/www.24baires.com\/wp-content\/uploads\/2015\/11\/ni-una-menos.jpg?resize=350%2C200 1x, https:\/\/i0.wp.com\/www.24baires.com\/wp-content\/uploads\/2015\/11\/ni-una-menos.jpg?resize=525%2C300 1.5x"},"classes":[]},{"id":106002,"url":"https:\/\/www.24baires.com\/?p=106002","url_meta":{"origin":7959,"position":4},"title":"Diputados dio media sanci\u00f3n a la \u201cLey Micaela\u201d contra la violencia de g\u00e9nero","author":"GB","date":"19\/12\/2018","format":false,"excerpt":"La iniciativa tuvo luz verde en la C\u00e1mara baja con 171 votos a favor y uno en contra del diputado Alfredo Olmedo. El proyecto plantea la capacitaci\u00f3n obligatoria en tem\u00e1tica de g\u00e9nero para todos los funcionarios p\u00fablicos de los tres poderes del Estado. La C\u00e1mara de Diputados dio media sanci\u00f3n\u2026","rel":"","context":"En \u00abPol\u00edtica\u00bb","block_context":{"text":"Pol\u00edtica","link":"https:\/\/www.24baires.com\/?cat=51"},"img":{"alt_text":"","src":"https:\/\/i0.wp.com\/www.24baires.com\/wp-content\/uploads\/2017\/04\/micaela-garc%C3%ADa.jpg?resize=350%2C200","width":350,"height":200,"srcset":"https:\/\/i0.wp.com\/www.24baires.com\/wp-content\/uploads\/2017\/04\/micaela-garc%C3%ADa.jpg?resize=350%2C200 1x, https:\/\/i0.wp.com\/www.24baires.com\/wp-content\/uploads\/2017\/04\/micaela-garc%C3%ADa.jpg?resize=525%2C300 1.5x"},"classes":[]},{"id":107502,"url":"https:\/\/www.24baires.com\/?p=107502","url_meta":{"origin":7959,"position":5},"title":"Presentan un proyecto de Ley de Emergencia por Violencia de G\u00e9nero","author":"AF","date":"03\/04\/2019","format":false,"excerpt":"La organizaci\u00f3n MuMaL\u00e1 enviar\u00e1 este mi\u00e9rcoles al recinto un documento que cuenta con m\u00e1s de 70 mil firmas. Registraron 72 v\u00edctimas en los primeros meses del a\u00f1o. \u00bfCu\u00e1les son los principales puntos del proyecto? Con el aval de m\u00e1s de 70 mil firmas y de varios diputados de la oposici\u00f3n,\u2026","rel":"","context":"En \u00abSociedad\u00bb","block_context":{"text":"Sociedad","link":"https:\/\/www.24baires.com\/?cat=1"},"img":{"alt_text":"","src":"https:\/\/i0.wp.com\/www.24baires.com\/wp-content\/uploads\/2017\/01\/militancia-de-genero.jpg?resize=350%2C200","width":350,"height":200,"srcset":"https:\/\/i0.wp.com\/www.24baires.com\/wp-content\/uploads\/2017\/01\/militancia-de-genero.jpg?resize=350%2C200 1x, https:\/\/i0.wp.com\/www.24baires.com\/wp-content\/uploads\/2017\/01\/militancia-de-genero.jpg?resize=525%2C300 1.5x"},"classes":[]}],"jetpack_sharing_enabled":true,"jetpack_likes_enabled":true,"_links":{"self":[{"href":"https:\/\/www.24baires.com\/index.php?rest_route=\/wp\/v2\/posts\/7959","targetHints":{"allow":["GET"]}}],"collection":[{"href":"https:\/\/www.24baires.com\/index.php?rest_route=\/wp\/v2\/posts"}],"about":[{"href":"https:\/\/www.24baires.com\/index.php?rest_route=\/wp\/v2\/types\/post"}],"author":[{"embeddable":true,"href":"https:\/\/www.24baires.com\/index.php?rest_route=\/wp\/v2\/users\/4"}],"replies":[{"embeddable":true,"href":"https:\/\/www.24baires.com\/index.php?rest_route=%2Fwp%2Fv2%2Fcomments&post=7959"}],"version-history":[{"count":1,"href":"https:\/\/www.24baires.com\/index.php?rest_route=\/wp\/v2\/posts\/7959\/revisions"}],"predecessor-version":[{"id":7960,"href":"https:\/\/www.24baires.com\/index.php?rest_route=\/wp\/v2\/posts\/7959\/revisions\/7960"}],"wp:attachment":[{"href":"https:\/\/www.24baires.com\/index.php?rest_route=%2Fwp%2Fv2%2Fmedia&parent=7959"}],"wp:term":[{"taxonomy":"category","embeddable":true,"href":"https:\/\/www.24baires.com\/index.php?rest_route=%2Fwp%2Fv2%2Fcategories&post=7959"},{"taxonomy":"post_tag","embeddable":true,"href":"https:\/\/www.24baires.com\/index.php?rest_route=%2Fwp%2Fv2%2Ftags&post=7959"}],"curies":[{"name":"wp","href":"https:\/\/api.w.org\/{rel}","templated":true}]}}