{"id":7955,"date":"2012-12-05T08:50:49","date_gmt":"2012-12-05T11:50:49","guid":{"rendered":"http:\/\/www.24baires.com\/?p=7955"},"modified":"2012-12-05T14:12:30","modified_gmt":"2012-12-05T17:12:30","slug":"parque-pereyra-realizan-prueba-piloto-para-producir-alimentos-agroecologicos","status":"publish","type":"post","link":"https:\/\/www.24baires.com\/?p=7955","title":{"rendered":"Parque Pereyra: realizan prueba piloto para producir alimentos agroecol\u00f3gicos"},"content":{"rendered":"<p>El ministro de Asuntos Agrarios, Gustavo Arrieta, recibi\u00f3 a los miembros de la Asociaci\u00f3n de Medieros y Afines (ASOMA) con quienes repas\u00f3 el trabajo realizado durante el 2012 y proyect\u00f3 acciones para el pr\u00f3ximo a\u00f1o.<!--more--><br \/>\n\u201cLos peque\u00f1os productores aqu\u00ed representados son la cabal personificaci\u00f3n del sujeto agrario que con trabajo y d\u00eda a d\u00eda consigue generar valor y aportar una importante cuota a la producci\u00f3n de la Provincia\u201d, explic\u00f3 el ministro durante el encuentro.<br \/>\nLa Asociaci\u00f3n de Medieros y Afines es una organizaci\u00f3n que nuclea a campesinos pobres y medios, peque\u00f1os productores de verduras y flores de las Quintas que rodean a la ciudad de La Plata. Su slogan es \u201cNo tenemos tierras propias, alquilamos o trabajamos como medianeros o porcentajeros que son distintas formas de aparcer\u00eda rural. Somos originarios, criollos y hermanos de pa\u00edses vecinos\u201d.<br \/>\nCabe recordar que adem\u00e1s del seguimiento de los planes volcados en la entidad y la asistencia vertida en ocasi\u00f3n de las inclemencias clim\u00e1ticas, el titular de la cartera agraria proyect\u00f3 el desarrollo de un particular programa para implementarse en el parque Pereyra Iraola. Se trata de una prueba piloto que se realizar\u00e1 sobre extensiones recuperadas para la producci\u00f3n comunitaria en el predio, pero que se regir\u00e1n siguiendo los c\u00e1nones internacionales de la agroecolog\u00eda.<br \/>\n\u201cTenemos la posibilidad de focalizar en un espacio controlado las pr\u00e1cticas agroecol\u00f3gicas y a la vez constituir asociaciones y cooperativas de producci\u00f3n comunitaria. Estamos convencidos de que la producci\u00f3n ecol\u00f3gica y social pueden y deben ir de la mano\u201d, sintetiz\u00f3 el ministro que luego agreg\u00f3: \u201cllevados por el imperativo del Programa Agroalimentario Nacional dise\u00f1ado por la presidenta Cristina Fern\u00e1ndez de Kirchner y de acuerdo al mandato que nos da nuestro gobernador Daniel Scioli, profundizaremos en esta oportunidad en el agregado de valor en origen, produciendo riqueza que sea concebida con car\u00e1cter distributivo desde sus inicios\u201d.<br \/>\nAl finalizar el encuentro, el ministro Arrieta instruy\u00f3 a miembros de su gabinete para que inicien los pasos administrativos necesarios para poner en marcha el proyecto en el pr\u00f3ximo 2013.<\/p>\n","protected":false},"excerpt":{"rendered":"<p>El ministro de Asuntos Agrarios, Gustavo Arrieta, recibi\u00f3 a los miembros de la Asociaci\u00f3n de Medieros y Afines (ASOMA) con quienes repas\u00f3 el trabajo realizado durante el 2012 y proyect\u00f3 acciones para el pr\u00f3ximo a\u00f1o.<\/p>\n","protected":false},"author":4,"featured_media":0,"comment_status":"open","ping_status":"open","sticky":false,"template":"","format":"standard","meta":{"_jetpack_newsletter_access":"","_jetpack_dont_email_post_to_subs":false,"_jetpack_newsletter_tier_id":0,"_jetpack_memberships_contains_paywalled_content":false,"_jetpack_memberships_contains_paid_content":false,"footnotes":""},"categories":[1],"tags":[],"class_list":["post-7955","post","type-post","status-publish","format-standard","hentry","category-sociedad"],"jetpack_featured_media_url":"","jetpack_shortlink":"https:\/\/wp.me\/p2JWE0-24j","jetpack-related-posts":[{"id":92404,"url":"https:\/\/www.24baires.com\/?p=92404","url_meta":{"origin":7955,"position":0},"title":"Productores de la regi\u00f3n marchan a la Gobernaci\u00f3n por la falta de soluciones","author":"AF","date":"15\/02\/2017","format":false,"excerpt":"Las organizaciones, asociaciones y cooperativas del sector hort\u00edcola del cord\u00f3n de La Plata-Florencio Varela-Berazategui, marchar\u00e1n este mi\u00e9rcoles a la Gobernaci\u00f3n de la provincia, donde esperan ser recibidos por Mar\u00eda Eugenia Vidal, para buscar a una soluci\u00f3n a la crisis que viven tras los destrozos por el temporal de domingo 5\u2026","rel":"","context":"En \u00abSociedad\u00bb","block_context":{"text":"Sociedad","link":"https:\/\/www.24baires.com\/?cat=1"},"img":{"alt_text":"","src":"https:\/\/i0.wp.com\/www.24baires.com\/wp-content\/uploads\/2017\/02\/productores.jpg?resize=350%2C200","width":350,"height":200,"srcset":"https:\/\/i0.wp.com\/www.24baires.com\/wp-content\/uploads\/2017\/02\/productores.jpg?resize=350%2C200 1x, https:\/\/i0.wp.com\/www.24baires.com\/wp-content\/uploads\/2017\/02\/productores.jpg?resize=525%2C300 1.5x"},"classes":[]},{"id":50532,"url":"https:\/\/www.24baires.com\/?p=50532","url_meta":{"origin":7955,"position":1},"title":"Scioli, cada vez m\u00e1s cerca del campo","author":"Grupo Sierra","date":"25\/07\/2014","format":false,"excerpt":"El gobernador bonaerense destac\u00f3 hoy que \"es un sector clave y estrat\u00e9gico para el desarrollo de nuestro pa\u00eds\", y resalt\u00f3 su afinidad con Eduardo Buzzi. Consultado por una emisora radial respecto a sus perspectivas de cara al futuro, el gobernador present\u00f3 \"una idea central de integrar el campo de la\u2026","rel":"","context":"En \u00abPol\u00edtica\u00bb","block_context":{"text":"Pol\u00edtica","link":"https:\/\/www.24baires.com\/?cat=51"},"img":{"alt_text":"Scioli clima politico","src":"https:\/\/i0.wp.com\/www.24baires.com\/wp-content\/uploads\/2012\/10\/Scioli-clima-politico.jpg?resize=350%2C200","width":350,"height":200,"srcset":"https:\/\/i0.wp.com\/www.24baires.com\/wp-content\/uploads\/2012\/10\/Scioli-clima-politico.jpg?resize=350%2C200 1x, https:\/\/i0.wp.com\/www.24baires.com\/wp-content\/uploads\/2012\/10\/Scioli-clima-politico.jpg?resize=525%2C300 1.5x"},"classes":[]},{"id":113681,"url":"https:\/\/www.24baires.com\/?p=113681","url_meta":{"origin":7955,"position":2},"title":"Kicillof se reuni\u00f3 con productores agropecuarios de la Provincia","author":"GB","date":"05\/01\/2020","format":false,"excerpt":"El gobernador y el ministro de Desarrollo Agrario tuvieron una reuni\u00f3n con representantes de la producci\u00f3n rural bonaerense. Este viernes, el gobernador de la provincia de Buenos Aires, Axel Kicillof, y el ministro de Desarrollo Agrario, Javier Rodr\u00edguez, mantuvieron un encuentro en el Parque Pereyra Iraola con representantes de peque\u00f1os\u2026","rel":"","context":"En \u00abProvincia\u00bb","block_context":{"text":"Provincia","link":"https:\/\/www.24baires.com\/?cat=40"},"img":{"alt_text":"","src":"https:\/\/i0.wp.com\/www.24baires.com\/wp-content\/uploads\/2020\/01\/kicillof-agropecuario.jpeg?resize=350%2C200","width":350,"height":200,"srcset":"https:\/\/i0.wp.com\/www.24baires.com\/wp-content\/uploads\/2020\/01\/kicillof-agropecuario.jpeg?resize=350%2C200 1x, https:\/\/i0.wp.com\/www.24baires.com\/wp-content\/uploads\/2020\/01\/kicillof-agropecuario.jpeg?resize=525%2C300 1.5x"},"classes":[]},{"id":115841,"url":"https:\/\/www.24baires.com\/?p=115841","url_meta":{"origin":7955,"position":3},"title":"Kicillof volvi\u00f3 a reunir a las entidades del campo","author":"GB","date":"04\/08\/2020","format":false,"excerpt":"El mandatario propuso trabajar en pos de la integraci\u00f3n productiva, industrial y regional de la provincia y los productores agropecuarios coincidieron en la importancia de fortalecer los \u00e1mbitos de dialogo. El gobernador Axel Kicillof, encabez\u00f3, junto al ministro de Desarrollo Agrario, Javier Rodr\u00edguez, el encuentro de la Mesa Agropecuaria provincial,\u2026","rel":"","context":"En \u00abProvincia\u00bb","block_context":{"text":"Provincia","link":"https:\/\/www.24baires.com\/?cat=40"},"img":{"alt_text":"","src":"https:\/\/i0.wp.com\/www.24baires.com\/wp-content\/uploads\/2020\/08\/kici-campo.jpg?resize=350%2C200","width":350,"height":200,"srcset":"https:\/\/i0.wp.com\/www.24baires.com\/wp-content\/uploads\/2020\/08\/kici-campo.jpg?resize=350%2C200 1x, https:\/\/i0.wp.com\/www.24baires.com\/wp-content\/uploads\/2020\/08\/kici-campo.jpg?resize=525%2C300 1.5x"},"classes":[]},{"id":118692,"url":"https:\/\/www.24baires.com\/?p=118692","url_meta":{"origin":7955,"position":4},"title":"Provincia firm\u00f3 convenios para potenciar la producci\u00f3n sustentable de alimentos","author":"GB","date":"30\/03\/2022","format":false,"excerpt":"Fue en una reuni\u00f3n encabezada por el gobernador Axel Kicillof y el ministro de Desarrollo Agrario, Javier Rodr\u00edguez. El gobernador de la provincia de Buenos Aires, Axel Kicillof, junto al ministro de Desarrollo Agrario, Javier Rodr\u00edguez, firm\u00f3 un memorando de entendimiento con el representante de la Organizaci\u00f3n de las Naciones\u2026","rel":"","context":"En \u00abProvincia\u00bb","block_context":{"text":"Provincia","link":"https:\/\/www.24baires.com\/?cat=40"},"img":{"alt_text":"","src":"https:\/\/i0.wp.com\/www.24baires.com\/wp-content\/uploads\/2022\/03\/Kici-300x214.jpg?resize=350%2C200","width":350,"height":200},"classes":[]},{"id":28772,"url":"https:\/\/www.24baires.com\/?p=28772","url_meta":{"origin":7955,"position":5},"title":"Reuni\u00f3n clave entre gobierno provincial y transportistas","author":"AF","date":"23\/07\/2013","format":false,"excerpt":"La Comisi\u00f3n de Cargas fue convocada para las 12.30 por el gobierno bonaerense. Los transportistas llegar\u00e1n con el pedido de suba de tarifas que reclaman los empresarios de la Asociaci\u00f3n de Transportistas de Cereales y Afines por sus Derechos (Atcade) y la Asociaci\u00f3n de Transportistas de Oleaginosas y Afines (Atcoa).\u2026","rel":"","context":"En \u00abSociedad\u00bb","block_context":{"text":"Sociedad","link":"https:\/\/www.24baires.com\/?cat=1"},"img":{"alt_text":"","src":"","width":0,"height":0},"classes":[]}],"jetpack_sharing_enabled":true,"jetpack_likes_enabled":true,"_links":{"self":[{"href":"https:\/\/www.24baires.com\/index.php?rest_route=\/wp\/v2\/posts\/7955","targetHints":{"allow":["GET"]}}],"collection":[{"href":"https:\/\/www.24baires.com\/index.php?rest_route=\/wp\/v2\/posts"}],"about":[{"href":"https:\/\/www.24baires.com\/index.php?rest_route=\/wp\/v2\/types\/post"}],"author":[{"embeddable":true,"href":"https:\/\/www.24baires.com\/index.php?rest_route=\/wp\/v2\/users\/4"}],"replies":[{"embeddable":true,"href":"https:\/\/www.24baires.com\/index.php?rest_route=%2Fwp%2Fv2%2Fcomments&post=7955"}],"version-history":[{"count":3,"href":"https:\/\/www.24baires.com\/index.php?rest_route=\/wp\/v2\/posts\/7955\/revisions"}],"predecessor-version":[{"id":7975,"href":"https:\/\/www.24baires.com\/index.php?rest_route=\/wp\/v2\/posts\/7955\/revisions\/7975"}],"wp:attachment":[{"href":"https:\/\/www.24baires.com\/index.php?rest_route=%2Fwp%2Fv2%2Fmedia&parent=7955"}],"wp:term":[{"taxonomy":"category","embeddable":true,"href":"https:\/\/www.24baires.com\/index.php?rest_route=%2Fwp%2Fv2%2Fcategories&post=7955"},{"taxonomy":"post_tag","embeddable":true,"href":"https:\/\/www.24baires.com\/index.php?rest_route=%2Fwp%2Fv2%2Ftags&post=7955"}],"curies":[{"name":"wp","href":"https:\/\/api.w.org\/{rel}","templated":true}]}}