{"id":7952,"date":"2012-12-05T12:41:48","date_gmt":"2012-12-05T15:41:48","guid":{"rendered":"http:\/\/www.24baires.com\/?p=7952"},"modified":"2012-12-05T11:13:40","modified_gmt":"2012-12-05T14:13:40","slug":"provincia-y-padres-bonaerenses-trabajan-para-generar-noches-seguras-en-la-temporada","status":"publish","type":"post","link":"https:\/\/www.24baires.com\/?p=7952","title":{"rendered":"Provincia y padres bonaerenses trabajan para generar noches seguras en la temporada"},"content":{"rendered":"<p>Este verano, la provincia de Buenos Aires apostar\u00e1 a la sensibilizaci\u00f3n de los padres bonaerenses con el fin de lograr una noche segura para los j\u00f3venes en las localidades balnearias durante la temporada. Por eso, la Fundaci\u00f3n Proyecto Padres realiz\u00f3 en Mar del Plata el primer Pre Congreso para Padres con Compromiso Social.<!--more--><\/p>\n<p>\u201cLos j\u00f3venes, su bienestar y su seguridad cuando no est\u00e1n en sus casas, son una responsabilidad del Estado, pero tambi\u00e9n una responsabilidad de los padres y de toda la sociedad. Si realmente queremos generar un cambio cultural en nuestra juventud debemos involucrarnos\u201d, afirm\u00f3 hoy el ministro de Salud de la Provincia, Alejandro Collia, y explic\u00f3 que \u201cbuscamos que los padres tengan un rol fundamental en la temporada de verano: entendemos que no hay nadie mejor que un padre para velar por su hijo\u201d.<\/p>\n<p>El primer Pre Congreso para Padres se realiz\u00f3 en el CEMA de Mar del Plata y participaron unas 100 personas, entre padres marplatenses, autoridades sanitarias y participantes de la Fundaci\u00f3n Proyecto Padres. \u201cEstos encuentros con padres los vamos a seguir haciendo en otras localidades balnearias, con el objetivo de realizar un gran congreso durante enero\u201d, explic\u00f3 Collia.<\/p>\n<p>En efecto, el lunes 17 se realizar\u00e1 un encuentro en Villa Gesell y el 18 en Monte Hermoso. Ser\u00e1n encuentros previos al Congreso general para padres que se realizar\u00e1 el 8 de enero en Mar del Plata en el escenario del paseo Hermitage.<\/p>\n<p>La idea es sumar una arista m\u00e1s a las acciones que realiza el ministerio de Salud, a trav\u00e9s de la subsecretar\u00eda de Atenci\u00f3n de las Adicciones, para hacer cumplir la ley de nocturnidad vigente (14.051). Hasta ahora, y en vista del inicio de la temporada de verano, el ministerio increment\u00f3 la cantidad de controles en bares y boliches y se reuni\u00f3 con los empresarios bolicheros con el fin de pedir su colaboraci\u00f3n en la tarea de mejorar la nocturnidad.<\/p>\n<p>Ahora se suman los padres a este pedido. El titular de la Fundaci\u00f3n Proyecto Padres, Adri\u00e1n Dall\u2019Asta, afirm\u00f3: \u201cLos padres solos no podemos con el problema de consumo que tenemos actualmente, donde tomar en exceso se asocia a pasarla bien, y el Estado tampoco puede ser efectivo en el control si nosotros no ayudamos\u201d.<\/p>\n<p>Dall\u2019Asta viene trabajando en el rol c\u00edvico de los padres hace varios a\u00f1os. \u201cDe alguna manera todos somos padres y debemos ser padres socialmente responsables, no mirar para otro lado si vemos c\u00f3mo le venden alcohol a un menor que podr\u00eda ser nuestro hijo\u201d.<\/p>\n<p>La Fundaci\u00f3n apuesta a la capacitaci\u00f3n y sensibilizaci\u00f3n de padres comprometidos, que se encarguen de denunciar los expendios de venta de alcohol ilegales, o los boliches que dejan entrar a menores, los mercados o almacenes que venden alcohol sin pedir DNI, por ejemplo.<\/p>\n<p>\u201cCon el apoyo de la sociedad es mucho m\u00e1s simple cambiar h\u00e1bitos en nuestros j\u00f3venes y generar una previa sana antes del boliche y el menor consumo de alcohol en el verano, para que los j\u00f3venes realmente disfruten de las vacaciones y los padres puedan dormir tranquilos\u201d, concluy\u00f3 Collia.<\/p>\n<p><strong>INSPECCIONES Y CLAUSURAS EN LA NOCHE<br \/>\n<\/strong><br \/>\nEn el Pre Congreso tambi\u00e9n se presentaron los datos de los operativos de nocturnidad realizados por el Reba en lo que va del a\u00f1o: m\u00e1s de 10.300 comercios inspeccionados en la Provincia, de los cuales m\u00e1s del 10 por ciento fue clausurado por infringir la ley de nocturnidad. Una de las infracciones m\u00e1s recurrentes es la venta de alcohol a menores.<\/p>\n<p>S\u00f3lo durante noviembre y lo que va de diciembre se inspeccionaron un total de 372 bares, boliches y comercios (restaurantes, parrillas, almacenes) que expenden alcohol: de esa cifra 70 fueron clausurados y 30 intimados, por infringir la ley de nocturnidad.<\/p>\n<p>\u201cEl objetivo es cuidar a nuestros chicos. Sabemos que para terminar con el consumo excesivo de alcohol en la juventud es necesario un cambio cultural y que nosotros tenemos que estar presentes en la noche para ver que los adultos cumplan las reglas\u201d, afirm\u00f3 Collia, tras conocer el balance del trabajo realizado por la subsecretar\u00eda de Atenci\u00f3n a las Adicciones.<\/p>\n","protected":false},"excerpt":{"rendered":"<p>Este verano, la provincia de Buenos Aires apostar\u00e1 a la sensibilizaci\u00f3n de los padres bonaerenses con el fin de lograr una noche segura para los j\u00f3venes en las localidades balnearias durante la temporada. Por eso, la Fundaci\u00f3n Proyecto Padres realiz\u00f3 en Mar del Plata el primer Pre Congreso para Padres con Compromiso Social.<\/p>\n","protected":false},"author":4,"featured_media":0,"comment_status":"open","ping_status":"open","sticky":false,"template":"","format":"standard","meta":{"_jetpack_newsletter_access":"","_jetpack_dont_email_post_to_subs":false,"_jetpack_newsletter_tier_id":0,"_jetpack_memberships_contains_paywalled_content":false,"_jetpack_memberships_contains_paid_content":false,"footnotes":""},"categories":[1],"tags":[],"class_list":["post-7952","post","type-post","status-publish","format-standard","hentry","category-sociedad"],"jetpack_featured_media_url":"","jetpack_shortlink":"https:\/\/wp.me\/p2JWE0-24g","jetpack-related-posts":[{"id":57505,"url":"https:\/\/www.24baires.com\/?p=57505","url_meta":{"origin":7952,"position":0},"title":"Scioli estuvo en Sierra de los Padres y adelant\u00f3 algunas propuestas para el verano","author":"GB","date":"21\/11\/2014","format":false,"excerpt":"Al recorrer una planta embotelladora de agua en Sierra de los Padres, el gobernador bonaerense adelant\u00f3 algunas propuestas de la Provincia para el receso estival. \u201cNos estamos preparando para cuidar al turista, con una agenda muy intensa en estos lugares tradicionales y muy convocantes para las familias de todo el\u2026","rel":"","context":"En \u00abProvincia\u00bb","block_context":{"text":"Provincia","link":"https:\/\/www.24baires.com\/?cat=40"},"img":{"alt_text":"scioli sierra de los padres","src":"https:\/\/i0.wp.com\/www.24baires.com\/wp-content\/uploads\/2014\/11\/scioli-sierra-de-los-padres.jpg?resize=350%2C200","width":350,"height":200,"srcset":"https:\/\/i0.wp.com\/www.24baires.com\/wp-content\/uploads\/2014\/11\/scioli-sierra-de-los-padres.jpg?resize=350%2C200 1x, https:\/\/i0.wp.com\/www.24baires.com\/wp-content\/uploads\/2014\/11\/scioli-sierra-de-los-padres.jpg?resize=525%2C300 1.5x"},"classes":[]},{"id":11094,"url":"https:\/\/www.24baires.com\/?p=11094","url_meta":{"origin":7952,"position":1},"title":"La Provincia dispuso acciones preventivas para proteger a j\u00f3venes que veranean solos","author":"AF","date":"03\/01\/2013","format":false,"excerpt":"La Secretar\u00eda de Ni\u00f1ez y Adolescencia bonaerense, en el marco de los servicios al turista denominados \u201cBuenos Aires Arena\u201d, dispuso que grupos de operadores de calle, especialistas en la promoci\u00f3n y protecci\u00f3n de derechos, cumplan distintas tareas preventivas en distintos puntos de Mar del Plata y otros destinos tur\u00edsticos de\u2026","rel":"","context":"En \u00abSociedad\u00bb","block_context":{"text":"Sociedad","link":"https:\/\/www.24baires.com\/?cat=1"},"img":{"alt_text":"","src":"","width":0,"height":0},"classes":[]},{"id":9843,"url":"https:\/\/www.24baires.com\/?p=9843","url_meta":{"origin":7952,"position":2},"title":"Contin\u00faan los encuentros entre padres para controlar la nocturnidad esta temporada","author":"AF","date":"20\/12\/2012","format":false,"excerpt":"La Subsecretar\u00eda de Atenci\u00f3n a las Adicciones (SADA) y la municipalidad de La Costa realizaron un Pre Congreso de Padres en la localidad de Costa del Este, en el marco de las tareas emprendidas por la provincia de Buenos Aires para disminuir los riesgos de la nocturnidad y los excesos\u2026","rel":"","context":"En \u00abSociedad\u00bb","block_context":{"text":"Sociedad","link":"https:\/\/www.24baires.com\/?cat=1"},"img":{"alt_text":"pre congreso","src":"https:\/\/i0.wp.com\/www.24baires.com\/wp-content\/uploads\/2012\/12\/pre-congreso-300x185.jpg?resize=350%2C200","width":350,"height":200},"classes":[]},{"id":27626,"url":"https:\/\/www.24baires.com\/?p=27626","url_meta":{"origin":7952,"position":3},"title":"La Plata: impulsan ordenanza para que padres paguen los destrozos urbanos de sus hijos","author":"AF","date":"05\/07\/2013","format":false,"excerpt":"La Municipalidad de La Plata promueve una ordenanza que multe o pene con tareas comunitarias a padres cuyos hijos realicen destrozos en la v\u00eda p\u00fablica. La iniciativa de la Secretar\u00eda de Seguridad Ciudadana apunta a la responsabilidad de los padres por conductas inadecuadas de sus hijos, explic\u00f3 su titular, Susana\u2026","rel":"","context":"En \u00abLocales\u00bb","block_context":{"text":"Locales","link":"https:\/\/www.24baires.com\/?cat=38"},"img":{"alt_text":"","src":"","width":0,"height":0},"classes":[]},{"id":119038,"url":"https:\/\/www.24baires.com\/?p=119038","url_meta":{"origin":7952,"position":4},"title":"El  67 % de los padres de la Provincia no cumplen con la cuota alimentaria","author":"GB","date":"30\/06\/2022","format":false,"excerpt":"El ministerio de G\u00e9neros, Mujeres y Diversidad Sexual de la Provincia present\u00f3 el primer informe sobre la obligaci\u00f3n alimentaria en el territorio bonaerense, que devel\u00f3 que el 67% de los padres no cumplen con la cuota alimentaria. Este mi\u00e9rcoles, el ministerio de Mujeres, G\u00e9neros y Diversidad Sexual de la Provincia,\u2026","rel":"","context":"En \u00abProvincia\u00bb","block_context":{"text":"Provincia","link":"https:\/\/www.24baires.com\/?cat=40"},"img":{"alt_text":"","src":"https:\/\/i0.wp.com\/www.24baires.com\/wp-content\/uploads\/2022\/06\/padres-separados-madre-cuota-alimentaria-1024x559-1.jpg?resize=350%2C200","width":350,"height":200,"srcset":"https:\/\/i0.wp.com\/www.24baires.com\/wp-content\/uploads\/2022\/06\/padres-separados-madre-cuota-alimentaria-1024x559-1.jpg?resize=350%2C200 1x, https:\/\/i0.wp.com\/www.24baires.com\/wp-content\/uploads\/2022\/06\/padres-separados-madre-cuota-alimentaria-1024x559-1.jpg?resize=525%2C300 1.5x, https:\/\/i0.wp.com\/www.24baires.com\/wp-content\/uploads\/2022\/06\/padres-separados-madre-cuota-alimentaria-1024x559-1.jpg?resize=700%2C400 2x"},"classes":[]},{"id":12433,"url":"https:\/\/www.24baires.com\/?p=12433","url_meta":{"origin":7952,"position":5},"title":"Collia: \u201cNecesitamos que los padres acompa\u00f1en en la prevenci\u00f3n del alcoholismo\u00bb","author":"AF","date":"16\/01\/2013","format":false,"excerpt":"El ministro de Salud de la Provincia de Buenos Aires, Alejandro Collia, encabez\u00f3 en la noche del martes el Congreso para Padres que se llev\u00f3 a cabo en el escenario \u201cBuenos Aires Arena\u201d, en Mar del Plata, con un llamado al di\u00e1logo entre adultos y adolescentes que deje en claro\u2026","rel":"","context":"En \u00abSociedad\u00bb","block_context":{"text":"Sociedad","link":"https:\/\/www.24baires.com\/?cat=1"},"img":{"alt_text":"","src":"","width":0,"height":0},"classes":[]}],"jetpack_sharing_enabled":true,"jetpack_likes_enabled":true,"_links":{"self":[{"href":"https:\/\/www.24baires.com\/index.php?rest_route=\/wp\/v2\/posts\/7952","targetHints":{"allow":["GET"]}}],"collection":[{"href":"https:\/\/www.24baires.com\/index.php?rest_route=\/wp\/v2\/posts"}],"about":[{"href":"https:\/\/www.24baires.com\/index.php?rest_route=\/wp\/v2\/types\/post"}],"author":[{"embeddable":true,"href":"https:\/\/www.24baires.com\/index.php?rest_route=\/wp\/v2\/users\/4"}],"replies":[{"embeddable":true,"href":"https:\/\/www.24baires.com\/index.php?rest_route=%2Fwp%2Fv2%2Fcomments&post=7952"}],"version-history":[{"count":2,"href":"https:\/\/www.24baires.com\/index.php?rest_route=\/wp\/v2\/posts\/7952\/revisions"}],"predecessor-version":[{"id":7954,"href":"https:\/\/www.24baires.com\/index.php?rest_route=\/wp\/v2\/posts\/7952\/revisions\/7954"}],"wp:attachment":[{"href":"https:\/\/www.24baires.com\/index.php?rest_route=%2Fwp%2Fv2%2Fmedia&parent=7952"}],"wp:term":[{"taxonomy":"category","embeddable":true,"href":"https:\/\/www.24baires.com\/index.php?rest_route=%2Fwp%2Fv2%2Fcategories&post=7952"},{"taxonomy":"post_tag","embeddable":true,"href":"https:\/\/www.24baires.com\/index.php?rest_route=%2Fwp%2Fv2%2Ftags&post=7952"}],"curies":[{"name":"wp","href":"https:\/\/api.w.org\/{rel}","templated":true}]}}