{"id":7948,"date":"2012-12-05T12:17:07","date_gmt":"2012-12-05T15:17:07","guid":{"rendered":"http:\/\/www.24baires.com\/?p=7948"},"modified":"2012-12-05T11:22:36","modified_gmt":"2012-12-05T14:22:36","slug":"mar-chiquita-le-dio-la-bienvenida-a-la-temporada-de-verano-2013","status":"publish","type":"post","link":"https:\/\/www.24baires.com\/?p=7948","title":{"rendered":"Mar Chiquita le dio la bienvenida a la temporada de verano 2013"},"content":{"rendered":"<p><img data-recalc-dims=\"1\" loading=\"lazy\" decoding=\"async\" class=\"alignleft size-medium wp-image-7949\" title=\"mar chiquita verano 2013\" src=\"https:\/\/i0.wp.com\/www.24baires.com\/wp-content\/uploads\/2012\/12\/mar-chiquita-verano-2013.jpg?resize=300%2C191\" alt=\"\" width=\"300\" height=\"191\" srcset=\"https:\/\/i0.wp.com\/www.24baires.com\/wp-content\/uploads\/2012\/12\/mar-chiquita-verano-2013.jpg?resize=300%2C191&amp;ssl=1 300w, https:\/\/i0.wp.com\/www.24baires.com\/wp-content\/uploads\/2012\/12\/mar-chiquita-verano-2013.jpg?w=560&amp;ssl=1 560w\" sizes=\"auto, (max-width: 300px) 100vw, 300px\" \/>El municipio dio comienzo a la temporada de verano y se convirti\u00f3 as\u00ed en la primera localidad balnearia en hacerlo, acompa\u00f1ada por la secretar\u00eda de Turismo de la Provincia, a cargo de Ignacio Crotto. La jornada inaugural finaliz\u00f3 en el balneario Costa Corvina, donde hubo sorpresas gastron\u00f3micas, puestos artesanales, sorteos y espect\u00e1culos musicales.<!--more--><br \/>\nEn la oportunidad, el subsecretario Roberto Diego D\u00edaz acompa\u00f1\u00f3 el evento junto al intendente local, Jorge Paredi; al subsecretario de Asuntos Municipales, Marcelo sosa y el Secretario de Turismo, Deportes y Desarrollo Social (de Mar Chquita), Armando Echevarr\u00eda.<\/p>\n<p>Para la ocasi\u00f3n se realiz\u00f3 un recorrido por la costa santaclarense, que fue encabezada por el jefe comunal y cont\u00f3 con la participaci\u00f3n de instituciones intermedias, guardavidas, pescadores embarcados, escuelas de surf y deportistas locales.<\/p>\n<p>En el marco de la apertura, el subsecretario de Turismo, expres\u00f3 que \u201cdesde el gobierno provincial estamos seguros que esta temporada ser\u00e1 muy buena\u201d y llev\u00f3 el saludo a toda la comunidad del gobernador Daniel Scioli y el secretario Ignacio Crotto \u201cque brindan todo el acompa\u00f1amiento\u201d.<\/p>\n<p>Adem\u00e1s, manifest\u00f3 que en el marco de la gira nacional de promoci\u00f3n que realiza la Provincia, \u201crescatamos un percepci\u00f3n positiva por la cantidad de gente que tiene decidido viajar a la Costa Atl\u00e1ntica\u201d.<\/p>\n","protected":false},"excerpt":{"rendered":"<p>El municipio dio comienzo a la temporada de verano y se convirti\u00f3 as\u00ed en la primera localidad balnearia en hacerlo, acompa\u00f1ada por la secretar\u00eda de Turismo de la Provincia, a cargo de Ignacio Crotto. La jornada inaugural finaliz\u00f3 en el balneario Costa Corvina, donde hubo sorpresas gastron\u00f3micas, puestos artesanales, sorteos y espect\u00e1culos musicales.<\/p>\n","protected":false},"author":4,"featured_media":0,"comment_status":"open","ping_status":"open","sticky":false,"template":"","format":"standard","meta":{"_jetpack_newsletter_access":"","_jetpack_dont_email_post_to_subs":false,"_jetpack_newsletter_tier_id":0,"_jetpack_memberships_contains_paywalled_content":false,"_jetpack_memberships_contains_paid_content":false,"footnotes":""},"categories":[38],"tags":[],"class_list":["post-7948","post","type-post","status-publish","format-standard","hentry","category-locales"],"jetpack_featured_media_url":"","jetpack_shortlink":"https:\/\/wp.me\/p2JWE0-24c","jetpack-related-posts":[{"id":122689,"url":"https:\/\/www.24baires.com\/?p=122689","url_meta":{"origin":7948,"position":0},"title":"Provincia lanza promociones y cr\u00e9ditos para reactivar el turismo","author":"GB","date":"06\/11\/2025","format":false,"excerpt":"El gobierno bonaerense present\u00f3 un paquete de beneficios con cr\u00e9ditos, descuentos y promociones para incentivar el turismo y el consumo en la Costa Atl\u00e1ntica. Con el objetivo de incentivar el consumo y sostener la actividad tur\u00edstica en un contexto econ\u00f3mico adverso, el ministro de Producci\u00f3n, Ciencia e Innovaci\u00f3n Tecnol\u00f3gica bonaerense,\u2026","rel":"","context":"En \u00abProvincia\u00bb","block_context":{"text":"Provincia","link":"https:\/\/www.24baires.com\/?cat=40"},"img":{"alt_text":"","src":"https:\/\/i0.wp.com\/www.24baires.com\/wp-content\/uploads\/2025\/11\/turismo-mar-del-plata-invierno-rambla-lobo-marinojpg-1.jpg?resize=350%2C200","width":350,"height":200,"srcset":"https:\/\/i0.wp.com\/www.24baires.com\/wp-content\/uploads\/2025\/11\/turismo-mar-del-plata-invierno-rambla-lobo-marinojpg-1.jpg?resize=350%2C200 1x, https:\/\/i0.wp.com\/www.24baires.com\/wp-content\/uploads\/2025\/11\/turismo-mar-del-plata-invierno-rambla-lobo-marinojpg-1.jpg?resize=525%2C300 1.5x, https:\/\/i0.wp.com\/www.24baires.com\/wp-content\/uploads\/2025\/11\/turismo-mar-del-plata-invierno-rambla-lobo-marinojpg-1.jpg?resize=700%2C400 2x"},"classes":[]},{"id":87561,"url":"https:\/\/www.24baires.com\/?p=87561","url_meta":{"origin":7948,"position":1},"title":"Buscan ponerle un tope al aumento de alquileres en la Costa","author":"AF","date":"15\/09\/2016","format":false,"excerpt":"Tras la mala temporada de 2016, los municipios de los principales balnearios bonaerenses intentan mostrarse competitivos respecto a los destinos del exterior. El objetivo es que los hoteles, en tanto, tengan una suba m\u00e1xima del 25% y las carpas no superen el 20%. Con la llegada del mes de la\u2026","rel":"","context":"En \u00abEconom\u00eda\u00bb","block_context":{"text":"Econom\u00eda","link":"https:\/\/www.24baires.com\/?cat=45"},"img":{"alt_text":"balneario costa playa","src":"https:\/\/i0.wp.com\/www.24baires.com\/wp-content\/uploads\/2014\/12\/balneario-costa-playa.jpg?resize=350%2C200","width":350,"height":200,"srcset":"https:\/\/i0.wp.com\/www.24baires.com\/wp-content\/uploads\/2014\/12\/balneario-costa-playa.jpg?resize=350%2C200 1x, https:\/\/i0.wp.com\/www.24baires.com\/wp-content\/uploads\/2014\/12\/balneario-costa-playa.jpg?resize=525%2C300 1.5x"},"classes":[]},{"id":116442,"url":"https:\/\/www.24baires.com\/?p=116442","url_meta":{"origin":7948,"position":2},"title":"Mar del Plata habilitar\u00e1 \u00abcorredores gastron\u00f3micos\u00bb en veredas y calles de la ciudad","author":"GB","date":"11\/10\/2020","format":false,"excerpt":"La ciudad balnearia se prepara para la temporada de verano con medidas de prevenci\u00f3n que permitan minimizar los riesgos de contagios ante la afluencia de turistas. El intendente de General Pueyrred\u00f3n, Guillermo Montenegro, promulg\u00f3 este viernes las ordenanzas municipales para que Mar del Plata cuente con un \"corredor gastron\u00f3mico\" para\u2026","rel":"","context":"En \u00abMunicipios\u00bb","block_context":{"text":"Municipios","link":"https:\/\/www.24baires.com\/?cat=44"},"img":{"alt_text":"","src":"https:\/\/i0.wp.com\/www.24baires.com\/wp-content\/uploads\/2020\/10\/20201011073220_foto-1.jpg?resize=350%2C200","width":350,"height":200,"srcset":"https:\/\/i0.wp.com\/www.24baires.com\/wp-content\/uploads\/2020\/10\/20201011073220_foto-1.jpg?resize=350%2C200 1x, https:\/\/i0.wp.com\/www.24baires.com\/wp-content\/uploads\/2020\/10\/20201011073220_foto-1.jpg?resize=525%2C300 1.5x"},"classes":[]},{"id":118550,"url":"https:\/\/www.24baires.com\/?p=118550","url_meta":{"origin":7948,"position":3},"title":"\u00abSi defendemos el turismo argentino, defendemos el pa\u00eds\u00bb","author":"AF","date":"17\/02\/2022","format":false,"excerpt":"El Presidente, junto al gobernador bonaerene Axel Kicillof, visit\u00f3 un parador p\u00fablico de actividades gratuitas y convers\u00f3 con representantes del sector, en uno de los puntos m\u00e1s elegidos del pa\u00eds como destino de vacaciones. El mandatario se mostr\u00f3 satisfecho por la temporada r\u00e9cord y elogi\u00f3 el \"fruto del trabajo en\u2026","rel":"","context":"En \u00abPol\u00edtica\u00bb","block_context":{"text":"Pol\u00edtica","link":"https:\/\/www.24baires.com\/?cat=51"},"img":{"alt_text":"","src":"https:\/\/i0.wp.com\/www.24baires.com\/wp-content\/uploads\/2022\/02\/620e6d68b62fa_900.jpg?resize=350%2C200","width":350,"height":200,"srcset":"https:\/\/i0.wp.com\/www.24baires.com\/wp-content\/uploads\/2022\/02\/620e6d68b62fa_900.jpg?resize=350%2C200 1x, https:\/\/i0.wp.com\/www.24baires.com\/wp-content\/uploads\/2022\/02\/620e6d68b62fa_900.jpg?resize=525%2C300 1.5x"},"classes":[]},{"id":89522,"url":"https:\/\/www.24baires.com\/?p=89522","url_meta":{"origin":7948,"position":4},"title":"Aseguran que veranear en Pinamar costar\u00eda la mitad de lo que valdr\u00eda ir a Brasil","author":"AF","date":"06\/11\/2016","format":false,"excerpt":"Empresarios tur\u00edsticos calculan que veranear en Pinamar -donde los precios se ajustaron un 15%- costar\u00eda la mitad que hacerlo en Brasil. El secretario de Turismo de Pinamar, Eduardo Isach (quien asumi\u00f3 su cargo hace tan s\u00f3lo tres d\u00edas) inform\u00f3 que en esa zona de playas bonaerenses los precios de temporada\u2026","rel":"","context":"En \u00abLocales\u00bb","block_context":{"text":"Locales","link":"https:\/\/www.24baires.com\/?cat=38"},"img":{"alt_text":"pinamar cartel","src":"https:\/\/i0.wp.com\/www.24baires.com\/wp-content\/uploads\/2013\/09\/pinamar-cartel-300x224.jpg?resize=350%2C200","width":350,"height":200},"classes":[]},{"id":42471,"url":"https:\/\/www.24baires.com\/?p=42471","url_meta":{"origin":7948,"position":5},"title":"Pinamar, a la cabeza del turismo n\u00e1utico","author":"Grupo Sierra","date":"20\/03\/2014","format":false,"excerpt":"La Secretar\u00eda de Turismo, Cultura y Educaci\u00f3n estuvo presente en las Jornadas de Turismo N\u00e1utico que se realizaron los pasados 14 y 15 de marzo en Punta Indio. Representada por el coordinador, Ricardo Mui\u00f1o, Pinamar particip\u00f3 del encuentro organizado por la Secretar\u00eda de Turismo de la provincia de Buenos Aires\u2026","rel":"","context":"En \u00abLocales\u00bb","block_context":{"text":"Locales","link":"https:\/\/www.24baires.com\/?cat=38"},"img":{"alt_text":"pinamar verano","src":"https:\/\/i0.wp.com\/www.24baires.com\/wp-content\/uploads\/2013\/02\/pinamar-verano-300x225.jpg?resize=350%2C200","width":350,"height":200},"classes":[]}],"jetpack_sharing_enabled":true,"jetpack_likes_enabled":true,"_links":{"self":[{"href":"https:\/\/www.24baires.com\/index.php?rest_route=\/wp\/v2\/posts\/7948","targetHints":{"allow":["GET"]}}],"collection":[{"href":"https:\/\/www.24baires.com\/index.php?rest_route=\/wp\/v2\/posts"}],"about":[{"href":"https:\/\/www.24baires.com\/index.php?rest_route=\/wp\/v2\/types\/post"}],"author":[{"embeddable":true,"href":"https:\/\/www.24baires.com\/index.php?rest_route=\/wp\/v2\/users\/4"}],"replies":[{"embeddable":true,"href":"https:\/\/www.24baires.com\/index.php?rest_route=%2Fwp%2Fv2%2Fcomments&post=7948"}],"version-history":[{"count":3,"href":"https:\/\/www.24baires.com\/index.php?rest_route=\/wp\/v2\/posts\/7948\/revisions"}],"predecessor-version":[{"id":7951,"href":"https:\/\/www.24baires.com\/index.php?rest_route=\/wp\/v2\/posts\/7948\/revisions\/7951"}],"wp:attachment":[{"href":"https:\/\/www.24baires.com\/index.php?rest_route=%2Fwp%2Fv2%2Fmedia&parent=7948"}],"wp:term":[{"taxonomy":"category","embeddable":true,"href":"https:\/\/www.24baires.com\/index.php?rest_route=%2Fwp%2Fv2%2Fcategories&post=7948"},{"taxonomy":"post_tag","embeddable":true,"href":"https:\/\/www.24baires.com\/index.php?rest_route=%2Fwp%2Fv2%2Ftags&post=7948"}],"curies":[{"name":"wp","href":"https:\/\/api.w.org\/{rel}","templated":true}]}}