{"id":79478,"date":"2016-02-28T17:00:59","date_gmt":"2016-02-28T20:00:59","guid":{"rendered":"http:\/\/www.24baires.com\/?p=79478"},"modified":"2016-02-28T12:12:08","modified_gmt":"2016-02-28T15:12:08","slug":"la-renga-apunta-a-vidal-por-no-alquilarle-el-estadio-unico","status":"publish","type":"post","link":"https:\/\/www.24baires.com\/?p=79478","title":{"rendered":"La Renga apunta a Vidal por no alquilarle el Estadio \u00danico"},"content":{"rendered":"<p><img data-recalc-dims=\"1\" loading=\"lazy\" decoding=\"async\" src=\"https:\/\/i0.wp.com\/www.24baires.com\/wp-content\/uploads\/2016\/02\/comunicado-la-renga.jpg?resize=560%2C307\" alt=\"comunicado la renga\" width=\"560\" height=\"307\" class=\"aligncenter size-full wp-image-79479\" srcset=\"https:\/\/i0.wp.com\/www.24baires.com\/wp-content\/uploads\/2016\/02\/comunicado-la-renga.jpg?w=560&amp;ssl=1 560w, https:\/\/i0.wp.com\/www.24baires.com\/wp-content\/uploads\/2016\/02\/comunicado-la-renga.jpg?resize=300%2C164&amp;ssl=1 300w\" sizes=\"auto, (max-width: 560px) 100vw, 560px\" \/>A trav\u00e9s de un comunicado, la banda, que ya se hab\u00eda cruzado con el intendente de San Pedro, tambi\u00e9n de Cambiemos, cuestion\u00f3 al Gobierno bonaerense por el \u00absilencio y la falta de compromiso\u00bb. \u00abEsperamos alg\u00fan d\u00eda ser tratados con el mismo respeto que se les brinda a las bandas extranjeras\u00bb, ironizaron.<br \/>\n<!--more--><\/p>\n<p>Tras denunciar que la municipalidad de San Pedro sabote\u00f3 el show que iban a dar el 5 de marzo en esa localidad -novedad que fue desmentida por el propio Intendente de la localidad-, la banda de rock La Renga apunt\u00f3 contra el gobierno de Mar\u00eda Eugenia Vidal por no acordar el alquiler del EStadio \u00danico para dos shows.<\/p>\n<p>Seg\u00fan comunic\u00f3 oficialmente, la banda ten\u00eda previstos dos recitales en la capital bonaerense, el 9 de abril y el 28 de mayo, sin embargo, al parecer, la Provincia no quiere facilitarlo.<\/p>\n<p>\u00abNo nos permiten tocar\u00bb denunci\u00f3 la banda en sus cuentas oficiales en redes sociales. \u00abEl por qu\u00e9 y las razones solo lo saben (sic) las autoridades provinciales, ya que no obtuvimos ninguna comunicaci\u00f3n ni respuesta formal\u00bb al pedido por las instalaciones del Estadio \u00danico.<\/p>\n<p>En la misiva, La Renga ironiz\u00f3 acerca de una supuesta discriminaci\u00f3n. \u00abEsperemos alg\u00fan d\u00eda ser tratados con el mismo respeto que se les brinda a las bandas extranjeras cuando se presentan en ese estadio\u00bb, escribi\u00f3.<\/p>\n","protected":false},"excerpt":{"rendered":"<p>A trav\u00e9s de un comunicado, la banda, que ya se hab\u00eda cruzado con el intendente de San Pedro, tambi\u00e9n de Cambiemos, cuestion\u00f3 al Gobierno bonaerense por el \u00absilencio y la falta de compromiso\u00bb. \u00abEsperamos alg\u00fan d\u00eda ser tratados con el mismo respeto que se les brinda a las bandas extranjeras\u00bb, ironizaron.<\/p>\n","protected":false},"author":8,"featured_media":0,"comment_status":"open","ping_status":"open","sticky":false,"template":"","format":"standard","meta":{"_jetpack_newsletter_access":"","_jetpack_dont_email_post_to_subs":false,"_jetpack_newsletter_tier_id":0,"_jetpack_memberships_contains_paywalled_content":false,"_jetpack_memberships_contains_paid_content":false,"footnotes":""},"categories":[41],"tags":[],"class_list":["post-79478","post","type-post","status-publish","format-standard","hentry","category-espectaculos"],"jetpack_featured_media_url":"","jetpack_shortlink":"https:\/\/wp.me\/p2JWE0-kFU","jetpack-related-posts":[{"id":101161,"url":"https:\/\/www.24baires.com\/?p=101161","url_meta":{"origin":79478,"position":0},"title":"La Renga: el Concejo reclama a la Provincia que garantice el operativo de seguridad","author":"GB","date":"20\/03\/2018","format":false,"excerpt":"MAR DEL PLATA-El pedido fue elevado por los presidentes de los bloques de concejales a trav\u00e9s de un proyecto de comunicaci\u00f3n El Concejo Deliberante reclam\u00f3 al Ministerio de Seguridad bonaerense que garantice el operativo de seguridad para que se realice el recital de la banda de rock La Renga, previsto\u2026","rel":"","context":"En \u00abMunicipios\u00bb","block_context":{"text":"Municipios","link":"https:\/\/www.24baires.com\/?cat=44"},"img":{"alt_text":"","src":"https:\/\/i0.wp.com\/www.24baires.com\/wp-content\/uploads\/2018\/03\/recital-la-renga.jpg?resize=350%2C200","width":350,"height":200,"srcset":"https:\/\/i0.wp.com\/www.24baires.com\/wp-content\/uploads\/2018\/03\/recital-la-renga.jpg?resize=350%2C200 1x, https:\/\/i0.wp.com\/www.24baires.com\/wp-content\/uploads\/2018\/03\/recital-la-renga.jpg?resize=525%2C300 1.5x"},"classes":[]},{"id":93499,"url":"https:\/\/www.24baires.com\/?p=93499","url_meta":{"origin":79478,"position":1},"title":"La Renga denunci\u00f3 \u00abodio y discriminaci\u00f3n\u00bb tras la suspensi\u00f3n de su show","author":"GB","date":"31\/03\/2017","format":false,"excerpt":"En un comunicado, el grupo de rock La Renga denunci\u00f3 \"las propias inseguridades (del gobierno sanjuanino) alimentadas por el odio y la desinformaci\u00f3n\" tras la suspensi\u00f3n del recital que iban a realizar en esa provincia el 29 de abril. El convocante grupo rockero argentino La Renga consider\u00f3 que la decisi\u00f3n\u2026","rel":"","context":"En \u00abEspectaculos\u00bb","block_context":{"text":"Espectaculos","link":"https:\/\/www.24baires.com\/?cat=41"},"img":{"alt_text":"","src":"https:\/\/i0.wp.com\/www.24baires.com\/wp-content\/uploads\/2017\/03\/la-renga.jpg?resize=350%2C200","width":350,"height":200,"srcset":"https:\/\/i0.wp.com\/www.24baires.com\/wp-content\/uploads\/2017\/03\/la-renga.jpg?resize=350%2C200 1x, https:\/\/i0.wp.com\/www.24baires.com\/wp-content\/uploads\/2017\/03\/la-renga.jpg?resize=525%2C300 1.5x"},"classes":[]},{"id":101225,"url":"https:\/\/www.24baires.com\/?p=101225","url_meta":{"origin":79478,"position":2},"title":"La Renga debi\u00f3 cancelar su show en Mar del Plata","author":"AF","date":"22\/03\/2018","format":false,"excerpt":"Finalmente la puja entre los productores y el Gobierno de la Provincia, quienes desde un primer momento pusieron trabas para que no se realice el espect\u00e1culo, decant\u00f3 en que la banda no pueda presentarse en 'La Feliz'. Seg\u00fan pudo averiguar el Suplemento NO SE, la fecha se mantiene y se\u2026","rel":"","context":"En \u00abSociedad\u00bb","block_context":{"text":"Sociedad","link":"https:\/\/www.24baires.com\/?cat=1"},"img":{"alt_text":"","src":"https:\/\/i0.wp.com\/www.24baires.com\/wp-content\/uploads\/2018\/03\/renga.jpg?resize=350%2C200","width":350,"height":200,"srcset":"https:\/\/i0.wp.com\/www.24baires.com\/wp-content\/uploads\/2018\/03\/renga.jpg?resize=350%2C200 1x, https:\/\/i0.wp.com\/www.24baires.com\/wp-content\/uploads\/2018\/03\/renga.jpg?resize=525%2C300 1.5x"},"classes":[]},{"id":101218,"url":"https:\/\/www.24baires.com\/?p=101218","url_meta":{"origin":79478,"position":3},"title":"A tan solo 16 d\u00edas del show, suspenden el recital de La Renga en Mar del Plata","author":"GB","date":"22\/03\/2018","format":false,"excerpt":"Con m\u00e1s de 36 mil entradas vendidas del show previsto para el pr\u00f3ximo 7 de abril en el estadio Jos\u00e9 Mar\u00eda Minella, la productora de la banda de Matadero anunci\u00f3 su suspensi\u00f3n y que el show se realizar\u00e1 en la provincia de San Luis. C\u00f3mo y d\u00f3nde recuperar las entradas,\u2026","rel":"","context":"En \u00abEspectaculos\u00bb","block_context":{"text":"Espectaculos","link":"https:\/\/www.24baires.com\/?cat=41"},"img":{"alt_text":"","src":"https:\/\/i0.wp.com\/www.24baires.com\/wp-content\/uploads\/2018\/03\/recital-la-renga.jpg?resize=350%2C200","width":350,"height":200,"srcset":"https:\/\/i0.wp.com\/www.24baires.com\/wp-content\/uploads\/2018\/03\/recital-la-renga.jpg?resize=350%2C200 1x, https:\/\/i0.wp.com\/www.24baires.com\/wp-content\/uploads\/2018\/03\/recital-la-renga.jpg?resize=525%2C300 1.5x"},"classes":[]},{"id":100946,"url":"https:\/\/www.24baires.com\/?p=100946","url_meta":{"origin":79478,"position":4},"title":"Arroyo puso en duda el recital de La Renga","author":"GB","date":"09\/03\/2018","format":false,"excerpt":"El concierto de la banda de Mataderos est\u00e1 previsto para el 7 de abril en Mar del Plata pero el intendente de esa localidad no asegur\u00f3 que se podr\u00e1 llevar a cabo. Cit\u00f3 el ejemplo del tr\u00e1gico episodio en el \u00faltimo show que brind\u00f3 el Indio Solari. El intendente de\u2026","rel":"","context":"En \u00abEspectaculos\u00bb","block_context":{"text":"Espectaculos","link":"https:\/\/www.24baires.com\/?cat=41"},"img":{"alt_text":"","src":"https:\/\/i0.wp.com\/www.24baires.com\/wp-content\/uploads\/2018\/03\/recital-la-renga.jpg?resize=350%2C200","width":350,"height":200,"srcset":"https:\/\/i0.wp.com\/www.24baires.com\/wp-content\/uploads\/2018\/03\/recital-la-renga.jpg?resize=350%2C200 1x, https:\/\/i0.wp.com\/www.24baires.com\/wp-content\/uploads\/2018\/03\/recital-la-renga.jpg?resize=525%2C300 1.5x"},"classes":[]},{"id":118791,"url":"https:\/\/www.24baires.com\/?p=118791","url_meta":{"origin":79478,"position":5},"title":"Pol\u00e9mica por la suspensi\u00f3n de clases por un recital en La Plata","author":"GB","date":"27\/04\/2022","format":false,"excerpt":"El secretario de Coordinaci\u00f3n de La Plata, Oscar Negrelli, habl\u00f3 sobre la suspensi\u00f3n de clases por el recital de La Renga. Como inform\u00f3 INFOCIELO, desde la Jefatura Distrital de La Plata, dependiente de la Direcci\u00f3n General de Cultura y Educaci\u00f3n (DGCyE) de la Provincia de Buenos Aires, comunicaron el levantamiento\u2026","rel":"","context":"En \u00abMunicipios\u00bb","block_context":{"text":"Municipios","link":"https:\/\/www.24baires.com\/?cat=44"},"img":{"alt_text":"","src":"https:\/\/i0.wp.com\/www.24baires.com\/wp-content\/uploads\/2013\/02\/aula-vac%C3%ADa.jpg?resize=350%2C200","width":350,"height":200,"srcset":"https:\/\/i0.wp.com\/www.24baires.com\/wp-content\/uploads\/2013\/02\/aula-vac%C3%ADa.jpg?resize=350%2C200 1x, https:\/\/i0.wp.com\/www.24baires.com\/wp-content\/uploads\/2013\/02\/aula-vac%C3%ADa.jpg?resize=525%2C300 1.5x, https:\/\/i0.wp.com\/www.24baires.com\/wp-content\/uploads\/2013\/02\/aula-vac%C3%ADa.jpg?resize=700%2C400 2x"},"classes":[]}],"jetpack_sharing_enabled":true,"jetpack_likes_enabled":true,"_links":{"self":[{"href":"https:\/\/www.24baires.com\/index.php?rest_route=\/wp\/v2\/posts\/79478","targetHints":{"allow":["GET"]}}],"collection":[{"href":"https:\/\/www.24baires.com\/index.php?rest_route=\/wp\/v2\/posts"}],"about":[{"href":"https:\/\/www.24baires.com\/index.php?rest_route=\/wp\/v2\/types\/post"}],"author":[{"embeddable":true,"href":"https:\/\/www.24baires.com\/index.php?rest_route=\/wp\/v2\/users\/8"}],"replies":[{"embeddable":true,"href":"https:\/\/www.24baires.com\/index.php?rest_route=%2Fwp%2Fv2%2Fcomments&post=79478"}],"version-history":[{"count":1,"href":"https:\/\/www.24baires.com\/index.php?rest_route=\/wp\/v2\/posts\/79478\/revisions"}],"predecessor-version":[{"id":79480,"href":"https:\/\/www.24baires.com\/index.php?rest_route=\/wp\/v2\/posts\/79478\/revisions\/79480"}],"wp:attachment":[{"href":"https:\/\/www.24baires.com\/index.php?rest_route=%2Fwp%2Fv2%2Fmedia&parent=79478"}],"wp:term":[{"taxonomy":"category","embeddable":true,"href":"https:\/\/www.24baires.com\/index.php?rest_route=%2Fwp%2Fv2%2Fcategories&post=79478"},{"taxonomy":"post_tag","embeddable":true,"href":"https:\/\/www.24baires.com\/index.php?rest_route=%2Fwp%2Fv2%2Ftags&post=79478"}],"curies":[{"name":"wp","href":"https:\/\/api.w.org\/{rel}","templated":true}]}}