{"id":7940,"date":"2012-12-05T10:14:28","date_gmt":"2012-12-05T13:14:28","guid":{"rendered":"http:\/\/www.24baires.com\/?p=7940"},"modified":"2012-12-05T10:41:45","modified_gmt":"2012-12-05T13:41:45","slug":"hallaron-el-cadaver-de-un-joven-flotando-en-el-arroyo-tapalque","status":"publish","type":"post","link":"https:\/\/www.24baires.com\/?p=7940","title":{"rendered":"Hallaron el cad\u00e1ver de un joven flotando en el arroyo Tapalqu\u00e9"},"content":{"rendered":"<p><img data-recalc-dims=\"1\" loading=\"lazy\" decoding=\"async\" class=\"alignleft size-medium wp-image-7941\" title=\"cad\u00e1ver tapalqu\u00e9\" src=\"https:\/\/i0.wp.com\/www.24baires.com\/wp-content\/uploads\/2012\/12\/cad%C3%A1ver-tapalqu%C3%A9.jpg?resize=300%2C197\" alt=\"\" width=\"300\" height=\"197\" srcset=\"https:\/\/i0.wp.com\/www.24baires.com\/wp-content\/uploads\/2012\/12\/cad%C3%A1ver-tapalqu%C3%A9.jpg?resize=300%2C197&amp;ssl=1 300w, https:\/\/i0.wp.com\/www.24baires.com\/wp-content\/uploads\/2012\/12\/cad%C3%A1ver-tapalqu%C3%A9.jpg?w=550&amp;ssl=1 550w\" sizes=\"auto, (max-width: 300px) 100vw, 300px\" \/><strong>OLAVARR\u00cdA &#8211;<\/strong> El cad\u00e1ver estaba flotando en el medio del cauce, a la altura del barrio La Candela. Lo encontraron remeros que dieron aviso a la Polic\u00eda. El cuerpo se encontraba semidesnudo y no fue identificado. Buzos del cuerpo de bomberos lo retiraron del agua a las 21 de este martes y en las pr\u00f3ximas horas se har\u00e1 la autopsia.<!--more--><\/p>\n<p>El cuerpo de un joven de entre 20 y 25 a\u00f1os fue hallado despu\u00e9s de las 20 de este martes en las aguas del arroyo Tapalqu\u00e9, ala altura del barrio La Candela.<\/p>\n<p>Seg\u00fan relataron fuentes de la investigaci\u00f3n, un grupo de remeros se top\u00f3 con el cad\u00e1ver flotando en el medio del cauce y de inmediato dieron aviso al servicio de emergencias de la Polic\u00eda.<\/p>\n<p>Describieron que al ser retirado por buzos del cuerpo de bomberos, despu\u00e9s de las 21 de este martes, el cuerpo se encontraba \u201csemidesnudo, con el torso descubierto, sin calzado y vest\u00eda \u00fanicamente un pantal\u00f3n deportivo\u201d. A priori \u201cno presentaba lesiones\u201d visibles.<\/p>\n<p>Las mismas fuentes dijeron que se desconoce la identidad y que el deceso datar\u00eda de varios d\u00edas, aunque no hab\u00eda ninguna b\u00fasqueda activa por averiguaci\u00f3n de paradero.<\/p>\n<p>El cuerpo fue llevado a la morgue local y luego hacia Azul, donde en las pr\u00f3ximas horas se har\u00e1 la autopsia.<\/p>\n<p>Se iniciaron actuaciones por \u201cAveriguaci\u00f3n de causales de muerte\u201d a cargo de la fiscal Susana Alonso, titular de la UFI 7 de Olavarr\u00eda.<\/p>\n","protected":false},"excerpt":{"rendered":"<p>OLAVARR\u00cdA &#8211; El cad\u00e1ver estaba flotando en el medio del cauce, a la altura del barrio La Candela. Lo encontraron remeros que dieron aviso a la Polic\u00eda. El cuerpo se encontraba semidesnudo y no fue identificado. Buzos del cuerpo de bomberos lo retiraron del agua a las 21 de este martes y en las pr\u00f3ximas horas se har\u00e1 la autopsia.<\/p>\n","protected":false},"author":4,"featured_media":0,"comment_status":"open","ping_status":"open","sticky":false,"template":"","format":"standard","meta":{"_jetpack_newsletter_access":"","_jetpack_dont_email_post_to_subs":false,"_jetpack_newsletter_tier_id":0,"_jetpack_memberships_contains_paywalled_content":false,"_jetpack_memberships_contains_paid_content":false,"footnotes":""},"categories":[49],"tags":[],"class_list":["post-7940","post","type-post","status-publish","format-standard","hentry","category-policiales"],"jetpack_featured_media_url":"","jetpack_shortlink":"https:\/\/wp.me\/p2JWE0-244","jetpack-related-posts":[{"id":8792,"url":"https:\/\/www.24baires.com\/?p=8792","url_meta":{"origin":7940,"position":0},"title":"Nadie reclam\u00f3 el cuerpo hallado flotando en el arroyo Tapalqu\u00e9","author":"AF","date":"12\/12\/2012","format":false,"excerpt":"OLAVARR\u00cdA - A una semana del hallazgo, nadie se present\u00f3 a reclamar el cuerpo y no se localizaron averiguaciones de paradero que respondan a las caracter\u00edsticas. La fiscal a cargo del caso aguarda las pericias de las papilas d\u00e9rmicas de las manos que permitir\u00edan finalmente conocer su identidad. A una\u2026","rel":"","context":"En \u00abPoliciales\u00bb","block_context":{"text":"Policiales","link":"https:\/\/www.24baires.com\/?cat=49"},"img":{"alt_text":"","src":"https:\/\/i0.wp.com\/www.24baires.com\/wp-content\/uploads\/2012\/12\/cuerpo-tapalqu%C3%A9-300x199.jpg?resize=350%2C200","width":350,"height":200},"classes":[]},{"id":20786,"url":"https:\/\/www.24baires.com\/?p=20786","url_meta":{"origin":7940,"position":1},"title":"A\u00fan no logran identificar cad\u00e1ver aparecido en el arroyo Tapalqu\u00e9 en diciembre pasado","author":"AF","date":"12\/04\/2013","format":false,"excerpt":"OLAVARR\u00cdA - A\u00fan se desconoce la identidad del joven encontrado sin vida en el arroyo Tapalqu\u00e9 en diciembre del a\u00f1o pasado. La fiscal de la causa, Susana Alonso, revel\u00f3 que es \u201cun hecho muy raro\u201d pero conf\u00eda en que \u201cen alg\u00fan momento lo vamos a identificar\u201d. A m\u00e1s de cuatro\u2026","rel":"","context":"En \u00abLocales\u00bb","block_context":{"text":"Locales","link":"https:\/\/www.24baires.com\/?cat=38"},"img":{"alt_text":"","src":"","width":0,"height":0},"classes":[]},{"id":50199,"url":"https:\/\/www.24baires.com\/?p=50199","url_meta":{"origin":7940,"position":2},"title":"Encontraron al segundo pescador desaparecido en Coronel Pringles","author":"Grupo Sierra","date":"19\/07\/2014","format":false,"excerpt":"Tras un mes de angustia e intensos rastrillajes, la b\u00fasqueda de los dos pescadores desaparecidos el pasado 15 de junio en el Dique Paso de las Piedras lleg\u00f3 a su fin. Esta ma\u00f1ana, apareci\u00f3 flotando el cuerpo de Hugo David Barrag\u00e1n, el joven de 21 a\u00f1os que hab\u00eda naufragado junto\u2026","rel":"","context":"En \u00abPoliciales\u00bb","block_context":{"text":"Policiales","link":"https:\/\/www.24baires.com\/?cat=49"},"img":{"alt_text":"dique","src":"https:\/\/i0.wp.com\/www.24baires.com\/wp-content\/uploads\/2014\/06\/dique-300x178.jpg?resize=350%2C200","width":350,"height":200},"classes":[]},{"id":74300,"url":"https:\/\/www.24baires.com\/?p=74300","url_meta":{"origin":7940,"position":3},"title":"Hallan el c\u00e1daver de un nene que desapareci\u00f3 cuando fue a pescar: buscan a su familia","author":"GB","date":"28\/10\/2015","format":false,"excerpt":"El cad\u00e1ver de un ni\u00f1o de 11 a\u00f1os, que el s\u00e1bado hab\u00eda ido a pescar al r\u00edo Paran\u00e1 y desapareci\u00f3 con su hermano, un t\u00edo y un primo, fue encontrado en las \u00faltimas horas flotando cerca de la costa del paraje de Vuelta de Obligado, en la ciudad bonaerense de\u2026","rel":"","context":"En \u00abPoliciales\u00bb","block_context":{"text":"Policiales","link":"https:\/\/www.24baires.com\/?cat=49"},"img":{"alt_text":"ramallo","src":"https:\/\/i0.wp.com\/www.24baires.com\/wp-content\/uploads\/2015\/10\/ramallo.jpg?resize=350%2C200","width":350,"height":200,"srcset":"https:\/\/i0.wp.com\/www.24baires.com\/wp-content\/uploads\/2015\/10\/ramallo.jpg?resize=350%2C200 1x, https:\/\/i0.wp.com\/www.24baires.com\/wp-content\/uploads\/2015\/10\/ramallo.jpg?resize=525%2C300 1.5x"},"classes":[]},{"id":8339,"url":"https:\/\/www.24baires.com\/?p=8339","url_meta":{"origin":7940,"position":4},"title":"A\u00fan no identificaron el cad\u00e1ver encontrado en el arroyo Tapalqu\u00e9","author":"AF","date":"08\/12\/2012","format":false,"excerpt":"A poco m\u00e1s de tres d\u00edas del hallazgo del cuerpo, el cad\u00e1ver a\u00fan no pudo ser identificado. Para la fiscal del caso, una de las hip\u00f3tesis m\u00e1s fuertes es que se trate de una persona oriunda de otra localidad. El jueves se present\u00f3 una mujer buscando a un sobrino, pero\u2026","rel":"","context":"En \u00abPoliciales\u00bb","block_context":{"text":"Policiales","link":"https:\/\/www.24baires.com\/?cat=49"},"img":{"alt_text":"","src":"","width":0,"height":0},"classes":[]},{"id":40212,"url":"https:\/\/www.24baires.com\/?p=40212","url_meta":{"origin":7940,"position":5},"title":"Encontraron el cuerpo de un hombre semienterrado y detuvieron a dos j\u00f3venes","author":"GB","date":"10\/02\/2014","format":false,"excerpt":"MAR DEL PLATA-El cad\u00e1ver de un joven de unos 25 a\u00f1os fue hallado hoy semienterrado en un descampado de Mar del Plata y por el hecho fueron detenidos dos adolescentes, informaron fuentes policiales. El cuerpo fue encontrado esta ma\u00f1ana en un descampado de calles Reforma Universitaria y G\u00fctemberg, en el\u2026","rel":"","context":"En \u00abPoliciales\u00bb","block_context":{"text":"Policiales","link":"https:\/\/www.24baires.com\/?cat=49"},"img":{"alt_text":"polic\u00eda3","src":"https:\/\/i0.wp.com\/www.24baires.com\/wp-content\/uploads\/2013\/12\/polic%C3%ADa3-300x199.jpg?resize=350%2C200","width":350,"height":200},"classes":[]}],"jetpack_sharing_enabled":true,"jetpack_likes_enabled":true,"_links":{"self":[{"href":"https:\/\/www.24baires.com\/index.php?rest_route=\/wp\/v2\/posts\/7940","targetHints":{"allow":["GET"]}}],"collection":[{"href":"https:\/\/www.24baires.com\/index.php?rest_route=\/wp\/v2\/posts"}],"about":[{"href":"https:\/\/www.24baires.com\/index.php?rest_route=\/wp\/v2\/types\/post"}],"author":[{"embeddable":true,"href":"https:\/\/www.24baires.com\/index.php?rest_route=\/wp\/v2\/users\/4"}],"replies":[{"embeddable":true,"href":"https:\/\/www.24baires.com\/index.php?rest_route=%2Fwp%2Fv2%2Fcomments&post=7940"}],"version-history":[{"count":2,"href":"https:\/\/www.24baires.com\/index.php?rest_route=\/wp\/v2\/posts\/7940\/revisions"}],"predecessor-version":[{"id":7943,"href":"https:\/\/www.24baires.com\/index.php?rest_route=\/wp\/v2\/posts\/7940\/revisions\/7943"}],"wp:attachment":[{"href":"https:\/\/www.24baires.com\/index.php?rest_route=%2Fwp%2Fv2%2Fmedia&parent=7940"}],"wp:term":[{"taxonomy":"category","embeddable":true,"href":"https:\/\/www.24baires.com\/index.php?rest_route=%2Fwp%2Fv2%2Fcategories&post=7940"},{"taxonomy":"post_tag","embeddable":true,"href":"https:\/\/www.24baires.com\/index.php?rest_route=%2Fwp%2Fv2%2Ftags&post=7940"}],"curies":[{"name":"wp","href":"https:\/\/api.w.org\/{rel}","templated":true}]}}