{"id":7937,"date":"2012-12-05T10:29:54","date_gmt":"2012-12-05T13:29:54","guid":{"rendered":"http:\/\/www.24baires.com\/?p=7937"},"modified":"2012-12-05T10:36:58","modified_gmt":"2012-12-05T13:36:58","slug":"en-monte-hermoso-se-reunen-mas-de-300-cooperativas","status":"publish","type":"post","link":"https:\/\/www.24baires.com\/?p=7937","title":{"rendered":"En Monte Hermoso se re\u00fanen m\u00e1s de 300 cooperativas"},"content":{"rendered":"<p>La necesidad de fortalecer las cooperativas para aumentar las fuentes de trabajo genuinas ser\u00e1 analizada este mi\u00e9rcoles en un encuentro de cooperativas de trabajo de la sexta secci\u00f3n electoral que se llevar\u00e1 a cabo en la localidad bonaerense de Monte Hermoso, en el sur provincial.<!--more--><br \/>\nEn el marco de la reuni\u00f3n, de la que participar\u00e1n m\u00e1s de 300 emprendimientos productivos, se presentar\u00e1 el portal de la Econom\u00eda Popular, Social y Solidaria (www.economiapopular.coop), para difundir y visibilizar a los trabajadores que desarrollan diferentes tareas organizados de forma autogestionada.<br \/>\nLa web ser\u00e1 un espacio de promoci\u00f3n de los valores del trabajo y la construcci\u00f3n colectiva como alternativa a la ideolog\u00eda de los intereses dominantes.<br \/>\nEl encuentro -que se realiza desde las 9 en el sal\u00f3n de Bomberos de Monte Hermoso- fue organizado por la Subsecretar\u00eda de Acci\u00f3n Cooperativa de la provincia de Buenos Aires, junto al Ministerio de Desarrollo Social de la Naci\u00f3n y el municipio local.<br \/>\nEntre los temas a tratar est\u00e1 previsto estudiar c\u00f3mo lograr que esas fuentes de trabajo genuinas sean perdurables en el tiempo y tengan un mayor protagonismo en el armado y realizaci\u00f3n de propuestas.<br \/>\nTambi\u00e9n, escuchar el intercambio de experiencias entre los trabajadores de la econom\u00eda popular.<br \/>\nParticipar\u00e1 de la actividad el secretario de Coordinaci\u00f3n y Monitoreo Institucional de la Naci\u00f3n, Carlos Castagneto; el subsecretario de Acci\u00f3n Cooperativa bonaerense, Federico Ugo; y el secretario de Participaci\u00f3n Ciudadana, Javier Ruiz.<br \/>\nTambi\u00e9n estar\u00e1n presentes los intendentes de los partidos de Monte Hermoso, Bah\u00eda Blanca, Adolfo Gonz\u00e1lez Chaves, Carmen de Patagones, Coronel Rosales, General Lamadrid, Guamin\u00ed, Benito Ju\u00e1rez, Laprida, Saavedra, Tres Lomas, Tres Arroyos, Tornquist, y Villarino.<\/p>\n","protected":false},"excerpt":{"rendered":"<p>La necesidad de fortalecer las cooperativas para aumentar las fuentes de trabajo genuinas ser\u00e1 analizada este mi\u00e9rcoles en un encuentro de cooperativas de trabajo de la sexta secci\u00f3n electoral que se llevar\u00e1 a cabo en la localidad bonaerense de Monte Hermoso, en el sur provincial.<\/p>\n","protected":false},"author":4,"featured_media":0,"comment_status":"open","ping_status":"open","sticky":false,"template":"","format":"standard","meta":{"_jetpack_newsletter_access":"","_jetpack_dont_email_post_to_subs":false,"_jetpack_newsletter_tier_id":0,"_jetpack_memberships_contains_paywalled_content":false,"_jetpack_memberships_contains_paid_content":false,"footnotes":""},"categories":[45],"tags":[],"class_list":["post-7937","post","type-post","status-publish","format-standard","hentry","category-economia"],"jetpack_featured_media_url":"","jetpack_shortlink":"https:\/\/wp.me\/p2JWE0-241","jetpack-related-posts":[{"id":115965,"url":"https:\/\/www.24baires.com\/?p=115965","url_meta":{"origin":7937,"position":0},"title":"Cooperativas piden ser incluidas en la extensi\u00f3n del ATP hasta fin de a\u00f1o","author":"GB","date":"17\/08\/2020","format":false,"excerpt":"La Confederaci\u00f3n Nacional de Cooperativas de Trabajo (CNCT), explicaron que la ayuda al sector equivale s\u00f3lo al 0,03% del total que brinda el Estado en concepto de esa asistencia. Hace tres semanas, el presidente Alberto Fern\u00e1ndez, junto al ministro de Desarrollo Productivo, Mat\u00edas Kulffas, anunci\u00f3 la cuarta reanudaci\u00f3n del ATP\u2026","rel":"","context":"En \u00abLocales\u00bb","block_context":{"text":"Locales","link":"https:\/\/www.24baires.com\/?cat=38"},"img":{"alt_text":"","src":"","width":0,"height":0},"classes":[]},{"id":1347,"url":"https:\/\/www.24baires.com\/?p=1347","url_meta":{"origin":7937,"position":1},"title":"La Provincia prev\u00e9 duplicar el monto de microcr\u00e9ditos otorgado a ONG\u2019s","author":"AF","date":"07\/10\/2012","format":false,"excerpt":"El Ministerio de Desarrollo Social, a trav\u00e9s del Programa Fuerza Solidaria, logr\u00f3 un r\u00e9cord de otorgamiento de microcr\u00e9ditos a organizaciones sociales, destinados al fortalecimiento de proyectos de la econom\u00eda social en toda la Provincia. Es as\u00ed que el monto aprobado en operaciones al pasado 30 de septiembre asciende a m\u00e1s\u2026","rel":"","context":"En \u00abProvincia\u00bb","block_context":{"text":"Provincia","link":"https:\/\/www.24baires.com\/?cat=40"},"img":{"alt_text":"","src":"","width":0,"height":0},"classes":[]},{"id":45127,"url":"https:\/\/www.24baires.com\/?p=45127","url_meta":{"origin":7937,"position":2},"title":"Pescadores artesanales del sur bonaerense reclaman medidas","author":"AF","date":"02\/05\/2014","format":false,"excerpt":"La C\u00e1mara de Diputados reclam\u00f3 revocar los permisos concedidos a cuatro buques marplatenses a cambiar su base de operaciones a Ingeniero White y funcionar en la zona conocida como El Rinc\u00f3n. La iniciativa fue presentada por el diputado del Frente para la Victoria, Ricardo M\u00f3ccero, y fusionada con un pedido\u2026","rel":"","context":"En \u00abSociedad\u00bb","block_context":{"text":"Sociedad","link":"https:\/\/www.24baires.com\/?cat=1"},"img":{"alt_text":"","src":"","width":0,"height":0},"classes":[]},{"id":30906,"url":"https:\/\/www.24baires.com\/?p=30906","url_meta":{"origin":7937,"position":3},"title":"Monte Hermoso ser\u00e1 sede de la Feria Regional de Ciencia y Tecnolog\u00eda","author":"AF","date":"28\/08\/2013","format":false,"excerpt":"Hay m\u00e1s de 100 stands confirmados de alumnos de las ciudades de Bah\u00eda Blanca, Patagones, Villarino, Coronel Rosales y Monte Hermoso. La Feria Regional, se montar\u00e1 en una globa calefaccionada en Plaza Parque General San Mart\u00edn donde, durante dos d\u00edas, los alumnos de la Regi\u00f3n XXII exhibir\u00e1n sus trabajos. \"El\u2026","rel":"","context":"En \u00abLocales\u00bb","block_context":{"text":"Locales","link":"https:\/\/www.24baires.com\/?cat=38"},"img":{"alt_text":"","src":"","width":0,"height":0},"classes":[]},{"id":121452,"url":"https:\/\/www.24baires.com\/?p=121452","url_meta":{"origin":7937,"position":4},"title":"El intendente de Monte Hermoso denunci\u00f3 una ca\u00edda hist\u00f3rica en el turismo","author":"GB","date":"28\/06\/2024","format":false,"excerpt":"En medio de una profunda crisis econ\u00f3mica y aumentos desmedidos en los costos operativos, comerciantes locales en Monte Hermoso optaron por no abrir sus negocios durante los fines de semana largos. Monte Hermoso, conocida por ser un destino tur\u00edstico clave durante los fines de semana largos, est\u00e1 atravesando tiempos dif\u00edciles.\u2026","rel":"","context":"En \u00abMunicipios\u00bb","block_context":{"text":"Municipios","link":"https:\/\/www.24baires.com\/?cat=44"},"img":{"alt_text":"","src":"https:\/\/i0.wp.com\/www.24baires.com\/wp-content\/uploads\/2024\/06\/int-monte-hermoso.webp?resize=350%2C200","width":350,"height":200,"srcset":"https:\/\/i0.wp.com\/www.24baires.com\/wp-content\/uploads\/2024\/06\/int-monte-hermoso.webp?resize=350%2C200 1x, https:\/\/i0.wp.com\/www.24baires.com\/wp-content\/uploads\/2024\/06\/int-monte-hermoso.webp?resize=525%2C300 1.5x, https:\/\/i0.wp.com\/www.24baires.com\/wp-content\/uploads\/2024\/06\/int-monte-hermoso.webp?resize=700%2C400 2x"},"classes":[]},{"id":39328,"url":"https:\/\/www.24baires.com\/?p=39328","url_meta":{"origin":7937,"position":5},"title":"Arba detect\u00f3 300 casas y dos edificios que estaban declarados como bald\u00edos","author":"GB","date":"27\/01\/2014","format":false,"excerpt":"MONTE HERMOSO-Las irregularidades fueron descubiertas a trav\u00e9s de la tecnolog\u00eda satelital que utiliza ARBA. \"Representa una evasi\u00f3n anual en el Impuesto Inmobiliario superior a 1,5 millones de pesos\u201d, inform\u00f3 el director de la Agencia. Las irregularidades fueron descubiertas a trav\u00e9s de la tecnolog\u00eda satelital que utiliza ARBA y luego, en\u2026","rel":"","context":"En \u00abEconom\u00eda\u00bb","block_context":{"text":"Econom\u00eda","link":"https:\/\/www.24baires.com\/?cat=45"},"img":{"alt_text":"arba5","src":"https:\/\/i0.wp.com\/www.24baires.com\/wp-content\/uploads\/2013\/09\/arba5.jpg?resize=350%2C200","width":350,"height":200,"srcset":"https:\/\/i0.wp.com\/www.24baires.com\/wp-content\/uploads\/2013\/09\/arba5.jpg?resize=350%2C200 1x, https:\/\/i0.wp.com\/www.24baires.com\/wp-content\/uploads\/2013\/09\/arba5.jpg?resize=525%2C300 1.5x"},"classes":[]}],"jetpack_sharing_enabled":true,"jetpack_likes_enabled":true,"_links":{"self":[{"href":"https:\/\/www.24baires.com\/index.php?rest_route=\/wp\/v2\/posts\/7937","targetHints":{"allow":["GET"]}}],"collection":[{"href":"https:\/\/www.24baires.com\/index.php?rest_route=\/wp\/v2\/posts"}],"about":[{"href":"https:\/\/www.24baires.com\/index.php?rest_route=\/wp\/v2\/types\/post"}],"author":[{"embeddable":true,"href":"https:\/\/www.24baires.com\/index.php?rest_route=\/wp\/v2\/users\/4"}],"replies":[{"embeddable":true,"href":"https:\/\/www.24baires.com\/index.php?rest_route=%2Fwp%2Fv2%2Fcomments&post=7937"}],"version-history":[{"count":2,"href":"https:\/\/www.24baires.com\/index.php?rest_route=\/wp\/v2\/posts\/7937\/revisions"}],"predecessor-version":[{"id":7939,"href":"https:\/\/www.24baires.com\/index.php?rest_route=\/wp\/v2\/posts\/7937\/revisions\/7939"}],"wp:attachment":[{"href":"https:\/\/www.24baires.com\/index.php?rest_route=%2Fwp%2Fv2%2Fmedia&parent=7937"}],"wp:term":[{"taxonomy":"category","embeddable":true,"href":"https:\/\/www.24baires.com\/index.php?rest_route=%2Fwp%2Fv2%2Fcategories&post=7937"},{"taxonomy":"post_tag","embeddable":true,"href":"https:\/\/www.24baires.com\/index.php?rest_route=%2Fwp%2Fv2%2Ftags&post=7937"}],"curies":[{"name":"wp","href":"https:\/\/api.w.org\/{rel}","templated":true}]}}