{"id":79350,"date":"2016-02-24T21:00:32","date_gmt":"2016-02-25T00:00:32","guid":{"rendered":"http:\/\/www.24baires.com\/?p=79350"},"modified":"2016-02-24T20:48:06","modified_gmt":"2016-02-24T23:48:06","slug":"hasta-aqui-los-ricos-no-piden-permiso","status":"publish","type":"post","link":"https:\/\/www.24baires.com\/?p=79350","title":{"rendered":"Hasta aqu\u00ed, los ricos no piden permiso"},"content":{"rendered":"<p><img data-recalc-dims=\"1\" loading=\"lazy\" decoding=\"async\" class=\"aligncenter size-full wp-image-79351\" src=\"https:\/\/i0.wp.com\/www.24baires.com\/wp-content\/uploads\/2016\/02\/macriiiii.jpg?resize=560%2C314\" alt=\"macriiiii\" width=\"560\" height=\"314\" srcset=\"https:\/\/i0.wp.com\/www.24baires.com\/wp-content\/uploads\/2016\/02\/macriiiii.jpg?w=560&amp;ssl=1 560w, https:\/\/i0.wp.com\/www.24baires.com\/wp-content\/uploads\/2016\/02\/macriiiii.jpg?resize=300%2C168&amp;ssl=1 300w\" sizes=\"auto, (max-width: 560px) 100vw, 560px\" \/>Hasta aqu\u00ed tenemos un gobierno que devalu\u00f3 y quit\u00f3 retenciones, que desregula, que elev\u00f3 repentinamente el costo de vida y el margen de ganancia empresarial; que ve resentir el nivel de actividad, que apuesta a paritarias que lleven salarios a la baja, que gesta despidos en el Estado y les da cabida en el sector privado para sembrar un escenario de desempleo que reduzca salarios.<!--more--><\/p>\n<p>No podemos conocer cabalmente el programa. De lo que s\u00ed podemos estar seguros es de que estamos frente a un gobierno de derecha, neoliberal, elegido democr\u00e1ticamente, de pr\u00e1cticas autoritarias, que viene a llevarse puesto el empleo y el salario, que lo m\u00e1s probable es que venga con recesi\u00f3n, que en la medida que lleve adelante su programa nos entregar\u00e1 tendencias regresivas en la distribuci\u00f3n del ingreso, empobrecimiento, como ya lo est\u00e1 haciendo.<\/p>\n<p>La narrativa imperante fue la de \u201cla pesada herencia K\u201d. Pero las medidas que tomaron lejos de haber sido inevitables, fueron una decisi\u00f3n pol\u00edtica. Responden tan s\u00f3lo a una concepci\u00f3n de c\u00f3mo deben ser las cosas, al cometido de gestar una pol\u00edtica de shock. Est\u00e1n construyendo una crisis para desencadenar una espiral regresiva de empleo y salarios, quieren que esta devaluaci\u00f3n sirva para licuar los salarios.<\/p>\n<p>Sus primeras medidas fueron escandalosamente impopulares, constituyeron un fenomenal ataque al bolsillo. El alza del costo de vida, la notable alza de precios liderada por productos de primera necesidad y desencadenada por las primeras medidas de gobierno impact\u00f3 fuertemente en el bolsillo de muchos. La mayor parte de los argentinos vive de ingresos fijos o se ve muy sensible a variaciones en la demanda. Indudablemente que el impacto del alza de precios noviembre \u2013 febrero no fue igual para todos. Fue mayor para las familias de m\u00e1s bajos ingresos, que indefectiblemente destinan una mayor proporci\u00f3n de sus ingresos a productos de primera necesidad, hoy a la cabeza del alza de precios. Habitualmente en la informalidad, no conocieron de aguinaldo que les aliviara frente al alza de precios, y puede decirse que encuentran mayores incertidumbres en lo que respecta a las recomposiciones salariales, han sido quiz\u00e1s los m\u00e1s afectados por la menor demanda interna. Pero el golpe al bolsillo fue considerable para la inmensa mayor\u00eda.<\/p>\n<p>Hasta aqu\u00ed el programa neoliberal s\u00f3lo concedi\u00f3 \u201cbeneficios\u201d a una porci\u00f3n muy minoritaria de argentinos. No se ve ni se advierte para un futuro cercano una minor\u00eda numerosa que abarque a un n\u00famero significativo de argentinos -por criticable que pueda ser- que se vean favorecidos en el marco de tendencias regresivas, por la baratura de lo importado, menor presi\u00f3n fiscal o el menor costo de la fuerza de trabajo por desde\u00f1able que suene. Tampoco parece venir con alguna ficci\u00f3n aperturista y de plata dulce que simule una artificiosa bonanza por un tiempo. Se desconoce y no parece avizorarse en el corto plazo alg\u00fan costado \u201cdulce\u201d del programa en curso.<\/p>\n<p>Las manifestaciones de lo que podemos llamar neoliberalismo no son necesariamente siempre las mismas. Tengo mis dudas de que lo que venga sea una r\u00e9plica absoluta de los 90. El escenario es otro.<\/p>\n<p>El escenario actual es el de un incipiente aperturismo comercial que se da con un d\u00f3lar alto, suficiente para poner en riesgo la producci\u00f3n nacional y con ella el empleo que genera pero no como para entregarle el consumo de la baratura a amplias porciones de la poblaci\u00f3n. Y asistimos a un escenario en el que medidas como la quita de retenciones al agro, sumada al d\u00f3lar alto y al precio internacional de los alimentos relativamente alto viene a encarecer la mesa de los argentinos.<\/p>\n<p>Aperturismo comercial, que los precios los fije el mercado, menor intervenci\u00f3n del Estado en la econom\u00eda, reducci\u00f3n del Estado, retiro de la presi\u00f3n fiscal, retiro de las regulaciones en materia de mercado de trabajo, etc\u00e9tera: de eso va a muy groso modo el neoliberalismo. Lo vimos en la Argentina de un pasado reciente, lo vemos en este convulsionado mundo en que las pol\u00edticas neoliberales hacen e hicieron estragos, lo desandamos en sus manifestaciones m\u00e1s brutales durante 12 a\u00f1os y hoy volvemos a sus sendas.<\/p>\n<p>Quitan retenciones al agro, derechos de exportaci\u00f3n a los industriales, a las mineras, les entregan un tipo de cambio que engrosa sus ganancias, favorecen a las petroleras. Dan marchas atr\u00e1s en las pol\u00edticas de acuerdos de precios y libran a la mera voluntad empresarial el alza de precios de productos de primera necesidad. Favorecen intereses concentrados, reducen tu poder adquisitivo, desfinancian al Estado, desatan una ca\u00edda en el nivel de actividad atentando contra el empleo y el salario.<\/p>\n<p>Para muchos el costado \u201cdulce\u201d no lleg\u00f3.<br \/>\nQueda por verse que ser\u00e1 de las paritarias venideras. El escenario no es alentador.<br \/>\nSe esperaba que con una modificaci\u00f3n del m\u00ednimo no imponible y de las escalas del llamado \u201cimpuesto a las ganancias\u201d muchos trabajadores vean eliminada o reducida la carga del impuesto y con ello recompuesto y mejorado su poder adquisitivo. Hubo una modificaci\u00f3n en \u201cganancias\u201d. Pero reducida. Pareciera que con esta actitud quisieran fijar un techo para las negociaciones salariales, que incluso sin entregar aumentos demasiado considerables podr\u00edan empujar a m\u00e1s trabajadores tributando \u201cganancias\u201d. Decorosamente, representando poco para la econom\u00eda de las familias, hicieron modificaciones en las asignaciones familiares, abarcando a m\u00e1s familias y \u201cmejorando\u201d montos.<\/p>\n<p>Verdaderamente no s\u00e9 cu\u00e1ntos son los arrepentidos de votar a Macri, seguro los hay y muchos.<br \/>\nEl tipo te prometi\u00f3 ciertas cosas y ya ves que no las cumple.<\/p>\n<p>Lo que sorprende -y quiz\u00e1s debiera no sorprender- es que pese a este golpe al bolsillo, que es innegable, son muchos los que perseveran en la postura de \u201cel gobierno reci\u00e9n lleva dos meses, hay que darle tiempo\u201d, dando cr\u00e9dito a un gobierno que votaron bajo el r\u00f3tulo de \u201cel cambio\u201d, acaso \u201ccomprando\u201d el discurso de que se trata de reacomodamientos necesarios. Sin conocer de fundamentaciones. Acaso tambi\u00e9n declar\u00e1ndose legos en la materia, cosa que no extra\u00f1a y abandon\u00e1ndose a una autoridad que ven en la impostaci\u00f3n de cierta imagen. Pong\u00e1mosle que completos legos en la materia econom\u00eda pol\u00edtica. Siendo as\u00ed no extra\u00f1an los resultados que arrojaron las urnas.<\/p>\n","protected":false},"excerpt":{"rendered":"<p>Hasta aqu\u00ed tenemos un gobierno que devalu\u00f3 y quit\u00f3 retenciones, que desregula, que elev\u00f3 repentinamente el costo de vida y el margen de ganancia empresarial; que ve resentir el nivel de actividad, que apuesta a paritarias que lleven salarios a la baja, que gesta despidos en el Estado y les da cabida en el sector privado para sembrar un escenario [&#8230;]<\/p>\n","protected":false},"author":4,"featured_media":0,"comment_status":"open","ping_status":"open","sticky":false,"template":"","format":"standard","meta":{"_jetpack_newsletter_access":"","_jetpack_dont_email_post_to_subs":false,"_jetpack_newsletter_tier_id":0,"_jetpack_memberships_contains_paywalled_content":false,"_jetpack_memberships_contains_paid_content":false,"footnotes":""},"categories":[64],"tags":[],"class_list":["post-79350","post","type-post","status-publish","format-standard","hentry","category-opinion"],"jetpack_featured_media_url":"","jetpack_shortlink":"https:\/\/wp.me\/p2JWE0-kDQ","jetpack-related-posts":[{"id":119923,"url":"https:\/\/www.24baires.com\/?p=119923","url_meta":{"origin":79350,"position":0},"title":"El Consejo del Salario defini\u00f3 actualizar el m\u00ednimo a 88 mil pesos para junio","author":"AF","date":"21\/03\/2023","format":false,"excerpt":"Con disidencias de las dos CTA, el Consejo dispuso un aumento de 26,5 por ciento en tres tramos en abril, mayo y junio y revisi\u00f3n de los valores en julio. En la reuni\u00f3n que inaugura el periodo anual de abril de 2023 a marzo de 2024 del Consejo del Salario\u2026","rel":"","context":"En \u00abSociedad\u00bb","block_context":{"text":"Sociedad","link":"https:\/\/www.24baires.com\/?cat=1"},"img":{"alt_text":"","src":"https:\/\/i0.wp.com\/www.24baires.com\/wp-content\/uploads\/2023\/03\/consejo-salario.jpeg?resize=350%2C200","width":350,"height":200,"srcset":"https:\/\/i0.wp.com\/www.24baires.com\/wp-content\/uploads\/2023\/03\/consejo-salario.jpeg?resize=350%2C200 1x, https:\/\/i0.wp.com\/www.24baires.com\/wp-content\/uploads\/2023\/03\/consejo-salario.jpeg?resize=525%2C300 1.5x, https:\/\/i0.wp.com\/www.24baires.com\/wp-content\/uploads\/2023\/03\/consejo-salario.jpeg?resize=700%2C400 2x"},"classes":[]},{"id":111863,"url":"https:\/\/www.24baires.com\/?p=111863","url_meta":{"origin":79350,"position":1},"title":"El gobierno se re\u00fane con empresarios y la CGT para evaluar aumento del salario m\u00ednimo","author":"GB","date":"30\/08\/2019","format":false,"excerpt":"Desde el mediod\u00eda se espera que se lleve a cabo el encuentro entre las partes y en simult\u00e1neo habr\u00e1 manifestaciones para reclamar un incremento que pueda contener la p\u00e9rdida del poder adquisitivo. Este viernes desde las 12 el gobierno nacional encabezar\u00e1 la reuni\u00f3n del Consejo del Salario M\u00ednimo, Vital y\u2026","rel":"","context":"En \u00abPol\u00edtica\u00bb","block_context":{"text":"Pol\u00edtica","link":"https:\/\/www.24baires.com\/?cat=51"},"img":{"alt_text":"","src":"https:\/\/i0.wp.com\/www.24baires.com\/wp-content\/uploads\/2016\/09\/cgt.jpg?resize=350%2C200","width":350,"height":200,"srcset":"https:\/\/i0.wp.com\/www.24baires.com\/wp-content\/uploads\/2016\/09\/cgt.jpg?resize=350%2C200 1x, https:\/\/i0.wp.com\/www.24baires.com\/wp-content\/uploads\/2016\/09\/cgt.jpg?resize=525%2C300 1.5x"},"classes":[]},{"id":116337,"url":"https:\/\/www.24baires.com\/?p=116337","url_meta":{"origin":79350,"position":2},"title":"El Gobierno ampli\u00f3 el programa ATP a sectores del turismo","author":"GB","date":"28\/09\/2020","format":false,"excerpt":"El Poder Ejecutivo decidi\u00f3 ampliar el ATP a 15 sectores caracterizados como cr\u00edticos, en su mayor\u00eda vinculados al turismo. El Gobierno nacional resolvi\u00f3 declarar 15 nuevos sectores como cr\u00edticos, la mayor\u00eda vinculados con el turismo, y los incluy\u00f3 en el Programa de Asistencia de Emergencia al Trabajo y la Producci\u00f3n\u2026","rel":"","context":"En \u00abPol\u00edtica\u00bb","block_context":{"text":"Pol\u00edtica","link":"https:\/\/www.24baires.com\/?cat=51"},"img":{"alt_text":"","src":"https:\/\/i0.wp.com\/www.24baires.com\/wp-content\/uploads\/2020\/08\/alberto-anuncio.jpg?resize=350%2C200","width":350,"height":200,"srcset":"https:\/\/i0.wp.com\/www.24baires.com\/wp-content\/uploads\/2020\/08\/alberto-anuncio.jpg?resize=350%2C200 1x, https:\/\/i0.wp.com\/www.24baires.com\/wp-content\/uploads\/2020\/08\/alberto-anuncio.jpg?resize=525%2C300 1.5x"},"classes":[]},{"id":116471,"url":"https:\/\/www.24baires.com\/?p=116471","url_meta":{"origin":79350,"position":3},"title":"Se acord\u00f3 un aumento de 28% para salario m\u00ednimo, vital y m\u00f3vil","author":"AF","date":"14\/10\/2020","format":false,"excerpt":"Los ajustes ser\u00e1n de 12% en octubre, 10% en diciembre y 6% en marzo. La CGT pidi\u00f3 que se vuelva a reunir el plenario en abril 2021, luego del \u00faltimo aumento programado. El Consejo del Empleo, la Productividad y el Salario M\u00ednimo, Vital y M\u00f3vil fij\u00f3 un aumento de 28%\u2026","rel":"","context":"En \u00abSociedad\u00bb","block_context":{"text":"Sociedad","link":"https:\/\/www.24baires.com\/?cat=1"},"img":{"alt_text":"","src":"https:\/\/i0.wp.com\/www.24baires.com\/wp-content\/uploads\/2018\/11\/industria.jpg?resize=350%2C200","width":350,"height":200,"srcset":"https:\/\/i0.wp.com\/www.24baires.com\/wp-content\/uploads\/2018\/11\/industria.jpg?resize=350%2C200 1x, https:\/\/i0.wp.com\/www.24baires.com\/wp-content\/uploads\/2018\/11\/industria.jpg?resize=525%2C300 1.5x"},"classes":[]},{"id":112419,"url":"https:\/\/www.24baires.com\/?p=112419","url_meta":{"origin":79350,"position":4},"title":"Estatales bonaerenses, en \u00abasamblea permanente\u00bb por un reclamo contra Vidal","author":"AF","date":"08\/10\/2019","format":false,"excerpt":"La Federaci\u00f3n de Gremios Estatales y Particulares de la Provincia de Buenos Aires (FEGEPPBA) reclama que se ejecute una \u201ccl\u00e1usula gatillo\u201d por el enorme deterioro de los salarios. Gremios estatales de la Provincia de Buenos Aires est\u00e1n en estado de \u201calerta y asamblea permanente\u201d en reclamo por el atraso salarial.\u2026","rel":"","context":"En \u00abSociedad\u00bb","block_context":{"text":"Sociedad","link":"https:\/\/www.24baires.com\/?cat=1"},"img":{"alt_text":"","src":"https:\/\/i0.wp.com\/www.24baires.com\/wp-content\/uploads\/2019\/03\/vidal.jpg?resize=350%2C200","width":350,"height":200,"srcset":"https:\/\/i0.wp.com\/www.24baires.com\/wp-content\/uploads\/2019\/03\/vidal.jpg?resize=350%2C200 1x, https:\/\/i0.wp.com\/www.24baires.com\/wp-content\/uploads\/2019\/03\/vidal.jpg?resize=525%2C300 1.5x"},"classes":[]},{"id":104731,"url":"https:\/\/www.24baires.com\/?p=104731","url_meta":{"origin":79350,"position":5},"title":"Gremios ferroviarios levantaron el paro que hab\u00edan anunciado","author":"GB","date":"02\/10\/2018","format":false,"excerpt":"Las cuatro entidades que representan a los trabajadores ferroviarios llegaron a un acuerdo salarial con el Gobierno y dejaron sin efecto una medida de fuerza planteada para ma\u00f1ana, martes 2 de octubre. A contrarreloj, el Gobierno nacional logr\u00f3 acordar con los cuatro gremios que representan a los trabajadores ferroviarios y\u2026","rel":"","context":"En \u00abSociedad\u00bb","block_context":{"text":"Sociedad","link":"https:\/\/www.24baires.com\/?cat=1"},"img":{"alt_text":"","src":"https:\/\/i0.wp.com\/www.24baires.com\/wp-content\/uploads\/2018\/09\/trenes.jpg?resize=350%2C200","width":350,"height":200,"srcset":"https:\/\/i0.wp.com\/www.24baires.com\/wp-content\/uploads\/2018\/09\/trenes.jpg?resize=350%2C200 1x, https:\/\/i0.wp.com\/www.24baires.com\/wp-content\/uploads\/2018\/09\/trenes.jpg?resize=525%2C300 1.5x"},"classes":[]}],"jetpack_sharing_enabled":true,"jetpack_likes_enabled":true,"_links":{"self":[{"href":"https:\/\/www.24baires.com\/index.php?rest_route=\/wp\/v2\/posts\/79350","targetHints":{"allow":["GET"]}}],"collection":[{"href":"https:\/\/www.24baires.com\/index.php?rest_route=\/wp\/v2\/posts"}],"about":[{"href":"https:\/\/www.24baires.com\/index.php?rest_route=\/wp\/v2\/types\/post"}],"author":[{"embeddable":true,"href":"https:\/\/www.24baires.com\/index.php?rest_route=\/wp\/v2\/users\/4"}],"replies":[{"embeddable":true,"href":"https:\/\/www.24baires.com\/index.php?rest_route=%2Fwp%2Fv2%2Fcomments&post=79350"}],"version-history":[{"count":1,"href":"https:\/\/www.24baires.com\/index.php?rest_route=\/wp\/v2\/posts\/79350\/revisions"}],"predecessor-version":[{"id":79352,"href":"https:\/\/www.24baires.com\/index.php?rest_route=\/wp\/v2\/posts\/79350\/revisions\/79352"}],"wp:attachment":[{"href":"https:\/\/www.24baires.com\/index.php?rest_route=%2Fwp%2Fv2%2Fmedia&parent=79350"}],"wp:term":[{"taxonomy":"category","embeddable":true,"href":"https:\/\/www.24baires.com\/index.php?rest_route=%2Fwp%2Fv2%2Fcategories&post=79350"},{"taxonomy":"post_tag","embeddable":true,"href":"https:\/\/www.24baires.com\/index.php?rest_route=%2Fwp%2Fv2%2Ftags&post=79350"}],"curies":[{"name":"wp","href":"https:\/\/api.w.org\/{rel}","templated":true}]}}