{"id":7934,"date":"2012-12-05T09:32:45","date_gmt":"2012-12-05T12:32:45","guid":{"rendered":"http:\/\/www.24baires.com\/?p=7934"},"modified":"2012-12-05T10:33:03","modified_gmt":"2012-12-05T13:33:03","slug":"don-torcuato-un-gran-incendio-destruyo-una-fabrica-dedicada-a-la-perfumeria","status":"publish","type":"post","link":"https:\/\/www.24baires.com\/?p=7934","title":{"rendered":"Don Torcuato: un gran incendio destruy\u00f3 una f\u00e1brica dedicada a la perfumer\u00eda"},"content":{"rendered":"<p><img data-recalc-dims=\"1\" loading=\"lazy\" decoding=\"async\" class=\"alignleft size-medium wp-image-7935\" title=\"incendio don torcuato\" src=\"https:\/\/i0.wp.com\/www.24baires.com\/wp-content\/uploads\/2012\/12\/incendio-don-torcuato.jpg?resize=300%2C179\" alt=\"\" width=\"300\" height=\"179\" srcset=\"https:\/\/i0.wp.com\/www.24baires.com\/wp-content\/uploads\/2012\/12\/incendio-don-torcuato.jpg?resize=300%2C179&amp;ssl=1 300w, https:\/\/i0.wp.com\/www.24baires.com\/wp-content\/uploads\/2012\/12\/incendio-don-torcuato.jpg?w=560&amp;ssl=1 560w\" sizes=\"auto, (max-width: 300px) 100vw, 300px\" \/>Un incendio de grandes proporciones destruy\u00f3 en la ma\u00f1ana de este mi\u00e9rcoles una f\u00e1brica dedicada a la perfumer\u00eda y cosm\u00e9tica en la localidad de Don Torcuato, partido de Tigre, informaron bomberos de ese distrito.<!--more--><br \/>\nEl siniestro se inici\u00f3 alrededor de las 4 en la planta de la empresa Firmenich S.A., ubicada en la colectora de la autopista Panamericana y ruta 202, y fue combatido por 40 dotaciones, integradas por unos 150 bomberos.<br \/>\nSe trata de una f\u00e1brica de esencias y fragancias destinadas a la cosmetolog\u00eda que trabaja mayormente con productos qu\u00edmicos muy inflamables<br \/>\nHacia las 7:40 uno de los jefes de bomberos a cargo del operativo dijo a la prensa que el fuego ya estaba controlado y que se trabajaba \u00abdesde dos frentes\u00bb, dejando que \u00aben el medio permanezca prendido para que no haya derrames\u00bb.<br \/>\nEl jefe remarc\u00f3 que \u00abno hay riesgo de que se propague a inmuebles linderos\u00bb y que \u00abno se reportan heridos\u00bb.<br \/>\nPor su parte empleados de la f\u00e1brica recordaron que \u00abhubo autoevacuaci\u00f3n\u00bb de las pocas personas que se encontraban en el lugar en el momento en que se inici\u00f3 el incendio.<br \/>\nTambi\u00e9n dijeron que las llamas \u00abalcanzaron hasta los diez metros\u00bb de altura en algunos momentos y que \u00abse pudieron escuchar tres explosiones\u00bb.<br \/>\nTrabajaron para combatir el fuego dotaciones de bomberos de los cuarteles de Don Torcuato, General Pacheco, Tigre, San Fernando, San Isidro, Vicente L\u00f3pez y Moreno.<\/p>\n","protected":false},"excerpt":{"rendered":"<p>Un incendio de grandes proporciones destruy\u00f3 en la ma\u00f1ana de este mi\u00e9rcoles una f\u00e1brica dedicada a la perfumer\u00eda y cosm\u00e9tica en la localidad de Don Torcuato, partido de Tigre, informaron bomberos de ese distrito.<\/p>\n","protected":false},"author":4,"featured_media":0,"comment_status":"open","ping_status":"open","sticky":false,"template":"","format":"standard","meta":{"_jetpack_newsletter_access":"","_jetpack_dont_email_post_to_subs":false,"_jetpack_newsletter_tier_id":0,"_jetpack_memberships_contains_paywalled_content":false,"_jetpack_memberships_contains_paid_content":false,"footnotes":""},"categories":[38],"tags":[],"class_list":["post-7934","post","type-post","status-publish","format-standard","hentry","category-locales"],"jetpack_featured_media_url":"","jetpack_shortlink":"https:\/\/wp.me\/p2JWE0-23Y","jetpack-related-posts":[{"id":63630,"url":"https:\/\/www.24baires.com\/?p=63630","url_meta":{"origin":7934,"position":0},"title":"Se incendi\u00f3 una f\u00e1brica de guantes en General Pacheco","author":"AF","date":"27\/03\/2015","format":false,"excerpt":"El fuego se declar\u00f3 alrededor de las 2.30 en una f\u00e1brica de guantes, ubicada en Estanislao Zeballos 1013, a tres cuadras de Panamericana por motivos que se desconocen. Al menos 20 dotaciones de bomberos controlaron un incendio que se desat\u00f3 esta madrugada en un f\u00e1brica de guantes en la localidad\u2026","rel":"","context":"En \u00abLocales\u00bb","block_context":{"text":"Locales","link":"https:\/\/www.24baires.com\/?cat=38"},"img":{"alt_text":"","src":"","width":0,"height":0},"classes":[]},{"id":3913,"url":"https:\/\/www.24baires.com\/?p=3913","url_meta":{"origin":7934,"position":1},"title":"Furioso incendio en una f\u00e1brica de vidrios de Bernal","author":"Grupo Sierra","date":"30\/10\/2012","format":false,"excerpt":"Veinte dotaciones de bomberos combat\u00edan un incendio de grandes proporciones en el interior de una f\u00e1brica de envases de vidrio situada en la localidad de Bernal Oeste. No se registraron heridos. El incendio comenz\u00f3 pasadas las 18 en un galp\u00f3n de unos 40 por 100 metros donde se almacenaban pl\u00e1sticos\u2026","rel":"","context":"En \u00abPoliciales\u00bb","block_context":{"text":"Policiales","link":"https:\/\/www.24baires.com\/?cat=49"},"img":{"alt_text":"","src":"","width":0,"height":0},"classes":[]},{"id":87373,"url":"https:\/\/www.24baires.com\/?p=87373","url_meta":{"origin":7934,"position":2},"title":"Se incendi\u00f3 una f\u00e1brica de galletitas en Mor\u00f3n","author":"AF","date":"09\/09\/2016","format":false,"excerpt":"Al menos diez dotaciones de bomberos trabajan para controlar el fuego en el inmueble ubicado en el sur de esa localidad bonaerense. No hay heridos. Al menos 10 dotaciones de bomberos trabajan para controlar el fuego en una f\u00e1brica de galletitas ubicada en el sur de la localidad bonaerense de\u2026","rel":"","context":"En \u00abLocales\u00bb","block_context":{"text":"Locales","link":"https:\/\/www.24baires.com\/?cat=38"},"img":{"alt_text":"moron-incendio","src":"https:\/\/i0.wp.com\/www.24baires.com\/wp-content\/uploads\/2016\/09\/mor%C3%B3n-incendio.jpg?resize=350%2C200","width":350,"height":200},"classes":[]},{"id":27759,"url":"https:\/\/www.24baires.com\/?p=27759","url_meta":{"origin":7934,"position":3},"title":"Voraz incendio en una f\u00e1brica de envases del Grupo Arcor","author":"Grupo Sierra","date":"07\/07\/2013","format":false,"excerpt":"LUJ\u00c1N.- El fuego se inici\u00f3 esta madrugada en una f\u00e1brica de envases de golosinas y fue combatido por 21 dotaciones de bomberos, seg\u00fan confirm\u00f3 el Jefe del Cuerpo de Bomberos Voluntarios del partido bonaerense. El incendio provoc\u00f3 la destrucci\u00f3n total de la nave principal de la planta y quemaduras a\u2026","rel":"","context":"En \u00abPoliciales\u00bb","block_context":{"text":"Policiales","link":"https:\/\/www.24baires.com\/?cat=49"},"img":{"alt_text":"incendio_lujan_070713_5_ef_79039","src":"https:\/\/i0.wp.com\/www.24baires.com\/wp-content\/uploads\/2013\/07\/incendio_lujan_070713_5_ef_79039.jpg?resize=350%2C200","width":350,"height":200,"srcset":"https:\/\/i0.wp.com\/www.24baires.com\/wp-content\/uploads\/2013\/07\/incendio_lujan_070713_5_ef_79039.jpg?resize=350%2C200 1x, https:\/\/i0.wp.com\/www.24baires.com\/wp-content\/uploads\/2013\/07\/incendio_lujan_070713_5_ef_79039.jpg?resize=525%2C300 1.5x"},"classes":[]},{"id":19418,"url":"https:\/\/www.24baires.com\/?p=19418","url_meta":{"origin":7934,"position":4},"title":"Un incendio en una f\u00e1brica de productos qu\u00edmicos de Munro produjo zozobra en la zona","author":"Grupo Sierra","date":"26\/03\/2013","format":false,"excerpt":"Un incendio de grandes proporciones destruy\u00f3 dep\u00f3sitos y galpones de una manufacturera de productos qu\u00edmicos de Munro, en Vicente L\u00f3pez, al norte del Conurbano bonaerense. El fuego se inici\u00f3 cerca de las 4:30 en el interior de una planta y r\u00e1pidamente se extendi\u00f3 por las instalaciones, amenazando tambi\u00e9n a viviendas\u2026","rel":"","context":"En \u00abPoliciales\u00bb","block_context":{"text":"Policiales","link":"https:\/\/www.24baires.com\/?cat=49"},"img":{"alt_text":"incendio munro","src":"https:\/\/i0.wp.com\/www.24baires.com\/wp-content\/uploads\/2013\/03\/incendio-munro.jpg?resize=350%2C200","width":350,"height":200},"classes":[]},{"id":42034,"url":"https:\/\/www.24baires.com\/?p=42034","url_meta":{"origin":7934,"position":5},"title":"San Mart\u00edn: 12 dotaciones de bomberos combatieron incendio en una f\u00e1brica","author":"Grupo Sierra","date":"13\/03\/2014","format":false,"excerpt":"Un incendio de importantes dimensiones destruy\u00f3 esta madrugada una f\u00e1brica textil en el partido bonaerense de San Mart\u00edn, sin que se reportaran v\u00edctimas. El siniestro, que se inici\u00f3 cerca de las 3 en el predio situado en el cruce de Mercedes y Colombia, en el barrio Villa Zagala, una zona\u2026","rel":"","context":"En \u00abLocales\u00bb","block_context":{"text":"Locales","link":"https:\/\/www.24baires.com\/?cat=38"},"img":{"alt_text":"bomberos-combatieron-incendio-fabrica-textil","src":"https:\/\/i0.wp.com\/www.24baires.com\/wp-content\/uploads\/2014\/03\/bomberos-combatieron-incendio-fabrica-textil-300x169.jpg?resize=350%2C200","width":350,"height":200},"classes":[]}],"jetpack_sharing_enabled":true,"jetpack_likes_enabled":true,"_links":{"self":[{"href":"https:\/\/www.24baires.com\/index.php?rest_route=\/wp\/v2\/posts\/7934","targetHints":{"allow":["GET"]}}],"collection":[{"href":"https:\/\/www.24baires.com\/index.php?rest_route=\/wp\/v2\/posts"}],"about":[{"href":"https:\/\/www.24baires.com\/index.php?rest_route=\/wp\/v2\/types\/post"}],"author":[{"embeddable":true,"href":"https:\/\/www.24baires.com\/index.php?rest_route=\/wp\/v2\/users\/4"}],"replies":[{"embeddable":true,"href":"https:\/\/www.24baires.com\/index.php?rest_route=%2Fwp%2Fv2%2Fcomments&post=7934"}],"version-history":[{"count":1,"href":"https:\/\/www.24baires.com\/index.php?rest_route=\/wp\/v2\/posts\/7934\/revisions"}],"predecessor-version":[{"id":7936,"href":"https:\/\/www.24baires.com\/index.php?rest_route=\/wp\/v2\/posts\/7934\/revisions\/7936"}],"wp:attachment":[{"href":"https:\/\/www.24baires.com\/index.php?rest_route=%2Fwp%2Fv2%2Fmedia&parent=7934"}],"wp:term":[{"taxonomy":"category","embeddable":true,"href":"https:\/\/www.24baires.com\/index.php?rest_route=%2Fwp%2Fv2%2Fcategories&post=7934"},{"taxonomy":"post_tag","embeddable":true,"href":"https:\/\/www.24baires.com\/index.php?rest_route=%2Fwp%2Fv2%2Ftags&post=7934"}],"curies":[{"name":"wp","href":"https:\/\/api.w.org\/{rel}","templated":true}]}}