{"id":7931,"date":"2012-12-05T09:45:10","date_gmt":"2012-12-05T12:45:10","guid":{"rendered":"http:\/\/www.24baires.com\/?p=7931"},"modified":"2012-12-05T10:23:12","modified_gmt":"2012-12-05T13:23:12","slug":"charla-sobre-la-nueva-ley-de-musica-a-cargo-de-el-otro-yo","status":"publish","type":"post","link":"https:\/\/www.24baires.com\/?p=7931","title":{"rendered":"Charla sobre la nueva Ley de M\u00fasica a cargo de &#8216;El otro yo&#8217;"},"content":{"rendered":"<p><strong>NECOCHEA &#8211;<\/strong> En la tarde de este mi\u00e9rcoles se desarrollar\u00e1 en el Sal\u00f3n de Actos de la Municipalidad una charla debate sobre la ley nacional de la m\u00fasica.<!--more--><\/p>\n<p>Esta charla tendr\u00e1 lugar a partir de las 14 y se presentar\u00e1n como disertantes Cristian Aldana, de \u00abEl otro yo\u00bb y Nicol\u00e1s Carrillo, de \u00abLos Hurones\u00bb, que es una banda de Tandil.<\/p>\n<p>Adem\u00e1s de estos panelista tambi\u00e9n habr\u00e1 artistas locales, por lo que se invita a participar de esta charla a m\u00fasicos y artistas locales, como tambi\u00e9n al p\u00fablico a tomar parte durante la tarde de este mi\u00e9rcoles en el municipio local.<\/p>\n","protected":false},"excerpt":{"rendered":"<p>NECOCHEA &#8211; En la tarde de este mi\u00e9rcoles se desarrollar\u00e1 en el Sal\u00f3n de Actos de la Municipalidad una charla debate sobre la ley nacional de la m\u00fasica.<\/p>\n","protected":false},"author":4,"featured_media":0,"comment_status":"open","ping_status":"open","sticky":false,"template":"","format":"standard","meta":{"_jetpack_newsletter_access":"","_jetpack_dont_email_post_to_subs":false,"_jetpack_newsletter_tier_id":0,"_jetpack_memberships_contains_paywalled_content":false,"_jetpack_memberships_contains_paid_content":false,"footnotes":""},"categories":[38],"tags":[],"class_list":["post-7931","post","type-post","status-publish","format-standard","hentry","category-locales"],"jetpack_featured_media_url":"","jetpack_shortlink":"https:\/\/wp.me\/p2JWE0-23V","jetpack-related-posts":[{"id":37251,"url":"https:\/\/www.24baires.com\/?p=37251","url_meta":{"origin":7931,"position":0},"title":"El AFSCA y M\u00fasicos Independientes Organizados se unen en Mar del Plata","author":"Grupo Sierra","date":"21\/12\/2013","format":false,"excerpt":"El anuncio del acuerdo se hizo mediante una conferencia de prensa en la que participaron dirigentes de ambas instituciones. Fernando Araujo, coordinador de la Regi\u00f3n Mar del Plata del AFSCA y Fabio Tagliaferri, presidente de la organizaci\u00f3n M\u00fasicos Independientes Organizados, anunciaron las nuevas estrategias en conjunto para avanzar sobre la\u2026","rel":"","context":"En \u00abLocales\u00bb","block_context":{"text":"Locales","link":"https:\/\/www.24baires.com\/?cat=38"},"img":{"alt_text":"","src":"","width":0,"height":0},"classes":[]},{"id":43299,"url":"https:\/\/www.24baires.com\/?p=43299","url_meta":{"origin":7931,"position":1},"title":"Realizar\u00e1n un homenaje a las v\u00edctimas de la inundaci\u00f3n de La Plata","author":"GB","date":"04\/04\/2014","format":false,"excerpt":"LA PLATA-Los integrantes del espacio pol\u00edtico y cultural \"Mil Flores\" realizar\u00e1n ma\u00f1ana una jornada cultural y solidaria para recordar la tr\u00e1gica inundaci\u00f3n que afect\u00f3 a La Plata en abril de 2013. Seg\u00fan se inform\u00f3, la agrupaci\u00f3n kirchnerista realizar\u00e1 un evento que contar\u00e1 con charlas, espect\u00e1culos, intervenciones art\u00edsticas y una radio\u2026","rel":"","context":"En \u00abLocales\u00bb","block_context":{"text":"Locales","link":"https:\/\/www.24baires.com\/?cat=38"},"img":{"alt_text":"inundaci\u00f3n LP2","src":"https:\/\/i0.wp.com\/www.24baires.com\/wp-content\/uploads\/2013\/12\/inundaci%C3%B3n-LP2.jpg?resize=350%2C200","width":350,"height":200},"classes":[]},{"id":52584,"url":"https:\/\/www.24baires.com\/?p=52584","url_meta":{"origin":7931,"position":2},"title":"Realizar\u00e1n una charla sobre Comunicaci\u00f3n Popular en Ensenada","author":"GB","date":"27\/08\/2014","format":false,"excerpt":"Una charla sobre Comunicaci\u00f3n Popular se realizar\u00e1 este mi\u00e9rcoles a las 18.30 horas en la sede de la C\u00e1mara de Comercio e Industria de Ensenada, ubicada en calle La Merced entre Don Bosco y Presidente Per\u00f3n. Cabe destacar que la charla ser\u00e1 abierta a todo p\u00fablico y estar\u00e1 enmarcada dentro\u2026","rel":"","context":"En \u00abLocales\u00bb","block_context":{"text":"Locales","link":"https:\/\/www.24baires.com\/?cat=38"},"img":{"alt_text":"walsh","src":"https:\/\/i0.wp.com\/www.24baires.com\/wp-content\/uploads\/2014\/08\/walsh.jpg?resize=350%2C200","width":350,"height":200,"srcset":"https:\/\/i0.wp.com\/www.24baires.com\/wp-content\/uploads\/2014\/08\/walsh.jpg?resize=350%2C200 1x, https:\/\/i0.wp.com\/www.24baires.com\/wp-content\/uploads\/2014\/08\/walsh.jpg?resize=525%2C300 1.5x"},"classes":[]},{"id":46285,"url":"https:\/\/www.24baires.com\/?p=46285","url_meta":{"origin":7931,"position":3},"title":"El pr\u00f3ximo viernes comenzar\u00e1 la 2\u00b0 edici\u00f3n de la Feria del Libro en La Plata","author":"GB","date":"19\/05\/2014","format":false,"excerpt":"Luego del \u00e9xito de la primera Feria del Libro \u201cCiudad de La Plata\u201d, vuelve la segunda edici\u00f3n de lo que ser\u00e1 el evento cultural m\u00e1s importante del a\u00f1o en nuestra ciudad, desde el 23 de mayo hasta el 1 de junio a partir de las 13hs en el Pasaje Dardo\u2026","rel":"","context":"En \u00abSociedad\u00bb","block_context":{"text":"Sociedad","link":"https:\/\/www.24baires.com\/?cat=1"},"img":{"alt_text":"feria del libro","src":"https:\/\/i0.wp.com\/www.24baires.com\/wp-content\/uploads\/2014\/05\/feria-del-libro.jpg?resize=350%2C200","width":350,"height":200,"srcset":"https:\/\/i0.wp.com\/www.24baires.com\/wp-content\/uploads\/2014\/05\/feria-del-libro.jpg?resize=350%2C200 1x, https:\/\/i0.wp.com\/www.24baires.com\/wp-content\/uploads\/2014\/05\/feria-del-libro.jpg?resize=525%2C300 1.5x"},"classes":[]},{"id":38664,"url":"https:\/\/www.24baires.com\/?p=38664","url_meta":{"origin":7931,"position":4},"title":"Presentan charla sobre bullying en Mar del Plata","author":"Grupo Sierra","date":"17\/01\/2014","format":false,"excerpt":"La misma, de caracter informativa y preventiva, esta organizada por la secretar\u00eda de ni\u00f1ez y adolescencia bonaerense y se llevar\u00e1 a cabo hoy a las 18. Esta tarde, desde las 18 horas en Las Toscas, se realizar\u00e1 una charla informativa y preventiva sobre acoso escolar y bullying. La misma, fue\u2026","rel":"","context":"En \u00abLocales\u00bb","block_context":{"text":"Locales","link":"https:\/\/www.24baires.com\/?cat=38"},"img":{"alt_text":"","src":"","width":0,"height":0},"classes":[]},{"id":21756,"url":"https:\/\/www.24baires.com\/?p=21756","url_meta":{"origin":7931,"position":5},"title":"Rocambole expondr\u00e1 sus obras durante mayo en Lincoln","author":"AF","date":"24\/04\/2013","format":false,"excerpt":"Estar\u00e1 abierta a todo el p\u00fablico de forma gratuita hasta el 25 de Mayo inclusive. Luego de la apertura, que contar\u00e1 con la presencia del Intendente, Jorge Fern\u00e1ndez y de la Secretaria, Marina Monti, el artista \u2013profesor de la Universidad de La Plata- brindar\u00e1 una charla abierta ante los presentes.\u2026","rel":"","context":"En \u00abLocales\u00bb","block_context":{"text":"Locales","link":"https:\/\/www.24baires.com\/?cat=38"},"img":{"alt_text":"rocambole","src":"https:\/\/i0.wp.com\/www.24baires.com\/wp-content\/uploads\/2013\/04\/rocambole1.jpg?resize=350%2C200","width":350,"height":200,"srcset":"https:\/\/i0.wp.com\/www.24baires.com\/wp-content\/uploads\/2013\/04\/rocambole1.jpg?resize=350%2C200 1x, https:\/\/i0.wp.com\/www.24baires.com\/wp-content\/uploads\/2013\/04\/rocambole1.jpg?resize=525%2C300 1.5x"},"classes":[]}],"jetpack_sharing_enabled":true,"jetpack_likes_enabled":true,"_links":{"self":[{"href":"https:\/\/www.24baires.com\/index.php?rest_route=\/wp\/v2\/posts\/7931","targetHints":{"allow":["GET"]}}],"collection":[{"href":"https:\/\/www.24baires.com\/index.php?rest_route=\/wp\/v2\/posts"}],"about":[{"href":"https:\/\/www.24baires.com\/index.php?rest_route=\/wp\/v2\/types\/post"}],"author":[{"embeddable":true,"href":"https:\/\/www.24baires.com\/index.php?rest_route=\/wp\/v2\/users\/4"}],"replies":[{"embeddable":true,"href":"https:\/\/www.24baires.com\/index.php?rest_route=%2Fwp%2Fv2%2Fcomments&post=7931"}],"version-history":[{"count":2,"href":"https:\/\/www.24baires.com\/index.php?rest_route=\/wp\/v2\/posts\/7931\/revisions"}],"predecessor-version":[{"id":7933,"href":"https:\/\/www.24baires.com\/index.php?rest_route=\/wp\/v2\/posts\/7931\/revisions\/7933"}],"wp:attachment":[{"href":"https:\/\/www.24baires.com\/index.php?rest_route=%2Fwp%2Fv2%2Fmedia&parent=7931"}],"wp:term":[{"taxonomy":"category","embeddable":true,"href":"https:\/\/www.24baires.com\/index.php?rest_route=%2Fwp%2Fv2%2Fcategories&post=7931"},{"taxonomy":"post_tag","embeddable":true,"href":"https:\/\/www.24baires.com\/index.php?rest_route=%2Fwp%2Fv2%2Ftags&post=7931"}],"curies":[{"name":"wp","href":"https:\/\/api.w.org\/{rel}","templated":true}]}}