{"id":7927,"date":"2012-12-05T09:20:45","date_gmt":"2012-12-05T12:20:45","guid":{"rendered":"http:\/\/www.24baires.com\/?p=7927"},"modified":"2012-12-05T10:17:16","modified_gmt":"2012-12-05T13:17:16","slug":"comienza-el-juicio-por-la-muerte-de-tomas-el-nene-de-9-anos-asesinado-a-golpes-en-lincoln","status":"publish","type":"post","link":"https:\/\/www.24baires.com\/?p=7927","title":{"rendered":"Comienza el juicio por la muerte de Tom\u00e1s, el nene de 9 a\u00f1os asesinado a golpes en Lincoln"},"content":{"rendered":"<p>Se trata del ni\u00f1o de 9 a\u00f1os asesinado a golpes en la localidad bonaerense de Lincoln el 15 de noviembre del a\u00f1o pasado. El juicio comenzar\u00e1 en Jun\u00edn con su ex padrastro, Adalberto Cuello, como \u00fanico acusado.<!--more--><br \/>\nFuentes judiciales confirmaron que el debate oral se desarrollar\u00e1 desde las 10 en los Tribunales de Jun\u00edn, ubicados en Bartolom\u00e9 Mitre 2, y estar\u00e1 a cargo del Tribunal Oral en lo Criminal (TOC) 1, integrado por los jueces Miguel \u00c1ngel Vilaseca Parisi, Karina Lorena Piegari y Claudia Beatriz Dana.<br \/>\nLa parte acusadora estar\u00e1 conformada por el fiscal Javier Ochoaizpuro, quien tambi\u00e9n instruy\u00f3 la causa al mando de la Unidad Funcional de Instrucci\u00f3n (UFI) 2 de Jun\u00edn, y la madre de Tom\u00e1s, quien contar\u00e1 con la representaci\u00f3n del abogado Carlos Torrens.<br \/>\nPor su parte, Cuello, quien llega acusado del delito de \u00abhomicidio agravado por ensa\u00f1amiento y alevos\u00eda\u00bb, tendr\u00e1 el asesoramiento del defensor oficial Gerardo Doyle.<br \/>\nSeg\u00fan anticip\u00f3 Ochoaizpuro, los magistrados estipularon que en las primeras tres audiencias del juicio, es decir este mi\u00e9rcoles, el viernes y el martes de la semana pr\u00f3xima, se desarrollen las declaraciones de los cerca de 40 testigos citados por las distintas partes.<br \/>\nEn tanto, se prev\u00e9 que el juicio se extienda por al menos una o dos jornadas m\u00e1s, en las que la fiscal\u00eda, el particular damnificado y la defensa formular\u00e1n sus alegatos, el imputado tendr\u00e1 la oportunidad de decir sus \u00ab\u00faltimas palabras\u00bb del proceso y finalmente los jueces dar\u00e1n a conocer el veredicto.<br \/>\nOchoaizpuro dijo que \u00abhay muchos elementos probatorios\u00bb (contra Cuello), en referencia a las pruebas reunidas durante la etapa de investigaci\u00f3n de la causa y que fueron determinantes para su imputaci\u00f3n, entre las que enumer\u00f3: \u00abEst\u00e1n los ADN, los testimonios, las escuchas telef\u00f3nicas, las pericias\u00bb.<br \/>\nPor su parte, la madre del ni\u00f1o, Susana Santill\u00e1n, asegur\u00f3 que se siente \u00abfuerte, para verle la cara\u00bb a su ex pareja, y aclar\u00f3 que estar\u00e1 presente en todas las audiencias del debate.<br \/>\nDesde que Tom\u00e1s fue hallado muerto dos d\u00edas despu\u00e9s de haber desaparecido, la pesquisa estuvo orientada a Cuello como principal sospechoso, ya que abundaban testigos que indicaban que no ten\u00eda buena relaci\u00f3n con el ni\u00f1o, al que responsabilizaba por la ruptura de la relaci\u00f3n con su madre, de quien se hab\u00eda separado.<br \/>\nEntre los principales elementos que incriminan a Cuello se encuentra una pala de punta que el acusado -alba\u00f1il- usaba para trabajar, que seg\u00fan la autopsia ser\u00eda compatible con las heridas en el cr\u00e1neo de Tom\u00e1s y que fue hallada cerca de la escena del crimen, junto a la mochila y el guardapolvo del ni\u00f1o.<br \/>\nAdem\u00e1s, de acuerdo al expediente, el fiscal consider\u00f3 relevantes las declaraciones de un primo de Tom\u00e1s, que sol\u00eda regresar con \u00e9l a la casa tras salir de la escuela, quien cont\u00f3 ante la Justicia que Cuello hab\u00eda comenzado a seguirlos 15 d\u00edas antes y que esa situaci\u00f3n les provocaba mucho miedo.<br \/>\nEl primo asegur\u00f3 que Cuello sol\u00eda golpear a Tom\u00e1s y record\u00f3 que cuando ambos \u00abve\u00edan la camioneta blanca (del acusado) les agarraba dolor de panza, ganas de hacer pis\u00bb.<br \/>\nUno de los peritajes m\u00e1s importantes realizados durante la pesquisa fue el que se efectu\u00f3 sobre el auto Fiat Palio Weekend de la novia de Cuello y que el acusado manejaba el d\u00eda del crimen, en el que encontr\u00f3 el perfil gen\u00e9tico de Tom\u00e1s.<br \/>\nSiempre seg\u00fan figura en la causa, esa evidencia fue obtenida de la manija de la puerta del acompa\u00f1ante del veh\u00edculo, al tiempo que el ADN de Cuello fue hallado en el volante del auto.<br \/>\nTom\u00e1s desapareci\u00f3 el mediod\u00eda del 15 de noviembre de 2011, alrededor de las 12.15, cuando sali\u00f3 de la escuela rumbo a su casa.<br \/>\nAl no tener noticias suyas, su madre radic\u00f3 una denuncia y, tras dos d\u00edas de b\u00fasqueda, el cuerpo golpeado de Tom\u00e1s fue hallado el 17 de noviembre en el predio rural \u00abLa Vieja\u00bb, en las afueras de la ciudad.<br \/>\nSeg\u00fan el informe de autopsia, Tom\u00e1s recibi\u00f3 golpes contundentes en las zonas craneal, abdominal, lumbar y en extremidades, que le provocaron fracturas y luego su muerte.<\/p>\n","protected":false},"excerpt":{"rendered":"<p>Se trata del ni\u00f1o de 9 a\u00f1os asesinado a golpes en la localidad bonaerense de Lincoln el 15 de noviembre del a\u00f1o pasado. El juicio comenzar\u00e1 en Jun\u00edn con su ex padrastro, Adalberto Cuello, como \u00fanico acusado.<\/p>\n","protected":false},"author":4,"featured_media":0,"comment_status":"open","ping_status":"open","sticky":false,"template":"","format":"standard","meta":{"_jetpack_newsletter_access":"","_jetpack_dont_email_post_to_subs":false,"_jetpack_newsletter_tier_id":0,"_jetpack_memberships_contains_paywalled_content":false,"_jetpack_memberships_contains_paid_content":false,"footnotes":""},"categories":[1],"tags":[],"class_list":["post-7927","post","type-post","status-publish","format-standard","hentry","category-sociedad"],"jetpack_featured_media_url":"","jetpack_shortlink":"https:\/\/wp.me\/p2JWE0-23R","jetpack-related-posts":[{"id":9362,"url":"https:\/\/www.24baires.com\/?p=9362","url_meta":{"origin":7927,"position":0},"title":"Esta semana se conocer\u00e1 el veredicto a Cuello, acusado de matar a su ex hijastro de 9 a\u00f1os","author":"Grupo Sierra","date":"16\/12\/2012","format":false,"excerpt":"JUN\u00cdN - El veredicto en el juicio que se le sigue a Adalberto Cuello por el crimen de su ex hijastro de 9 a\u00f1os, Tom\u00e1s Dameno Santill\u00e1n, cometido en noviembre de 2011 en la localidad bonaerense de Lincoln, se conocer\u00e1 el pr\u00f3ximo martes en los tribunales de la ciudad de\u2026","rel":"","context":"En \u00abPoliciales\u00bb","block_context":{"text":"Policiales","link":"https:\/\/www.24baires.com\/?cat=49"},"img":{"alt_text":"cuello asesino lincoln","src":"https:\/\/i0.wp.com\/www.24baires.com\/wp-content\/uploads\/2012\/12\/cuello-asesino-lincoln-300x200.jpg?resize=350%2C200","width":350,"height":200},"classes":[]},{"id":9630,"url":"https:\/\/www.24baires.com\/?p=9630","url_meta":{"origin":7927,"position":1},"title":"Prisi\u00f3n perpetua para Cuello por el asesinato de su ex hijastro, Tom\u00e1s","author":"AF","date":"18\/12\/2012","format":false,"excerpt":"Por unanimidad, los jueces decidieron declararlo culpable e hicieron lugar a la pena solicitada por la fiscal\u00eda, que lo hab\u00eda acusado de \"homicidio agravado por ensa\u00f1amiento y alevos\u00eda\". En el fallo, se consider\u00f3 que el imputado asesin\u00f3 pretendiendo \u201cextender el sufrimiento de la v\u00edctima de manera innecesaria\u201d. Adalberto Cuello fue\u2026","rel":"","context":"En \u00abSociedad\u00bb","block_context":{"text":"Sociedad","link":"https:\/\/www.24baires.com\/?cat=1"},"img":{"alt_text":"cuello","src":"https:\/\/i0.wp.com\/www.24baires.com\/wp-content\/uploads\/2012\/12\/cuello-300x200.jpg?resize=350%2C200","width":350,"height":200},"classes":[]},{"id":57698,"url":"https:\/\/www.24baires.com\/?p=57698","url_meta":{"origin":7927,"position":2},"title":"Realizar\u00e1n en Jun\u00edn un juicio por delitos de lesa humanidad","author":"AF","date":"26\/11\/2014","format":false,"excerpt":"Un tribunal federal comenzar\u00e1 este mi\u00e9rcoles a juzgar a 7 represores por los delitos de lesa humanidad cometidos en la localidad bonaerense de Jun\u00edn durante la \u00faltima dictadura militar. La \u201cCausa Jun\u00edn\u201d se llevar\u00e1 a cabo en la sede de la Universidad del Noroeste (Unnoba) e investigar\u00e1 la muerte de\u2026","rel":"","context":"En \u00abLocales\u00bb","block_context":{"text":"Locales","link":"https:\/\/www.24baires.com\/?cat=38"},"img":{"alt_text":"juicio lesa humanidad","src":"https:\/\/i0.wp.com\/www.24baires.com\/wp-content\/uploads\/2012\/11\/juicio-lesa-humanidad.jpg?resize=350%2C200","width":350,"height":200,"srcset":"https:\/\/i0.wp.com\/www.24baires.com\/wp-content\/uploads\/2012\/11\/juicio-lesa-humanidad.jpg?resize=350%2C200 1x, https:\/\/i0.wp.com\/www.24baires.com\/wp-content\/uploads\/2012\/11\/juicio-lesa-humanidad.jpg?resize=525%2C300 1.5x"},"classes":[]},{"id":8053,"url":"https:\/\/www.24baires.com\/?p=8053","url_meta":{"origin":7927,"position":3},"title":"\u00abSi hubiese sabido que iba a matar a mi hijo, lo hubiese matado a \u00e9l antes\u00bb","author":"AF","date":"05\/12\/2012","format":false,"excerpt":"Lo confes\u00f3 Susana Santill\u00e1n, madre de Tom\u00e1s, el ni\u00f1o asesinado a golpes el a\u00f1o pasado en Lincoln, y asegur\u00f3 que nunca imagin\u00f3 que su ex pareja hubiese querido matar a su hijo. \"En mi vida imagin\u00e9 que iba a hacer eso. Si sab\u00eda que lo iba a matar (a Tom\u00e1s),\u2026","rel":"","context":"En \u00abPoliciales\u00bb","block_context":{"text":"Policiales","link":"https:\/\/www.24baires.com\/?cat=49"},"img":{"alt_text":"","src":"https:\/\/i0.wp.com\/www.24baires.com\/wp-content\/uploads\/2012\/12\/madre-tom%C3%A1s-300x179.jpg?resize=350%2C200","width":350,"height":200},"classes":[]},{"id":24567,"url":"https:\/\/www.24baires.com\/?p=24567","url_meta":{"origin":7927,"position":4},"title":"Jun\u00edn: le dieron 15 a\u00f1os de c\u00e1rcel por asesinar a su novia","author":"Grupo Sierra","date":"28\/05\/2013","format":false,"excerpt":"JUN\u00cdN.- Un hombre fue condenado hoy a 15 a\u00f1os de prisi\u00f3n por el crimen de su novia, una estudiante de maestra jardinera que le ped\u00eda que dejara de vender droga y que en 2011 fue asesinada de un balazo en la cabeza, en esa ciudad del norte bonaerense. Fue acusado\u2026","rel":"","context":"En \u00abPoliciales\u00bb","block_context":{"text":"Policiales","link":"https:\/\/www.24baires.com\/?cat=49"},"img":{"alt_text":"homicida junin","src":"https:\/\/i0.wp.com\/www.24baires.com\/wp-content\/uploads\/2013\/05\/homicida-junin-300x190.jpg?resize=350%2C200","width":350,"height":200},"classes":[]},{"id":119770,"url":"https:\/\/www.24baires.com\/?p=119770","url_meta":{"origin":7927,"position":5},"title":"Crimen de Fernando: dan a conocer la sentencia para los ocho rugbiers","author":"GB","date":"06\/02\/2023","format":false,"excerpt":"Por el crimen de Fernando B\u00e1ez Sosa, ocurrido en Villa Gesell el 18 de enero de 2020 dan a conocer la sentencia de los ocho rugbiers acusados de matarlo a golpes. Tribunal Oral en lo Criminal 1 de la ciudad bonaerense de Dolores dar\u00e1 a conocer hoy a las 13\u2026","rel":"","context":"En \u00abJUDICIALES\u00bb","block_context":{"text":"JUDICIALES","link":"https:\/\/www.24baires.com\/?cat=68"},"img":{"alt_text":"","src":"https:\/\/i0.wp.com\/www.24baires.com\/wp-content\/uploads\/2020\/02\/mam%C3%A1-fernando.jpg?resize=350%2C200","width":350,"height":200,"srcset":"https:\/\/i0.wp.com\/www.24baires.com\/wp-content\/uploads\/2020\/02\/mam%C3%A1-fernando.jpg?resize=350%2C200 1x, https:\/\/i0.wp.com\/www.24baires.com\/wp-content\/uploads\/2020\/02\/mam%C3%A1-fernando.jpg?resize=525%2C300 1.5x, https:\/\/i0.wp.com\/www.24baires.com\/wp-content\/uploads\/2020\/02\/mam%C3%A1-fernando.jpg?resize=700%2C400 2x"},"classes":[]}],"jetpack_sharing_enabled":true,"jetpack_likes_enabled":true,"_links":{"self":[{"href":"https:\/\/www.24baires.com\/index.php?rest_route=\/wp\/v2\/posts\/7927","targetHints":{"allow":["GET"]}}],"collection":[{"href":"https:\/\/www.24baires.com\/index.php?rest_route=\/wp\/v2\/posts"}],"about":[{"href":"https:\/\/www.24baires.com\/index.php?rest_route=\/wp\/v2\/types\/post"}],"author":[{"embeddable":true,"href":"https:\/\/www.24baires.com\/index.php?rest_route=\/wp\/v2\/users\/4"}],"replies":[{"embeddable":true,"href":"https:\/\/www.24baires.com\/index.php?rest_route=%2Fwp%2Fv2%2Fcomments&post=7927"}],"version-history":[{"count":3,"href":"https:\/\/www.24baires.com\/index.php?rest_route=\/wp\/v2\/posts\/7927\/revisions"}],"predecessor-version":[{"id":7930,"href":"https:\/\/www.24baires.com\/index.php?rest_route=\/wp\/v2\/posts\/7927\/revisions\/7930"}],"wp:attachment":[{"href":"https:\/\/www.24baires.com\/index.php?rest_route=%2Fwp%2Fv2%2Fmedia&parent=7927"}],"wp:term":[{"taxonomy":"category","embeddable":true,"href":"https:\/\/www.24baires.com\/index.php?rest_route=%2Fwp%2Fv2%2Fcategories&post=7927"},{"taxonomy":"post_tag","embeddable":true,"href":"https:\/\/www.24baires.com\/index.php?rest_route=%2Fwp%2Fv2%2Ftags&post=7927"}],"curies":[{"name":"wp","href":"https:\/\/api.w.org\/{rel}","templated":true}]}}