{"id":7920,"date":"2012-12-05T09:59:54","date_gmt":"2012-12-05T12:59:54","guid":{"rendered":"http:\/\/www.24baires.com\/?p=7920"},"modified":"2012-12-05T09:59:54","modified_gmt":"2012-12-05T12:59:54","slug":"anunciaron-la-creacion-de-un-playon-deportivo-en-canuelas","status":"publish","type":"post","link":"https:\/\/www.24baires.com\/?p=7920","title":{"rendered":"Anunciaron la creaci\u00f3n de un play\u00f3n deportivo en Ca\u00f1uelas"},"content":{"rendered":"<p>\u201cEs parte de nuestra pol\u00edtica apostar a la integraci\u00f3n y el desarrollo de todos los habitantes de nuestro distrito. Celebramos que el sector privado tome nota de esto y, entre todos, gestionemos este tipo de proyectos para nuestros j\u00f3venes\u00bb dijo la intendenta de Ca\u00f1uelas, Marisa Fassi luego de firmar el convenio para construir un play\u00f3n deportivo en el corredor de Ruta 3.<!--more--><br \/>\nLa intendenta del distrito de Ca\u00f1uelas, Marisa Fassi, junto a representantes de la Fundaci\u00f3n Loma Negra, el club Juventud Unida y referentes del campo social, firmaron un acta acuerdo para la realizaci\u00f3n de un play\u00f3n deportivo en el corredor de Ruta 3.<br \/>\nEl proyecto se da en el marco del plan \u201cJ\u00f3venes por la cultura y el deporte en Ca\u00f1uelas\u201d y contempla la construcci\u00f3n de un play\u00f3n multideportes destinado a unos 800 j\u00f3venes, doce charlas informativas en escuelas p\u00fablicas de los seis barrios, una campa\u00f1a de reciclado de polietileno y PET destinada a 500 j\u00f3venes para favorecer la concientizaci\u00f3n medioambiental, y otras doce charlas con el fin de concientizar sobre el v\u00ednculo entre deportes y salud.<br \/>\nAdem\u00e1s, se proyecta la creaci\u00f3n de una murga para que contenga a alrededor de 100 j\u00f3venes de la zona. La integraci\u00f3n barrial y la promoci\u00f3n de la identidad cultural son algunos de los aspectos salientes de la iniciativa.<br \/>\nEn la oportunidad, Fassi indic\u00f3 que \u201cEs parte de nuestra pol\u00edtica apostar a la integraci\u00f3n y el desarrollo de todos los habitantes de nuestro distrito. Celebramos que el sector privado tome nota de esto y, entre todos, gestionemos este tipo de proyectos para nuestros j\u00f3venes<\/p>\n","protected":false},"excerpt":{"rendered":"<p>\u201cEs parte de nuestra pol\u00edtica apostar a la integraci\u00f3n y el desarrollo de todos los habitantes de nuestro distrito. Celebramos que el sector privado tome nota de esto y, entre todos, gestionemos este tipo de proyectos para nuestros j\u00f3venes\u00bb dijo la intendenta de Ca\u00f1uelas, Marisa Fassi luego de firmar el convenio para construir un play\u00f3n deportivo en el corredor de [&#8230;]<\/p>\n","protected":false},"author":4,"featured_media":0,"comment_status":"open","ping_status":"open","sticky":false,"template":"","format":"standard","meta":{"_jetpack_newsletter_access":"","_jetpack_dont_email_post_to_subs":false,"_jetpack_newsletter_tier_id":0,"_jetpack_memberships_contains_paywalled_content":false,"_jetpack_memberships_contains_paid_content":false,"footnotes":""},"categories":[38],"tags":[],"class_list":["post-7920","post","type-post","status-publish","format-standard","hentry","category-locales"],"jetpack_featured_media_url":"","jetpack_shortlink":"https:\/\/wp.me\/p2JWE0-23K","jetpack-related-posts":[{"id":112742,"url":"https:\/\/www.24baires.com\/?p=112742","url_meta":{"origin":7920,"position":0},"title":"La Provincia tendr\u00e1 seis distritos comandados por mujeres","author":"GB","date":"28\/10\/2019","format":false,"excerpt":"Hablamos de las localidades de General Arenales, Quilmes, Presidente Per\u00f3n, Carlos Tejedor, Moreno y Ca\u00f1uelas. Los resultados de las elecciones generales, de este domingo, revelaron que, a partir del 10 de diciembre s\u00f3lo seis de los 135 municipios bonaerenses ser\u00e1n gobernados por mujeres. Hablamos de General Arenales, Quilmes, Presidente Per\u00f3n,\u2026","rel":"","context":"En \u00abELECCIONES 2019\u00bb","block_context":{"text":"ELECCIONES 2019","link":"https:\/\/www.24baires.com\/?cat=329"},"img":{"alt_text":"","src":"","width":0,"height":0},"classes":[]},{"id":8776,"url":"https:\/\/www.24baires.com\/?p=8776","url_meta":{"origin":7920,"position":1},"title":"Avanzan las obras del ecopunto y el hospital en Ca\u00f1uelas","author":"AF","date":"12\/12\/2012","format":false,"excerpt":"\u201cCreo que la jornada de hoy fue altamente fruct\u00edfera porque estamos asistiendo al cambio cultural que todos merecemos y necesitamos, pensando siempre en las generaciones que vendr\u00e1n. El Eco Punto y el Hospital N\u00e9stor Kirchner, sin lugar a dudas nos cambiar\u00e1n la vida a todos\u201d reflexion\u00f3 la intendenta de Ca\u00f1uelas,\u2026","rel":"","context":"En \u00abLocales\u00bb","block_context":{"text":"Locales","link":"https:\/\/www.24baires.com\/?cat=38"},"img":{"alt_text":"","src":"https:\/\/i0.wp.com\/www.24baires.com\/wp-content\/uploads\/2012\/12\/ca%C3%B1uelas.jpg?resize=350%2C200","width":350,"height":200},"classes":[]},{"id":32794,"url":"https:\/\/www.24baires.com\/?p=32794","url_meta":{"origin":7920,"position":2},"title":"Inauguraron una Superintendencia de Seguridad Rural en Ca\u00f1uelas","author":"AF","date":"01\/10\/2013","format":false,"excerpt":"En el municipio de Ca\u00f1uelas, el ministro de Seguridad Alejandro Granados inaugur\u00f3 esta ma\u00f1ana la nueva sede de la Superintendencia de Seguridad Rural de la Polic\u00eda Bonaerense, y en la ocasi\u00f3n tambi\u00e9n entreg\u00f3 patrulleros para el distrito. Durante el acto, y acompa\u00f1ado por la intendenta local Marisa Fassi, Granados se\u00f1al\u00f3\u2026","rel":"","context":"En \u00abLocales\u00bb","block_context":{"text":"Locales","link":"https:\/\/www.24baires.com\/?cat=38"},"img":{"alt_text":"","src":"","width":0,"height":0},"classes":[]},{"id":120642,"url":"https:\/\/www.24baires.com\/?p=120642","url_meta":{"origin":7920,"position":3},"title":"\u00abNo hay que bajar los brazos ante una oposici\u00f3n que quiere trabajadores sin vacaciones\u00bb","author":"GB","date":"10\/11\/2023","format":false,"excerpt":"El Gobernador particip\u00f3 del cierre del Congreso de Smata. La intendenta Marisa Fassi form\u00f3 parte del evento. Ambos destacaron lo que se pone en juego de cara al balotaje del 19 de noviembre. Axel Kicillof particip\u00f3 de un plenario de la militancia de Smata en Ca\u00f1uelas junto al secretario general\u2026","rel":"","context":"En \u00abProvincia\u00bb","block_context":{"text":"Provincia","link":"https:\/\/www.24baires.com\/?cat=40"},"img":{"alt_text":"","src":"https:\/\/i0.wp.com\/www.24baires.com\/wp-content\/uploads\/2023\/11\/axel-kicillof-smata.webp?resize=350%2C200","width":350,"height":200,"srcset":"https:\/\/i0.wp.com\/www.24baires.com\/wp-content\/uploads\/2023\/11\/axel-kicillof-smata.webp?resize=350%2C200 1x, https:\/\/i0.wp.com\/www.24baires.com\/wp-content\/uploads\/2023\/11\/axel-kicillof-smata.webp?resize=525%2C300 1.5x, https:\/\/i0.wp.com\/www.24baires.com\/wp-content\/uploads\/2023\/11\/axel-kicillof-smata.webp?resize=700%2C400 2x"},"classes":[]},{"id":115240,"url":"https:\/\/www.24baires.com\/?p=115240","url_meta":{"origin":7920,"position":4},"title":"Kicillof recibi\u00f3 a los intendentes de municipios complicado por el coronavirus","author":"AF","date":"04\/06\/2020","format":false,"excerpt":"Se trata de los jefes comunales de la tercera secci\u00f3n electoral, donde se concentra la mayor cantidad de casos del AMBA. El gobernador, Axel Kicillof, recibi\u00f3 a los intendentes de los distritos donde se concentra la mayor cantidad de casos del AMBA. Se trata de los jefes comunales de la\u2026","rel":"","context":"En \u00abProvincia\u00bb","block_context":{"text":"Provincia","link":"https:\/\/www.24baires.com\/?cat=40"},"img":{"alt_text":"","src":"https:\/\/i0.wp.com\/www.24baires.com\/wp-content\/uploads\/2020\/05\/kicilof.jpg?resize=350%2C200","width":350,"height":200,"srcset":"https:\/\/i0.wp.com\/www.24baires.com\/wp-content\/uploads\/2020\/05\/kicilof.jpg?resize=350%2C200 1x, https:\/\/i0.wp.com\/www.24baires.com\/wp-content\/uploads\/2020\/05\/kicilof.jpg?resize=525%2C300 1.5x"},"classes":[]},{"id":27437,"url":"https:\/\/www.24baires.com\/?p=27437","url_meta":{"origin":7920,"position":5},"title":"Anuncian obras millonarias en el distrito de Ca\u00f1uelas","author":"AF","date":"03\/07\/2013","format":false,"excerpt":"Acompa\u00f1ada por el flamante pre candidato a Diputado nacional, Gustavo Arrieta, la intendenta de Ca\u00f1uelas, Marisa Fassi, particip\u00f3 en Casa de Gobierno de la firma de convenio para la ejecuci\u00f3n de m\u00e1s obras para el distrito por un monto de 71 millones 400 mil pesos. El acto estuvo encabezado por\u2026","rel":"","context":"En \u00abLocales\u00bb","block_context":{"text":"Locales","link":"https:\/\/www.24baires.com\/?cat=38"},"img":{"alt_text":"","src":"","width":0,"height":0},"classes":[]}],"jetpack_sharing_enabled":true,"jetpack_likes_enabled":true,"_links":{"self":[{"href":"https:\/\/www.24baires.com\/index.php?rest_route=\/wp\/v2\/posts\/7920","targetHints":{"allow":["GET"]}}],"collection":[{"href":"https:\/\/www.24baires.com\/index.php?rest_route=\/wp\/v2\/posts"}],"about":[{"href":"https:\/\/www.24baires.com\/index.php?rest_route=\/wp\/v2\/types\/post"}],"author":[{"embeddable":true,"href":"https:\/\/www.24baires.com\/index.php?rest_route=\/wp\/v2\/users\/4"}],"replies":[{"embeddable":true,"href":"https:\/\/www.24baires.com\/index.php?rest_route=%2Fwp%2Fv2%2Fcomments&post=7920"}],"version-history":[{"count":2,"href":"https:\/\/www.24baires.com\/index.php?rest_route=\/wp\/v2\/posts\/7920\/revisions"}],"predecessor-version":[{"id":7922,"href":"https:\/\/www.24baires.com\/index.php?rest_route=\/wp\/v2\/posts\/7920\/revisions\/7922"}],"wp:attachment":[{"href":"https:\/\/www.24baires.com\/index.php?rest_route=%2Fwp%2Fv2%2Fmedia&parent=7920"}],"wp:term":[{"taxonomy":"category","embeddable":true,"href":"https:\/\/www.24baires.com\/index.php?rest_route=%2Fwp%2Fv2%2Fcategories&post=7920"},{"taxonomy":"post_tag","embeddable":true,"href":"https:\/\/www.24baires.com\/index.php?rest_route=%2Fwp%2Fv2%2Ftags&post=7920"}],"curies":[{"name":"wp","href":"https:\/\/api.w.org\/{rel}","templated":true}]}}