{"id":7917,"date":"2012-12-05T09:56:56","date_gmt":"2012-12-05T12:56:56","guid":{"rendered":"http:\/\/www.24baires.com\/?p=7917"},"modified":"2012-12-05T09:56:56","modified_gmt":"2012-12-05T12:56:56","slug":"noroeste-bonaerense-abren-compuertas-para-aliviar-la-situacion-hidrica","status":"publish","type":"post","link":"https:\/\/www.24baires.com\/?p=7917","title":{"rendered":"Noroeste bonaerense: abren compuertas para aliviar la situaci\u00f3n h\u00eddrica"},"content":{"rendered":"<p><img data-recalc-dims=\"1\" loading=\"lazy\" decoding=\"async\" class=\"alignleft size-full wp-image-7918\" title=\"noroeste inundado\" src=\"https:\/\/i0.wp.com\/www.24baires.com\/wp-content\/uploads\/2012\/12\/noroeste-inundado.png?resize=249%2C175\" alt=\"\" width=\"249\" height=\"175\" \/>Con el objetivo de evitar que se inunden algunas ciudades del noroeste provincial, las autoridades del Gobierno decidieron abrir dos compuertas para buscar aliviar la situaci\u00f3n en los partidos afectados por las inundaciones.<!--more--><\/p>\n<p>La apertura, acordada por el Comit\u00e9 de Cuencas la semana pasada, incluye a las compuertas de Esteban de Luca y la que produce la baja del complejo El Hinojo-Las Tunas, y busca paliar la cr\u00edtica situaci\u00f3n de los distritos de la regi\u00f3n que por estas horas siguen soportando lluvias. \u00abHay que cuidar esta \u00faltima zona, porque si rebalsa se podr\u00edan ver perjudicadas Berutti, en Trenque Lauquen, y Juan Jos\u00e9 Paso, en Pehuaj\u00f3\u00bb, dijo el intendente de Pehuaj\u00f3, Pablo Zurro, quien relat\u00f3 que la situaci\u00f3n sigue siendo \u201cgrav\u00edsima\u201d en el partido.<\/p>\n<p>Por su parte, el intendente de Rivadavia, Sergio Buil, alert\u00f3 que las lagunas aumentaron la cantidad de agua considerablemente. \u201cTengo miedo que las lluvias del sur de C\u00f3rdoba, provoquen un mayor escurrimiento en el cauce del R\u00edo Quinto. Si no nos da un descanso el clima durante el verano, vamos a tener que trabajar mucho para que el oto\u00f1o no nos haga pasar problemas muy serios\u00bb, sostuvo.<\/p>\n<p>Y su par de 9 de Julio, Walter Battistella explic\u00f3 que la situaci\u00f3n h\u00eddrica all\u00ed sigue siendo muy compleja. \u201cEst\u00e1 entrando gran cantidad de agua producto de las lluvias que se han dado al sur y al oeste del distrito. Y recibimos adem\u00e1s el agua de los distritos de Pehuaj\u00f3, Bol\u00edvar, Carlos Casares y Rivadavia que hace que hoy m\u00e1s del 50 por ciento del territorio se encuentre perjudicado\u201d, destac\u00f3.<\/p>\n","protected":false},"excerpt":{"rendered":"<p>Con el objetivo de evitar que se inunden algunas ciudades del noroeste provincial, las autoridades del Gobierno decidieron abrir dos compuertas para buscar aliviar la situaci\u00f3n en los partidos afectados por las inundaciones.<\/p>\n","protected":false},"author":4,"featured_media":0,"comment_status":"open","ping_status":"open","sticky":false,"template":"","format":"standard","meta":{"_jetpack_newsletter_access":"","_jetpack_dont_email_post_to_subs":false,"_jetpack_newsletter_tier_id":0,"_jetpack_memberships_contains_paywalled_content":false,"_jetpack_memberships_contains_paid_content":false,"footnotes":""},"categories":[38],"tags":[],"class_list":["post-7917","post","type-post","status-publish","format-standard","hentry","category-locales"],"jetpack_featured_media_url":"","jetpack_shortlink":"https:\/\/wp.me\/p2JWE0-23H","jetpack-related-posts":[{"id":6490,"url":"https:\/\/www.24baires.com\/?p=6490","url_meta":{"origin":7917,"position":0},"title":"Se retrasa la apertura de compuertas del canal Jauretche y se agrava la situaci\u00f3n","author":"AF","date":"23\/11\/2012","format":false,"excerpt":"TRENQUE LAUQUEN - La semana pasada el intendente municipal, Ra\u00fal Feito, hab\u00eda manifestado que el mi\u00e9rcoles pasado se abrir\u00edan las compuertas del canal Jauretche en Esteban de Luca para que se comience a desagotar el complejo lacunar Hinojo-Las Tunas que est\u00e1 desbordando y afectando a m\u00e1s de 60 productores de\u2026","rel":"","context":"En \u00abLocales\u00bb","block_context":{"text":"Locales","link":"https:\/\/www.24baires.com\/?cat=38"},"img":{"alt_text":"","src":"","width":0,"height":0},"classes":[]},{"id":12526,"url":"https:\/\/www.24baires.com\/?p=12526","url_meta":{"origin":7917,"position":1},"title":"Pehuaj\u00f3 solicit\u00f3 el cierre definitivo del Canal de Henderson","author":"AF","date":"17\/01\/2013","format":false,"excerpt":"\u201cSe solicit\u00f3 a las autoridades correspondientes, el cierre definitivo del canal en el distrito de Henderson que gener\u00f3 conflictos\" dijo el Secretario de Gobierno de Pehuaj\u00f3, Avelino Zurro, luego de la reuni\u00f3n del Comit\u00e9 de Cuenca que se realiz\u00f3 en la sede del Ministerio de Infraestructura de la Provincia de\u2026","rel":"","context":"En \u00abLocales\u00bb","block_context":{"text":"Locales","link":"https:\/\/www.24baires.com\/?cat=38"},"img":{"alt_text":"","src":"","width":0,"height":0},"classes":[]},{"id":20049,"url":"https:\/\/www.24baires.com\/?p=20049","url_meta":{"origin":7917,"position":2},"title":"Aseguran que Tecn\u00f3polis no tiene responsabilidad alguna de las inundaciones en San Mart\u00edn","author":"AF","date":"03\/04\/2013","format":false,"excerpt":"La Unidad Bicentenario de la Presidencia sali\u00f3 al cruce de las \"falsas e infundadas versiones\" de los medios del Grupo Clar\u00edn, que dieron cuenta de la existencia de una presunta compuerta en el predio ferial de Villa Martelli como causante de las inundaciones producidas en la zona. \"No existe ning\u00fan\u2026","rel":"","context":"En \u00abSociedad\u00bb","block_context":{"text":"Sociedad","link":"https:\/\/www.24baires.com\/?cat=1"},"img":{"alt_text":"tecn\u00f3polis inundado","src":"https:\/\/i0.wp.com\/www.24baires.com\/wp-content\/uploads\/2013\/04\/tecn%C3%B3polis-inundado.jpg?resize=350%2C200","width":350,"height":200,"srcset":"https:\/\/i0.wp.com\/www.24baires.com\/wp-content\/uploads\/2013\/04\/tecn%C3%B3polis-inundado.jpg?resize=350%2C200 1x, https:\/\/i0.wp.com\/www.24baires.com\/wp-content\/uploads\/2013\/04\/tecn%C3%B3polis-inundado.jpg?resize=525%2C300 1.5x"},"classes":[]},{"id":96505,"url":"https:\/\/www.24baires.com\/?p=96505","url_meta":{"origin":7917,"position":3},"title":"Trenque Lauquen: denuncian rotura intencional de una compuerta","author":"AF","date":"07\/08\/2017","format":false,"excerpt":"La municipalidad de Trenque Lauquen realiz\u00f3 una denuncia penal por la rotura \u201cintencional\u201d de las compuertas que regulan la salida de agua de la laguna Cuero de Zorro y el ingreso a un canal. En las \u00faltimas horas, junto al Gobierno provincial, trabajaba en la reparaci\u00f3n de las mismas. La\u2026","rel":"","context":"En \u00abLocales\u00bb","block_context":{"text":"Locales","link":"https:\/\/www.24baires.com\/?cat=38"},"img":{"alt_text":"","src":"https:\/\/i0.wp.com\/www.24baires.com\/wp-content\/uploads\/2017\/08\/inunda-trenque.jpg?resize=350%2C200","width":350,"height":200,"srcset":"https:\/\/i0.wp.com\/www.24baires.com\/wp-content\/uploads\/2017\/08\/inunda-trenque.jpg?resize=350%2C200 1x, https:\/\/i0.wp.com\/www.24baires.com\/wp-content\/uploads\/2017\/08\/inunda-trenque.jpg?resize=525%2C300 1.5x"},"classes":[]},{"id":3168,"url":"https:\/\/www.24baires.com\/?p=3168","url_meta":{"origin":7917,"position":4},"title":"Preocupa la situaci\u00f3n en zonas inundadas de la Provincia","author":"AF","date":"25\/10\/2012","format":false,"excerpt":"Se agrava la situaci\u00f3n en una vasta regi\u00f3n inundada de la Provincia. Las \u00faltimas lluvias volvieron a complicar la producci\u00f3n y la transitabilidad en una decena de distritos. Localidades aisladas. La situaci\u00f3n cr\u00edtica que atraviesan los distritos del oeste de la Provincia desde hace dos meses como consecuencia de las\u2026","rel":"","context":"En \u00abProvincia\u00bb","block_context":{"text":"Provincia","link":"https:\/\/www.24baires.com\/?cat=40"},"img":{"alt_text":"","src":"https:\/\/i0.wp.com\/www.24baires.com\/wp-content\/uploads\/2012\/10\/provincia-inundados-255x300.gif?resize=350%2C200","width":350,"height":200},"classes":[]},{"id":8146,"url":"https:\/\/www.24baires.com\/?p=8146","url_meta":{"origin":7917,"position":5},"title":"Graves inundaciones en CABA y el Gran Buenos Aires","author":"Grupo Sierra","date":"06\/12\/2012","format":false,"excerpt":"\u00a0 Las zonas m\u00e1s afectadas son Palermo, Belgrano y Villa Crespo, en Capital, y varios distritos de las zonas Norte y Sur del Conurbano, como Avellaneda y Quilmes. Comerciantes colocaron compuertas. Las l\u00edneas del subte no funcionan al igual que los trenes Mitre y Sarmiento. Por las intensas lluvias que\u2026","rel":"","context":"En \u00abLocales\u00bb","block_context":{"text":"Locales","link":"https:\/\/www.24baires.com\/?cat=38"},"img":{"alt_text":"","src":"","width":0,"height":0},"classes":[]}],"jetpack_sharing_enabled":true,"jetpack_likes_enabled":true,"_links":{"self":[{"href":"https:\/\/www.24baires.com\/index.php?rest_route=\/wp\/v2\/posts\/7917","targetHints":{"allow":["GET"]}}],"collection":[{"href":"https:\/\/www.24baires.com\/index.php?rest_route=\/wp\/v2\/posts"}],"about":[{"href":"https:\/\/www.24baires.com\/index.php?rest_route=\/wp\/v2\/types\/post"}],"author":[{"embeddable":true,"href":"https:\/\/www.24baires.com\/index.php?rest_route=\/wp\/v2\/users\/4"}],"replies":[{"embeddable":true,"href":"https:\/\/www.24baires.com\/index.php?rest_route=%2Fwp%2Fv2%2Fcomments&post=7917"}],"version-history":[{"count":1,"href":"https:\/\/www.24baires.com\/index.php?rest_route=\/wp\/v2\/posts\/7917\/revisions"}],"predecessor-version":[{"id":7919,"href":"https:\/\/www.24baires.com\/index.php?rest_route=\/wp\/v2\/posts\/7917\/revisions\/7919"}],"wp:attachment":[{"href":"https:\/\/www.24baires.com\/index.php?rest_route=%2Fwp%2Fv2%2Fmedia&parent=7917"}],"wp:term":[{"taxonomy":"category","embeddable":true,"href":"https:\/\/www.24baires.com\/index.php?rest_route=%2Fwp%2Fv2%2Fcategories&post=7917"},{"taxonomy":"post_tag","embeddable":true,"href":"https:\/\/www.24baires.com\/index.php?rest_route=%2Fwp%2Fv2%2Ftags&post=7917"}],"curies":[{"name":"wp","href":"https:\/\/api.w.org\/{rel}","templated":true}]}}