{"id":79077,"date":"2016-02-18T15:00:47","date_gmt":"2016-02-18T18:00:47","guid":{"rendered":"http:\/\/www.24baires.com\/?p=79077"},"modified":"2016-02-18T16:57:04","modified_gmt":"2016-02-18T19:57:04","slug":"traigan-politicas-publicas-que-nazis-sobran","status":"publish","type":"post","link":"https:\/\/www.24baires.com\/?p=79077","title":{"rendered":"Traigan pol\u00edticas p\u00fablicas, que nazis sobran"},"content":{"rendered":"<p><img data-recalc-dims=\"1\" loading=\"lazy\" decoding=\"async\" src=\"https:\/\/i0.wp.com\/www.24baires.com\/wp-content\/uploads\/2016\/02\/pampillones.jpg?resize=560%2C333\" alt=\"pampillones\" width=\"560\" height=\"333\" class=\"aligncenter size-full wp-image-79078\" srcset=\"https:\/\/i0.wp.com\/www.24baires.com\/wp-content\/uploads\/2016\/02\/pampillones.jpg?w=560&amp;ssl=1 560w, https:\/\/i0.wp.com\/www.24baires.com\/wp-content\/uploads\/2016\/02\/pampillones.jpg?resize=300%2C178&amp;ssl=1 300w\" sizes=\"auto, (max-width: 560px) 100vw, 560px\" \/>S\u00ed, son un grup\u00fasculo, una minor\u00eda. Pero lo \u00faltimo que tenemos que hacer es subestimarlos. Es un \u00e1rbol con pocas ramas, quiz\u00e1, pero las ra\u00edces del odio son profundas. Y est\u00e1n arraigadas, porque no es una moda el racismo, la homofobia, la xenofobia, la violencia visceral contra todo aquel que piensa diferente: es ideolog\u00eda. Eso no se pasa, no llega a su auge y cae. Si creemos eso y no actuamos, por ende, en consecuencia, seguiremos viendo c\u00f3mo se reproducen ante nuestros ojos los fascistas. Porque el odio es contagioso, como la ignorancia. Y estos sujetos est\u00e1n llenos de ambas cosas.  <!--more--><\/p>\n<p>Se hacen llamar por varios nombres: \u201cBandera Negra\u201d, \u201cLos Pampillones\u201d, \u201cLa Giachino\u201d, \u201cBatall\u00f3n Brigadier\u201d, \u201cDivisi\u00f3n Costa Atl\u00e1ntica\u201d, \u201cFrente Skinhead Buenos Aires\u201d, entre otros motes. Son nazis. Exhiben orgullosos la simbolog\u00eda hitleriana, hacen el saludo con el brazo arriba, como Adolfo a sus tropas. Y gustan de intimidar, agredir verbalmente, violentar, golpear y amenazar.  <\/p>\n<p>Eso es lo que hacen. Por ahora. Y digo por ahora tocando madera, porque est\u00e1n armados, andan alzando cuchillos y armas de fuego por las calles marplatenses con la impunidad que s\u00f3lo puede darles saberse exentos de un castigo inmediato. Y esa libertad es producto de una complicidad de la polic\u00eda y del poder pol\u00edtico local, que decide llamar \u201cun hecho  policial, como cualquier otro\u201d a las repetidas amenazas de muerte que recibe Javier Moreno, reconocido militante por la Igualdad y la Diversidad. O el ataque a dos chicos en una plaza, donde les partieron la cabeza con tubos de pvc rellenos de cemento. O la golpiza a feministas durante el Encuentro de Mujeres. Entre muchos otros hechos que no son simples casos policiales. Decir eso es desligar la responsabilidad pol\u00edtica, decir eso es ser c\u00f3mplice de todo lo que suceda. Si yo se eso, Arroyo tambi\u00e9n. <\/p>\n<p>\u00bfY qu\u00e9 hacemos con la polic\u00eda que ve y deja hacer? \u00bfC\u00f3mo llamamos eso? \u00bfOtro simple hecho policial? Estamos a las puertas de algo terrible, estamos muy cerca de que estos odiadores uniformados de nazis maten a alguien. Est\u00e1n dici\u00e9ndolo con sus amenazas, con sus golpizas que cada vez van un poquito m\u00e1s all\u00e1. Nos est\u00e1n gritando fuerte y claro que est\u00e1n dispuestos a quitar vidas. Porque para los fascistas nuestras vidas, las de los que pensamos tan distinto a ellos, son aborrecibles: son suprimibles. <\/p>\n<p>A mi, personalmente, no me da miedo ninguno de ellos. Ni el Rusito, ni Carlos Pampill\u00f3n. Ninguno. No me da miedo que maltraten un monumento a la Verdad, la Memoria y la Justicia, tampoco me asusta que pinten consignas contra la comunidad boliviana. No me da miedo eso, que es justamente lo que ellos quieren sembrar: lo que me genera es un rechazo que nace de las tripas, una indignaci\u00f3n y una impotencia que me lastiman. Veo la sangre chorreando desde la cabeza de un pibe que fue agredido por estos fachos en una plaza, lo veo y lo escucho a Javier Moreno, que labura todos los d\u00edas de su vida por una ciudad inclusiva y solidaria, y me descompone de bronca lo que pasa. Porque ni a patadas voladoras son simples hechos policiales. Porque el oficialismo tambi\u00e9n ve esto pero elije callar, elije minimizarlos, con el terrible riesgo que eso conlleva. Pero claro, no van a escrachar la casa ni el trabajo de ning\u00fan arroyista, de ning\u00fan radical, de ning\u00fan macrista. A ellos no les tocan las amedrentaciones, ni los golpes, ni los insultos. A ellos no los persiguen, evidentemente. Los nazis, por el contrario, encuentran en la nueva administraci\u00f3n local un techo confortable desde donde cobijar la suprema cobard\u00eda que los mueve. Y yo no estoy dispuesta a ver lo que hacen en silencio, no tengo ning\u00fan inter\u00e9s en enterarme con displicencia por los diarios qui\u00e9n es la nueva v\u00edctima de la maquinita odiadora que sacan a pasear de noche. No. <\/p>\n<p>A mi me ense\u00f1aron que el amor vence. Que con el amor se construye, que esa es la \u00fanica forma posible de avanzar en una sociedad m\u00e1s justa e igualitaria. Y aprend\u00ed. Y amar es urgente. Siempre es urgente amar. Y mucho. Porque los que odian fuerte est\u00e1n ah\u00ed en la calle, ejerciendo una violencia que crece, porque quienes deben ponerle freno est\u00e1n muy c\u00f3modos dej\u00e1ndolos hacer. Porque en Mar del Plata y Bat\u00e1n gan\u00f3 la derecha, la mayor\u00eda <\/p>\n<p>vot\u00f3 la derecha. Vivimos en una sociedad de derecha. Asumamos eso para poder combatir el horror del fascismo. Y no tengamos miedo de usar los t\u00e9rminos que corresponde usar. Porque debemos llamar a las cosas por su nombre, porque debemos asumir que nos gobierna la derecha en lo local, provincial y nacional. Y ellos quiz\u00e1 no tengan la m\u00ednima intenci\u00f3n de accionar pol\u00edticas p\u00fablicas para combatir nazis. Asumamos eso, tambi\u00e9n. Porque la polic\u00eda los va a ver, los reconocer\u00e1, con los tubos de pvc alzados contra alguien, y no va a hacer nada. Porque tengo una noticia impactante: la polic\u00eda es la polic\u00eda.  <\/p>\n<p>Podemos llamarlos neonazis, pero el odio de neo no tiene nada. Es muy viejo, cada tanto rebrota, como una peste oscura, como u resorte siniestro. No lo minimicemos, aunque sean minor\u00eda. No los subestimemos. Sepamos quienes son y qu\u00e9 quieren. Combatamos su odio  a los hermanos bolivianos, paraguayos, peruanos y de cualquier parte del mundo. Combatamos su odio a quien piensa diferente, a quien siente diferente. Porque no estamos errados quienes nacemos en otro lado y nos mudamos ac\u00e1, no estamos errados quienes queremos a alguien de nuestro mismo sexo, no estamos errados quienes nacemos con genitales de hombre y nos sentimos mujer, no estamos errados quienes sostenemos las banderas de la Memoria, la Verdad y la Justicia. No. Est\u00e1n errando fiero los que, pudiendo generar herramientas desde lo pol\u00edtico y judicial para combatirlos, no hacen nada. Porque los fachos no erran, no cambian. Pero existen, existieron siempre. A veces, cuando los gobiernos no est\u00e1n predispuestos a bancarlos, se ocultan m\u00e1s, pero siempre est\u00e1n ah\u00ed. Agazapados en su barro, esperando el momento justo para salir a lastimar. Como ahora.  <\/p>\n<p>Y no se van a aburrir de amenazar, golpear, romper, violentar. Porque esa es la esencia del fascismo: destruir todo lo que no se adapte a ellos. Y resulta que Mar del Plata est\u00e1 llena de inadaptados. Y resulta que nosotros, los inadaptados, no creemos que sean simples hechos policiales. Sabemos que son cr\u00edmenes de odio, y que las repeticiones de estos hechos nos da, lamentablemente, la raz\u00f3n. Y no miramos para otro lado. Nosotros no.<\/p>\n","protected":false},"excerpt":{"rendered":"<p>S\u00ed, son un grup\u00fasculo, una minor\u00eda. Pero lo \u00faltimo que tenemos que hacer es subestimarlos. Es un \u00e1rbol con pocas ramas, quiz\u00e1, pero las ra\u00edces del odio son profundas. Y est\u00e1n arraigadas, porque no es una moda el racismo, la homofobia, la xenofobia, la violencia visceral contra todo aquel que piensa diferente: es ideolog\u00eda. Eso no se pasa, no llega [&#8230;]<\/p>\n","protected":false},"author":4,"featured_media":0,"comment_status":"open","ping_status":"open","sticky":false,"template":"","format":"standard","meta":{"_jetpack_newsletter_access":"","_jetpack_dont_email_post_to_subs":false,"_jetpack_newsletter_tier_id":0,"_jetpack_memberships_contains_paywalled_content":false,"_jetpack_memberships_contains_paid_content":false,"footnotes":""},"categories":[64],"tags":[],"class_list":["post-79077","post","type-post","status-publish","format-standard","hentry","category-opinion"],"jetpack_featured_media_url":"","jetpack_shortlink":"https:\/\/wp.me\/p2JWE0-kzr","jetpack-related-posts":[{"id":29189,"url":"https:\/\/www.24baires.com\/?p=29189","url_meta":{"origin":79077,"position":0},"title":"Solicitan investigar pintadas nazis en la Ciudad de los Ni\u00f1os","author":"AF","date":"30\/07\/2013","format":false,"excerpt":"Lo reclam\u00f3 el Instituto Nacional contra la Discriminaci\u00f3n, la Xenofobia y el Racismo (INADI) tras expresar su \u201cm\u00e1s en\u00e9rgico repudio\u201d. Pablo Roma, director de Pol\u00edticas contra la Discriminaci\u00f3n del organismo, lament\u00f3 que este tipo de pintadas aparezcan \u201ccon asiduidad\u201d en la provincia de Buenos Aires. La Delegaci\u00f3n Provincia de Buenos\u2026","rel":"","context":"En \u00abLocales\u00bb","block_context":{"text":"Locales","link":"https:\/\/www.24baires.com\/?cat=38"},"img":{"alt_text":"pintadas nazis rep ni\u00f1os","src":"https:\/\/i0.wp.com\/www.24baires.com\/wp-content\/uploads\/2013\/07\/pintadas-nazis-rep-ni%C3%B1os.jpg?resize=350%2C200","width":350,"height":200,"srcset":"https:\/\/i0.wp.com\/www.24baires.com\/wp-content\/uploads\/2013\/07\/pintadas-nazis-rep-ni%C3%B1os.jpg?resize=350%2C200 1x, https:\/\/i0.wp.com\/www.24baires.com\/wp-content\/uploads\/2013\/07\/pintadas-nazis-rep-ni%C3%B1os.jpg?resize=525%2C300 1.5x"},"classes":[]},{"id":35214,"url":"https:\/\/www.24baires.com\/?p=35214","url_meta":{"origin":79077,"position":1},"title":"El peligroso escenario del odio y la intolerancia en nuestro pa\u00eds","author":"AF","date":"15\/11\/2013","format":false,"excerpt":"Empezamos hablando esta semana de los dichos de Jaime Dur\u00e1n Barba, quien dijo que Adolf Hitler era un tipo espectacular y que revisti\u00f3 de gran importancia para el mundo. Y vamos a terminar la semana intentando hacer un llamado de atenci\u00f3n que se enmarca en el mismo sentido, porque despu\u00e9s\u2026","rel":"","context":"En \u00abOpini\u00f3n\u00bb","block_context":{"text":"Opini\u00f3n","link":"https:\/\/www.24baires.com\/?cat=64"},"img":{"alt_text":"ultraconservadores","src":"https:\/\/i0.wp.com\/www.24baires.com\/wp-content\/uploads\/2013\/11\/ultraconservadores.jpg?resize=350%2C200","width":350,"height":200,"srcset":"https:\/\/i0.wp.com\/www.24baires.com\/wp-content\/uploads\/2013\/11\/ultraconservadores.jpg?resize=350%2C200 1x, https:\/\/i0.wp.com\/www.24baires.com\/wp-content\/uploads\/2013\/11\/ultraconservadores.jpg?resize=525%2C300 1.5x"},"classes":[]},{"id":45514,"url":"https:\/\/www.24baires.com\/?p=45514","url_meta":{"origin":79077,"position":2},"title":"Macri y Lilita: dos supuestos republicanos que gustan rodearse de nazis","author":"GB","date":"07\/05\/2014","format":false,"excerpt":"Hay cuestiones que creemos que ni siquiera deben ser discutidas, que vamos a estar de acuerdo t\u00e1citamente. El agua moja, los bizcochitos de grasa engordan. O, si se quiere, Gandhi es bueno, Hitler es malo\u2026 ah, no, momento. Reveamos esto \u00faltimo. Hace unos meses en Vicente L\u00f3pez, municipio gobernado por\u2026","rel":"","context":"En \u00abOpini\u00f3n\u00bb","block_context":{"text":"Opini\u00f3n","link":"https:\/\/www.24baires.com\/?cat=64"},"img":{"alt_text":"macri nazi","src":"https:\/\/i0.wp.com\/www.24baires.com\/wp-content\/uploads\/2014\/05\/macri-nazi.jpg?resize=350%2C200","width":350,"height":200,"srcset":"https:\/\/i0.wp.com\/www.24baires.com\/wp-content\/uploads\/2014\/05\/macri-nazi.jpg?resize=350%2C200 1x, https:\/\/i0.wp.com\/www.24baires.com\/wp-content\/uploads\/2014\/05\/macri-nazi.jpg?resize=525%2C300 1.5x"},"classes":[]},{"id":86734,"url":"https:\/\/www.24baires.com\/?p=86734","url_meta":{"origin":79077,"position":3},"title":"Bariloche: egresados se disfrazaron de nazis y agredieron a jud\u00edos en un boliche","author":"AF","date":"25\/08\/2016","format":false,"excerpt":"Se trata de alumnos de sexto a\u00f1o del Colegio Alem\u00e1n de Lan\u00fas. Un grupo de pares de la escuela jud\u00eda ORT fueron agredidos verbalmente con expresiones antisemitas y discriminatorias. Las autoridades del boliche los expulsaron y desde la escuela aseguraron que cuando regresen ser\u00e1n sancionados. J\u00f3venes egresados de la escuela\u2026","rel":"","context":"En \u00abSociedad\u00bb","block_context":{"text":"Sociedad","link":"https:\/\/www.24baires.com\/?cat=1"},"img":{"alt_text":"cerebro","src":"https:\/\/i0.wp.com\/www.24baires.com\/wp-content\/uploads\/2016\/08\/cerebro.jpg?resize=350%2C200","width":350,"height":200,"srcset":"https:\/\/i0.wp.com\/www.24baires.com\/wp-content\/uploads\/2016\/08\/cerebro.jpg?resize=350%2C200 1x, https:\/\/i0.wp.com\/www.24baires.com\/wp-content\/uploads\/2016\/08\/cerebro.jpg?resize=525%2C300 1.5x"},"classes":[]},{"id":108085,"url":"https:\/\/www.24baires.com\/?p=108085","url_meta":{"origin":79077,"position":4},"title":"Un amor como el nuestro","author":"AF","date":"10\/05\/2019","format":false,"excerpt":"OPINI\u00d3N: Mar\u00eda Jos\u00e9 S\u00e1nchez Supongo que as\u00ed ha de pasar con las personas que le cambian la vida a millones. Imagino, siguiendo un poco el intrincado entramado de nuestra historia, que as\u00ed debe suceder con quienes marcan un antes y un despu\u00e9s en todo, con su presencia, con su accionar\u2026","rel":"","context":"En \u00abOpini\u00f3n\u00bb","block_context":{"text":"Opini\u00f3n","link":"https:\/\/www.24baires.com\/?cat=64"},"img":{"alt_text":"","src":"https:\/\/i0.wp.com\/www.24baires.com\/wp-content\/uploads\/2019\/05\/cfk.jpg?resize=350%2C200","width":350,"height":200,"srcset":"https:\/\/i0.wp.com\/www.24baires.com\/wp-content\/uploads\/2019\/05\/cfk.jpg?resize=350%2C200 1x, https:\/\/i0.wp.com\/www.24baires.com\/wp-content\/uploads\/2019\/05\/cfk.jpg?resize=525%2C300 1.5x"},"classes":[]},{"id":25080,"url":"https:\/\/www.24baires.com\/?p=25080","url_meta":{"origin":79077,"position":5},"title":"Chino Navarro: \u00abSturzenegger indudablemente tiene un problema no resuelto con los nazis\u00bb","author":"Grupo Sierra","date":"04\/06\/2013","format":false,"excerpt":"El diputado provincial bonaerense Fernando \"Chino\" Navarro, asegur\u00f3 que el actual titular del Banco Ciudad, Federico Sturzenegger, es \"un hombre cercado por las miserias, m\u00e1s que un hombre con una mirada m\u00ednimamente comprensiva de esta realidad\". Navarro sali\u00f3 al cruce as\u00ed a las declaraciones matinales del referente del PRO capitalino.\u2026","rel":"","context":"En \u00abPol\u00edtica\u00bb","block_context":{"text":"Pol\u00edtica","link":"https:\/\/www.24baires.com\/?cat=51"},"img":{"alt_text":"","src":"","width":0,"height":0},"classes":[]}],"jetpack_sharing_enabled":true,"jetpack_likes_enabled":true,"_links":{"self":[{"href":"https:\/\/www.24baires.com\/index.php?rest_route=\/wp\/v2\/posts\/79077","targetHints":{"allow":["GET"]}}],"collection":[{"href":"https:\/\/www.24baires.com\/index.php?rest_route=\/wp\/v2\/posts"}],"about":[{"href":"https:\/\/www.24baires.com\/index.php?rest_route=\/wp\/v2\/types\/post"}],"author":[{"embeddable":true,"href":"https:\/\/www.24baires.com\/index.php?rest_route=\/wp\/v2\/users\/4"}],"replies":[{"embeddable":true,"href":"https:\/\/www.24baires.com\/index.php?rest_route=%2Fwp%2Fv2%2Fcomments&post=79077"}],"version-history":[{"count":3,"href":"https:\/\/www.24baires.com\/index.php?rest_route=\/wp\/v2\/posts\/79077\/revisions"}],"predecessor-version":[{"id":79084,"href":"https:\/\/www.24baires.com\/index.php?rest_route=\/wp\/v2\/posts\/79077\/revisions\/79084"}],"wp:attachment":[{"href":"https:\/\/www.24baires.com\/index.php?rest_route=%2Fwp%2Fv2%2Fmedia&parent=79077"}],"wp:term":[{"taxonomy":"category","embeddable":true,"href":"https:\/\/www.24baires.com\/index.php?rest_route=%2Fwp%2Fv2%2Fcategories&post=79077"},{"taxonomy":"post_tag","embeddable":true,"href":"https:\/\/www.24baires.com\/index.php?rest_route=%2Fwp%2Fv2%2Ftags&post=79077"}],"curies":[{"name":"wp","href":"https:\/\/api.w.org\/{rel}","templated":true}]}}