{"id":79046,"date":"2016-02-17T20:00:36","date_gmt":"2016-02-17T23:00:36","guid":{"rendered":"http:\/\/www.24baires.com\/?p=79046"},"modified":"2016-02-17T19:58:48","modified_gmt":"2016-02-17T22:58:48","slug":"ya-esta-confirmada-la-venta-de-entradas-para-ricky-martin","status":"publish","type":"post","link":"https:\/\/www.24baires.com\/?p=79046","title":{"rendered":"Ya est\u00e1 confirmada la venta de entradas para Ricky Martin"},"content":{"rendered":"<p><img data-recalc-dims=\"1\" loading=\"lazy\" decoding=\"async\" class=\"aligncenter size-full wp-image-52707\" src=\"https:\/\/i0.wp.com\/www.24baires.com\/wp-content\/uploads\/2014\/08\/Ricky_Martin.jpg?resize=560%2C419\" alt=\"Ricky_Martin\" width=\"560\" height=\"419\" srcset=\"https:\/\/i0.wp.com\/www.24baires.com\/wp-content\/uploads\/2014\/08\/Ricky_Martin.jpg?w=560&amp;ssl=1 560w, https:\/\/i0.wp.com\/www.24baires.com\/wp-content\/uploads\/2014\/08\/Ricky_Martin.jpg?resize=300%2C224&amp;ssl=1 300w\" sizes=\"auto, (max-width: 560px) 100vw, 560px\" \/>El cantante puertorrique\u00f1o brindar\u00e1 un show el 25 de marzo en el Polideportivo. Enterate cu\u00e1ndo y d\u00f3nde se podr\u00e1n conseguir <!--more--><\/p>\n<p>Ricky Martin confirm\u00f3 en las redes sociales su show en Mar del Plata el 25 de marzo en el Polideportivo, en el marco de su gira \u201cOne world tour 2016\u201d por la Argentina. Para alegr\u00eda de sus seguidores, el cantante boricua tambi\u00e9n indic\u00f3 en su p\u00e1gina web cu\u00e1ndo y d\u00f3nde se podr\u00e1n comprar las entradas.<\/p>\n<p>Primero habr\u00e1 una preventa exclusiva para clientes Banco Macro v\u00e1lida desde las 10 de la ma\u00f1ana del viernes 19 de febrero y \u00fanicamente a trav\u00e9s de la p\u00e1gina www.compratuticket.com o llamando al (011) 6841-6200.<\/p>\n<p>La venta al p\u00fablico comenzar\u00e1 a las 0 horas del s\u00e1bado, mientras que desde el 1 de marzo tambi\u00e9n se podr\u00e1n conseguir las localidades de forma personal en el local de StarTicket (Roca 1244, Mar del Plata) de 10.30 a 13.30 y de 16.30 a 21.<\/p>\n<p>El show es completamente nuevo y se divide en cuatro partes: dance, rock, baladas y tribal. El mismo ha sido dise\u00f1ado para un p\u00fablico exigente, con una gran producci\u00f3n, una puesta en escena de primera, elaboradas coreograf\u00edas y un gran repertorio que incluye tanto sus cl\u00e1sicos (\u201cLivin\u2019 La Vida Loca\u201d, \u201cShe Bangs\u201d, \u201cLola\u201d, \u201cCopa De La Vida\u201d, \u201cPor Arriba, Por Abajo\u201d, entre otros) como los nuevos \u00e9xitos de su m\u00e1s reciente producci\u00f3n \u201cA Quien Quiera Escuchar\u201d.<\/p>\n<p>&nbsp;<\/p>\n<p>&nbsp;<\/p>\n<p>&nbsp;<\/p>\n<p>&nbsp;<\/p>\n<p>&nbsp;<\/p>\n<p>&nbsp;<\/p>\n<p>&nbsp;<\/p>\n","protected":false},"excerpt":{"rendered":"<p>El cantante puertorrique\u00f1o brindar\u00e1 un show el 25 de marzo en el Polideportivo. Enterate cu\u00e1ndo y d\u00f3nde se podr\u00e1n conseguir<\/p>\n","protected":false},"author":8,"featured_media":0,"comment_status":"open","ping_status":"open","sticky":false,"template":"","format":"standard","meta":{"_jetpack_newsletter_access":"","_jetpack_dont_email_post_to_subs":false,"_jetpack_newsletter_tier_id":0,"_jetpack_memberships_contains_paywalled_content":false,"_jetpack_memberships_contains_paid_content":false,"footnotes":""},"categories":[41],"tags":[],"class_list":["post-79046","post","type-post","status-publish","format-standard","hentry","category-espectaculos"],"jetpack_featured_media_url":"","jetpack_shortlink":"https:\/\/wp.me\/p2JWE0-kyW","jetpack-related-posts":[{"id":78321,"url":"https:\/\/www.24baires.com\/?p=78321","url_meta":{"origin":79046,"position":0},"title":"Ricky Martin vuelve a Mar del Plata","author":"GB","date":"29\/01\/2016","format":false,"excerpt":"El artista har\u00e1 vibrar a marplatenses y turistas en el marco de su gira One World Tour. Confirmado: Ricky Martin se presentar\u00e1 en Mar del Plata. El cantante puertorrique\u00f1o anunci\u00f3 que brindar\u00e1 un show el 26 de marzo en el Estadio Polideportivo Islas Malvinas, en el marco de su gira\u2026","rel":"","context":"En \u00abEspectaculos\u00bb","block_context":{"text":"Espectaculos","link":"https:\/\/www.24baires.com\/?cat=41"},"img":{"alt_text":"Ricky_Martin","src":"https:\/\/i0.wp.com\/www.24baires.com\/wp-content\/uploads\/2014\/08\/Ricky_Martin.jpg?resize=350%2C200","width":350,"height":200,"srcset":"https:\/\/i0.wp.com\/www.24baires.com\/wp-content\/uploads\/2014\/08\/Ricky_Martin.jpg?resize=350%2C200 1x, https:\/\/i0.wp.com\/www.24baires.com\/wp-content\/uploads\/2014\/08\/Ricky_Martin.jpg?resize=525%2C300 1.5x"},"classes":[]},{"id":52706,"url":"https:\/\/www.24baires.com\/?p=52706","url_meta":{"origin":79046,"position":1},"title":"Ricky Martin vuelve a la Argentina y brindar\u00e1 un show gratuito el 26 de octubre","author":"GB","date":"29\/08\/2014","format":false,"excerpt":"El popular cantante puertorrique\u00f1o, Ricky Martin volver\u00e1 a la Argentina para presentarse el 26 de octubre en el Parque de la Ciudad en el marco del Festival Coca-Cola, en un evento gratuito para el que a\u00fan resta definir si las entradas deber\u00e1n retirarse previamente o realizar determinadas donaciones para obtenerlas.\u2026","rel":"","context":"En \u00abEspectaculos\u00bb","block_context":{"text":"Espectaculos","link":"https:\/\/www.24baires.com\/?cat=41"},"img":{"alt_text":"Ricky_Martin","src":"https:\/\/i0.wp.com\/www.24baires.com\/wp-content\/uploads\/2014\/08\/Ricky_Martin.jpg?resize=350%2C200","width":350,"height":200,"srcset":"https:\/\/i0.wp.com\/www.24baires.com\/wp-content\/uploads\/2014\/08\/Ricky_Martin.jpg?resize=350%2C200 1x, https:\/\/i0.wp.com\/www.24baires.com\/wp-content\/uploads\/2014\/08\/Ricky_Martin.jpg?resize=525%2C300 1.5x"},"classes":[]},{"id":76150,"url":"https:\/\/www.24baires.com\/?p=76150","url_meta":{"origin":79046,"position":2},"title":"Ricky Martin llega a Mar del Plata este fin de semana","author":"GB","date":"09\/12\/2015","format":false,"excerpt":"El cantante puertorrique\u00f1o participar\u00e1 de un evento privado en la costa y se hospedar\u00e1 en un hotel de la ciudad. En medio de las expectativas por saber si se presentar\u00e1 en la ciudad en el marco de su nueva gira, Ricky Martin llega a Mar del Plata este fin de\u2026","rel":"","context":"En \u00abEspectaculos\u00bb","block_context":{"text":"Espectaculos","link":"https:\/\/www.24baires.com\/?cat=41"},"img":{"alt_text":"Ricky_Martin","src":"https:\/\/i0.wp.com\/www.24baires.com\/wp-content\/uploads\/2014\/08\/Ricky_Martin.jpg?resize=350%2C200","width":350,"height":200,"srcset":"https:\/\/i0.wp.com\/www.24baires.com\/wp-content\/uploads\/2014\/08\/Ricky_Martin.jpg?resize=350%2C200 1x, https:\/\/i0.wp.com\/www.24baires.com\/wp-content\/uploads\/2014\/08\/Ricky_Martin.jpg?resize=525%2C300 1.5x"},"classes":[]},{"id":61493,"url":"https:\/\/www.24baires.com\/?p=61493","url_meta":{"origin":79046,"position":3},"title":"Manu Chao vuelve al pa\u00eds con cuatro fechas confirmadas","author":"GB","date":"09\/02\/2015","format":false,"excerpt":"La nueva 'Ventura' de Manu vuelve a la Argentina: los organizadores de 300 producciones acaban de confirmar los d\u00edas y lugares para este nuevo tour que pasar\u00e1 por diferentes provincias del pa\u00eds. Manu Chao vuelve a la Argentina. Parece que estos pagos son el gusto del m\u00fasico y, luego de\u2026","rel":"","context":"En \u00abEspectaculos\u00bb","block_context":{"text":"Espectaculos","link":"https:\/\/www.24baires.com\/?cat=41"},"img":{"alt_text":"manu chao","src":"https:\/\/i0.wp.com\/www.24baires.com\/wp-content\/uploads\/2015\/02\/manu-chao.jpg?resize=350%2C200","width":350,"height":200,"srcset":"https:\/\/i0.wp.com\/www.24baires.com\/wp-content\/uploads\/2015\/02\/manu-chao.jpg?resize=350%2C200 1x, https:\/\/i0.wp.com\/www.24baires.com\/wp-content\/uploads\/2015\/02\/manu-chao.jpg?resize=525%2C300 1.5x"},"classes":[]},{"id":49935,"url":"https:\/\/www.24baires.com\/?p=49935","url_meta":{"origin":79046,"position":4},"title":"Abel Pintos vuelve a Mar del Plata","author":"GB","date":"15\/07\/2014","format":false,"excerpt":"El espect\u00e1culo ser\u00e1 el domingo 12 de octubre (fin de semana largo) a las 21:00 horas en el Estadio Polideportivo. Al respecto, NA Producciones inform\u00f3 que desde este martes a las 10:00 de la ma\u00f1ana y hasta el 28 de julio inclusive, estar\u00e1 vigente la preventa de entradas \u00fanicamente a\u2026","rel":"","context":"En \u00abEspectaculos\u00bb","block_context":{"text":"Espectaculos","link":"https:\/\/www.24baires.com\/?cat=41"},"img":{"alt_text":"abel pintos","src":"https:\/\/i0.wp.com\/www.24baires.com\/wp-content\/uploads\/2014\/07\/abel-pintos.jpg?resize=350%2C200","width":350,"height":200,"srcset":"https:\/\/i0.wp.com\/www.24baires.com\/wp-content\/uploads\/2014\/07\/abel-pintos.jpg?resize=350%2C200 1x, https:\/\/i0.wp.com\/www.24baires.com\/wp-content\/uploads\/2014\/07\/abel-pintos.jpg?resize=525%2C300 1.5x"},"classes":[]},{"id":26,"url":"https:\/\/www.24baires.com\/?p=26","url_meta":{"origin":79046,"position":5},"title":"Se va conformando la cartelera teatral del verano","author":"Grupo Sierra","date":"17\/09\/2012","format":false,"excerpt":"Las obras \u201cLa dama de negro\u201d, con Fabi\u00e1n Gianola y Nicol\u00e1s Scarpino; \u201cEscandalosas\u201d, con Carmen Barbieri y Moria Cas\u00e1n; \u201cEn el aire\u201d, con Facundo Arana; \u201cDivine\u201d, con An\u00edbal Pachano; y \u201cConversaciones con mam\u00e1\u201d, con Pepe Soriano y Luis Brandoni son algunos de los espect\u00e1culos confirmados para la temporada teatral veraniega\u2026","rel":"","context":"En \u00abEspectaculos\u00bb","block_context":{"text":"Espectaculos","link":"https:\/\/www.24baires.com\/?cat=41"},"img":{"alt_text":"","src":"https:\/\/i0.wp.com\/static.0223.com.ar\/2012\/09\/pe1.jpg?resize=350%2C200","width":350,"height":200},"classes":[]}],"jetpack_sharing_enabled":true,"jetpack_likes_enabled":true,"_links":{"self":[{"href":"https:\/\/www.24baires.com\/index.php?rest_route=\/wp\/v2\/posts\/79046","targetHints":{"allow":["GET"]}}],"collection":[{"href":"https:\/\/www.24baires.com\/index.php?rest_route=\/wp\/v2\/posts"}],"about":[{"href":"https:\/\/www.24baires.com\/index.php?rest_route=\/wp\/v2\/types\/post"}],"author":[{"embeddable":true,"href":"https:\/\/www.24baires.com\/index.php?rest_route=\/wp\/v2\/users\/8"}],"replies":[{"embeddable":true,"href":"https:\/\/www.24baires.com\/index.php?rest_route=%2Fwp%2Fv2%2Fcomments&post=79046"}],"version-history":[{"count":1,"href":"https:\/\/www.24baires.com\/index.php?rest_route=\/wp\/v2\/posts\/79046\/revisions"}],"predecessor-version":[{"id":79047,"href":"https:\/\/www.24baires.com\/index.php?rest_route=\/wp\/v2\/posts\/79046\/revisions\/79047"}],"wp:attachment":[{"href":"https:\/\/www.24baires.com\/index.php?rest_route=%2Fwp%2Fv2%2Fmedia&parent=79046"}],"wp:term":[{"taxonomy":"category","embeddable":true,"href":"https:\/\/www.24baires.com\/index.php?rest_route=%2Fwp%2Fv2%2Fcategories&post=79046"},{"taxonomy":"post_tag","embeddable":true,"href":"https:\/\/www.24baires.com\/index.php?rest_route=%2Fwp%2Fv2%2Ftags&post=79046"}],"curies":[{"name":"wp","href":"https:\/\/api.w.org\/{rel}","templated":true}]}}