{"id":7903,"date":"2012-12-04T20:38:31","date_gmt":"2012-12-04T23:38:31","guid":{"rendered":"http:\/\/www.24baires.com\/?p=7903"},"modified":"2012-12-04T20:38:31","modified_gmt":"2012-12-04T23:38:31","slug":"del-potro-jugara-con-fernando-gonzalez-en-su-despedida-del-tenis","status":"publish","type":"post","link":"https:\/\/www.24baires.com\/?p=7903","title":{"rendered":"Del Potro jugar\u00e1 con Fernando Gonz\u00e1lez en su despedida del tenis"},"content":{"rendered":"<p><img data-recalc-dims=\"1\" loading=\"lazy\" decoding=\"async\" class=\"aligncenter size-full wp-image-7904\" title=\"del potro\" src=\"https:\/\/i0.wp.com\/www.24baires.com\/wp-content\/uploads\/2012\/12\/del-potro.jpg?resize=560%2C335\" alt=\"\" width=\"560\" height=\"335\" srcset=\"https:\/\/i0.wp.com\/www.24baires.com\/wp-content\/uploads\/2012\/12\/del-potro.jpg?w=560&amp;ssl=1 560w, https:\/\/i0.wp.com\/www.24baires.com\/wp-content\/uploads\/2012\/12\/del-potro.jpg?resize=300%2C179&amp;ssl=1 300w\" sizes=\"auto, (max-width: 560px) 100vw, 560px\" \/><\/p>\n<p>El tandilense Juan Mart\u00edn del Potro se enfrentar\u00e1 el pr\u00f3ximo 21 de diciembre con el chileno Fernando Gonz\u00e1lez, en Mendoza, en una exhibici\u00f3n, en el marco de la despedida del tenista trasandino.<!--more--><br \/>\nAs\u00ed lo inform\u00f3 la empresa Exxia Sports Management, organizadora del evento, que tambi\u00e9n comunic\u00f3 que previo al encuentro entre Del Potro y Gonz\u00e1lez se medir\u00e1n los argentinos Eduardo Schwank y Carlos Berlcocq.<br \/>\nEl encuentro se jugar\u00e1 en el Estadio Arena Maip\u00fa de Mendoza, que cuenta con capacidad para 4.000 personas, sobre una superficie r\u00e1pida.<br \/>\nTambi\u00e9n se presentar\u00e1 Gustavo Fern\u00e1ndez, actual n\u00famero 6 del mundo en tenis en silla de ruedas.<br \/>\nLos dos partidos ser\u00e1n televisados en directo por TyC Sports y TyC Sports HD.<\/p>\n<p>&nbsp;<\/p>\n<p>&nbsp;<\/p>\n<p>&nbsp;<\/p>\n<p>&nbsp;<\/p>\n<p>&nbsp;<\/p>\n<p>&nbsp;<\/p>\n<p>&nbsp;<\/p>\n<p>&nbsp;<\/p>\n","protected":false},"excerpt":{"rendered":"<p>El tandilense Juan Mart\u00edn del Potro se enfrentar\u00e1 el pr\u00f3ximo 21 de diciembre con el chileno Fernando Gonz\u00e1lez, en Mendoza, en una exhibici\u00f3n, en el marco de la despedida del tenista trasandino.<\/p>\n","protected":false},"author":11,"featured_media":0,"comment_status":"open","ping_status":"open","sticky":false,"template":"","format":"standard","meta":{"_jetpack_newsletter_access":"","_jetpack_dont_email_post_to_subs":false,"_jetpack_newsletter_tier_id":0,"_jetpack_memberships_contains_paywalled_content":false,"_jetpack_memberships_contains_paid_content":false,"footnotes":""},"categories":[12],"tags":[],"class_list":["post-7903","post","type-post","status-publish","format-standard","hentry","category-deportes"],"jetpack_featured_media_url":"","jetpack_shortlink":"https:\/\/wp.me\/p2JWE0-23t","jetpack-related-posts":[{"id":14563,"url":"https:\/\/www.24baires.com\/?p=14563","url_meta":{"origin":7903,"position":0},"title":"Argentina le gan\u00f3 5 a 0 en la Davis a Alemania y M\u00f3naco le mando &#8216;saludos&#8217; a Del Potro","author":"Grupo Sierra","date":"03\/02\/2013","format":false,"excerpt":"\"Pico\" se refiri\u00f3 a la ausencia del n\u00famero uno del tenis argentino, quien en diciembre pasado renunci\u00f3 a jugar la Copa Davis en 2013 y debilit\u00f3 considerablemente al equipo. \"Su decisi\u00f3n es repestable\", dijo. La herida por la ausencia de Del Potro no cerr\u00f3 ni a\u00fan con el triunfo por\u2026","rel":"","context":"En \u00abDeportes\u00bb","block_context":{"text":"Deportes","link":"https:\/\/www.24baires.com\/?cat=12"},"img":{"alt_text":"monaco a delpo","src":"https:\/\/i0.wp.com\/www.24baires.com\/wp-content\/uploads\/2013\/02\/monaco-a-delpo.jpg?resize=350%2C200","width":350,"height":200,"srcset":"https:\/\/i0.wp.com\/www.24baires.com\/wp-content\/uploads\/2013\/02\/monaco-a-delpo.jpg?resize=350%2C200 1x, https:\/\/i0.wp.com\/www.24baires.com\/wp-content\/uploads\/2013\/02\/monaco-a-delpo.jpg?resize=525%2C300 1.5x"},"classes":[]},{"id":11033,"url":"https:\/\/www.24baires.com\/?p=11033","url_meta":{"origin":7903,"position":1},"title":"Otra baja para la Davis","author":"Grupo Sierra","date":"02\/01\/2013","format":false,"excerpt":"Schwank fue operado y se confirm\u00f3 su ausencia ante Alemania.El tenista tiene para dos meses y medio de inactividad tras haber sido intervenido por una sinovitis cr\u00f3nica en su mu\u00f1eca derecha. Al igual que Del Potro, son bajas para Argentina. Eduardo Schwank, al igual que Juan Mart\u00edn del Potro, se\u2026","rel":"","context":"En \u00abDeportes\u00bb","block_context":{"text":"Deportes","link":"https:\/\/www.24baires.com\/?cat=12"},"img":{"alt_text":"Schwank tenis","src":"https:\/\/i0.wp.com\/www.24baires.com\/wp-content\/uploads\/2013\/01\/Schwank-tenis.jpg?resize=350%2C200","width":350,"height":200,"srcset":"https:\/\/i0.wp.com\/www.24baires.com\/wp-content\/uploads\/2013\/01\/Schwank-tenis.jpg?resize=350%2C200 1x, https:\/\/i0.wp.com\/www.24baires.com\/wp-content\/uploads\/2013\/01\/Schwank-tenis.jpg?resize=525%2C300 1.5x"},"classes":[]},{"id":39742,"url":"https:\/\/www.24baires.com\/?p=39742","url_meta":{"origin":7903,"position":2},"title":"Grimaldi: \u00abHay que llegar a un acuerdo para tener a Del Potro en la Davis\u00bb","author":"Grupo Sierra","date":"03\/02\/2014","format":false,"excerpt":"La Asociaci\u00f3n Argentina de Tenis (AAT) se propuso \"modificar lo que haya que modificar\" para lograr la vuelta de Juan Mart\u00edn Del Potro al equipo de Copa Davis, seg\u00fan indic\u00f3 hoy su presidente Arturo Grimaldi. Un d\u00eda despu\u00e9s de la eliminaci\u00f3n ante Italia en la primera ronda del Grupo Mundial,\u2026","rel":"","context":"En \u00abDeportes\u00bb","block_context":{"text":"Deportes","link":"https:\/\/www.24baires.com\/?cat=12"},"img":{"alt_text":"del potro","src":"https:\/\/i0.wp.com\/www.24baires.com\/wp-content\/uploads\/2014\/02\/del-potro.jpg?resize=350%2C200","width":350,"height":200,"srcset":"https:\/\/i0.wp.com\/www.24baires.com\/wp-content\/uploads\/2014\/02\/del-potro.jpg?resize=350%2C200 1x, https:\/\/i0.wp.com\/www.24baires.com\/wp-content\/uploads\/2014\/02\/del-potro.jpg?resize=525%2C300 1.5x"},"classes":[]},{"id":10515,"url":"https:\/\/www.24baires.com\/?p=10515","url_meta":{"origin":7903,"position":3},"title":"Del Potro dice que se enter\u00f3 \u00abpor los medios\u00bb que qued\u00f3 fuera de la Davis","author":"Grupo Sierra","date":"26\/12\/2012","format":false,"excerpt":"El tandilense se refiri\u00f3 as\u00ed a la decisi\u00f3n del capit\u00e1n del equipo argentino de Copa Davis, Mart\u00edn Jaite, quien lo margin\u00f3 para disputar la serie ante Alemania. \"Quiero hablar con \u00e9l lo antes posible\", dijo. Del Potro asisti\u00f3 hoy al lanzamiento de la exhibici\u00f3n que jugar\u00e1 con el estadounidense Andy\u2026","rel":"","context":"En \u00abDeportes\u00bb","block_context":{"text":"Deportes","link":"https:\/\/www.24baires.com\/?cat=12"},"img":{"alt_text":"del potro","src":"https:\/\/i0.wp.com\/www.24baires.com\/wp-content\/uploads\/2012\/12\/del-potro.jpg?resize=350%2C200","width":350,"height":200,"srcset":"https:\/\/i0.wp.com\/www.24baires.com\/wp-content\/uploads\/2012\/12\/del-potro.jpg?resize=350%2C200 1x, https:\/\/i0.wp.com\/www.24baires.com\/wp-content\/uploads\/2012\/12\/del-potro.jpg?resize=525%2C300 1.5x"},"classes":[]},{"id":98739,"url":"https:\/\/www.24baires.com\/?p=98739","url_meta":{"origin":7903,"position":4},"title":"Burzaco admiti\u00f3 que le pag\u00f3 m\u00e1s de US$7 millones en coimas a Grondona","author":"AF","date":"14\/11\/2017","format":false,"excerpt":"Ex presidente de la empresa Torneos y Competencias (TyC) declar\u00f3 en Nueva York que le pag\u00f3 millones de d\u00f3lares a Grondona hasta su muerte. Como reyes, todopoderosos jerarcas del f\u00fatbol como el argentino Julio Grondona o el brasile\u00f1o Ricardo Teixeira llegaban en jet privado a la sede de la Conmebol\u2026","rel":"","context":"En \u00abSociedad\u00bb","block_context":{"text":"Sociedad","link":"https:\/\/www.24baires.com\/?cat=1"},"img":{"alt_text":"","src":"https:\/\/i0.wp.com\/www.24baires.com\/wp-content\/uploads\/2017\/11\/burzaco.jpg?resize=350%2C200","width":350,"height":200,"srcset":"https:\/\/i0.wp.com\/www.24baires.com\/wp-content\/uploads\/2017\/11\/burzaco.jpg?resize=350%2C200 1x, https:\/\/i0.wp.com\/www.24baires.com\/wp-content\/uploads\/2017\/11\/burzaco.jpg?resize=525%2C300 1.5x"},"classes":[]},{"id":20456,"url":"https:\/\/www.24baires.com\/?p=20456","url_meta":{"origin":7903,"position":5},"title":"Ivana Nadal y una pol\u00e9mica tapa de revista","author":"Grupo Sierra","date":"07\/04\/2013","format":false,"excerpt":"La notera del programa Tiempo Extra, de TyC Sports se muestra envuelta en un gigantesco Rosario, bajo el t\u00edtulo \"Habemus Papo\". La publicaci\u00f3n asegura que con la modelo en cuesti\u00f3n \"demuestra que Dios existe, y juega para nosotros\". \u00bfSer\u00e1 tan as\u00ed? Con la participaci\u00f3n especial de la modelo que ratonea\u2026","rel":"","context":"En \u00abEspectaculos\u00bb","block_context":{"text":"Espectaculos","link":"https:\/\/www.24baires.com\/?cat=41"},"img":{"alt_text":"nada ivana","src":"https:\/\/i0.wp.com\/www.24baires.com\/wp-content\/uploads\/2013\/04\/nada-ivana.jpg?resize=350%2C200","width":350,"height":200,"srcset":"https:\/\/i0.wp.com\/www.24baires.com\/wp-content\/uploads\/2013\/04\/nada-ivana.jpg?resize=350%2C200 1x, https:\/\/i0.wp.com\/www.24baires.com\/wp-content\/uploads\/2013\/04\/nada-ivana.jpg?resize=525%2C300 1.5x"},"classes":[]}],"jetpack_sharing_enabled":true,"jetpack_likes_enabled":true,"_links":{"self":[{"href":"https:\/\/www.24baires.com\/index.php?rest_route=\/wp\/v2\/posts\/7903","targetHints":{"allow":["GET"]}}],"collection":[{"href":"https:\/\/www.24baires.com\/index.php?rest_route=\/wp\/v2\/posts"}],"about":[{"href":"https:\/\/www.24baires.com\/index.php?rest_route=\/wp\/v2\/types\/post"}],"author":[{"embeddable":true,"href":"https:\/\/www.24baires.com\/index.php?rest_route=\/wp\/v2\/users\/11"}],"replies":[{"embeddable":true,"href":"https:\/\/www.24baires.com\/index.php?rest_route=%2Fwp%2Fv2%2Fcomments&post=7903"}],"version-history":[{"count":1,"href":"https:\/\/www.24baires.com\/index.php?rest_route=\/wp\/v2\/posts\/7903\/revisions"}],"predecessor-version":[{"id":7905,"href":"https:\/\/www.24baires.com\/index.php?rest_route=\/wp\/v2\/posts\/7903\/revisions\/7905"}],"wp:attachment":[{"href":"https:\/\/www.24baires.com\/index.php?rest_route=%2Fwp%2Fv2%2Fmedia&parent=7903"}],"wp:term":[{"taxonomy":"category","embeddable":true,"href":"https:\/\/www.24baires.com\/index.php?rest_route=%2Fwp%2Fv2%2Fcategories&post=7903"},{"taxonomy":"post_tag","embeddable":true,"href":"https:\/\/www.24baires.com\/index.php?rest_route=%2Fwp%2Fv2%2Ftags&post=7903"}],"curies":[{"name":"wp","href":"https:\/\/api.w.org\/{rel}","templated":true}]}}