{"id":7900,"date":"2012-12-04T20:05:36","date_gmt":"2012-12-04T23:05:36","guid":{"rendered":"http:\/\/www.24baires.com\/?p=7900"},"modified":"2012-12-04T20:05:36","modified_gmt":"2012-12-04T23:05:36","slug":"por-la-ley-de-los-countries-de-narvaez-fue-a-la-justicia","status":"publish","type":"post","link":"https:\/\/www.24baires.com\/?p=7900","title":{"rendered":"Por la &#8216;Ley de los Countries&#8217;, De Narv\u00e1ez fue a la Justicia"},"content":{"rendered":"<p>El diputado nacional del Frente Peronista y l\u00edder opositor en la Provincia de Buenos Aires revel\u00f3 este mediod\u00eda que el lunes present\u00f3 un recurso de amparo ante la Justicia para que se declare inconstitucional la Ley de H\u00e1bitat, que fue aprobada en la Legislatura bonaerense durante la \u00faltima sesi\u00f3n ordinaria del a\u00f1o hace 5 d\u00edas.\u00a0<!--more--><\/p>\n<p>Francisco De Narv\u00e1ez pide adem\u00e1s al Gobierno bonaerense que deje sin efecto los art\u00edculos \u201cque violen expresamente el derecho de propiedad\u201d.<\/p>\n<p>La presentaci\u00f3n judicial cay\u00f3 en el Tribunal de Trabajo N\u00b0 4 de La Plata.<\/p>\n<p>&nbsp;<\/p>\n<p>&nbsp;<\/p>\n<p>&nbsp;<\/p>\n<p>&nbsp;<\/p>\n<p>&nbsp;<\/p>\n<p>&nbsp;<\/p>\n<p>&nbsp;<\/p>\n<p>&nbsp;<\/p>\n<p>&nbsp;<\/p>\n<p>&nbsp;<\/p>\n<p>&nbsp;<\/p>\n<p>&nbsp;<\/p>\n<p>&nbsp;<\/p>\n","protected":false},"excerpt":{"rendered":"<p>El diputado nacional del Frente Peronista y l\u00edder opositor en la Provincia de Buenos Aires revel\u00f3 este mediod\u00eda que el lunes present\u00f3 un recurso de amparo ante la Justicia para que se declare inconstitucional la Ley de H\u00e1bitat, que fue aprobada en la Legislatura bonaerense durante la \u00faltima sesi\u00f3n ordinaria del a\u00f1o hace 5 d\u00edas.\u00a0<\/p>\n","protected":false},"author":11,"featured_media":0,"comment_status":"open","ping_status":"open","sticky":false,"template":"","format":"standard","meta":{"_jetpack_newsletter_access":"","_jetpack_dont_email_post_to_subs":false,"_jetpack_newsletter_tier_id":0,"_jetpack_memberships_contains_paywalled_content":false,"_jetpack_memberships_contains_paid_content":false,"footnotes":""},"categories":[40],"tags":[],"class_list":["post-7900","post","type-post","status-publish","format-standard","hentry","category-provincia"],"jetpack_featured_media_url":"","jetpack_shortlink":"https:\/\/wp.me\/p2JWE0-23q","jetpack-related-posts":[{"id":19988,"url":"https:\/\/www.24baires.com\/?p=19988","url_meta":{"origin":7900,"position":0},"title":"De Narv\u00e1ez neg\u00f3 un pacto con Scioli, pero reconoci\u00f3 similitudes","author":"AF","date":"02\/04\/2013","format":false,"excerpt":"Instalado como eje de nuevas tensiones entre la Provincia y el gobierno nacional, el diputado del peronismo opositor Francisco De Narv\u00e1ez sali\u00f3 al cruce de las versiones sobre un supuesto acuerdo electoral en marcha con el gobernador Daniel Scioli de cara a los comicios de octubre. Con todo, no ocult\u00f3\u2026","rel":"","context":"En \u00abPol\u00edtica\u00bb","block_context":{"text":"Pol\u00edtica","link":"https:\/\/www.24baires.com\/?cat=51"},"img":{"alt_text":"de narv\u00e1ez scioli","src":"https:\/\/i0.wp.com\/www.24baires.com\/wp-content\/uploads\/2013\/04\/de-narv%C3%A1ez-scioli1.jpg?resize=350%2C200","width":350,"height":200,"srcset":"https:\/\/i0.wp.com\/www.24baires.com\/wp-content\/uploads\/2013\/04\/de-narv%C3%A1ez-scioli1.jpg?resize=350%2C200 1x, https:\/\/i0.wp.com\/www.24baires.com\/wp-content\/uploads\/2013\/04\/de-narv%C3%A1ez-scioli1.jpg?resize=525%2C300 1.5x"},"classes":[]},{"id":8037,"url":"https:\/\/www.24baires.com\/?p=8037","url_meta":{"origin":7900,"position":1},"title":"Rechazan amparo contra la &#8216;Ley de Countries&#8217; que present\u00f3 De Narv\u00e1ez por \u00abirrisorio\u00bb","author":"Grupo Sierra","date":"05\/12\/2012","format":false,"excerpt":"El Tribunal de Trabajo N\u00ba4 de La Plata rechaz\u00f3 sin m\u00e1s tr\u00e1mites el amparo que hab\u00eda presentado el diputado nacional hace 2 d\u00edas, lo caracteriz\u00f3 como \"irrisorio\" y destacan que De Narv\u00e1ez se \"se refiere como 'clases inferiores'\" a los beneficiarios de la Ley de H\u00e1bitat. El Tribunal del Trabajo\u2026","rel":"","context":"En \u00abProvincia\u00bb","block_context":{"text":"Provincia","link":"https:\/\/www.24baires.com\/?cat=40"},"img":{"alt_text":"","src":"https:\/\/i0.wp.com\/www.24baires.com\/wp-content\/uploads\/2012\/12\/denarvaez1.jpg?resize=350%2C200","width":350,"height":200,"srcset":"https:\/\/i0.wp.com\/www.24baires.com\/wp-content\/uploads\/2012\/12\/denarvaez1.jpg?resize=350%2C200 1x, https:\/\/i0.wp.com\/www.24baires.com\/wp-content\/uploads\/2012\/12\/denarvaez1.jpg?resize=525%2C300 1.5x"},"classes":[]},{"id":25404,"url":"https:\/\/www.24baires.com\/?p=25404","url_meta":{"origin":7900,"position":2},"title":"Desconfianza: PRO bonaerense y De Narv\u00e1ez no se ponen de acuerdo en el apoderado","author":"Grupo Sierra","date":"09\/06\/2013","format":false,"excerpt":"Las negociaciones entre el PRO bonaerense y Francisco de Narv\u00e1ez para conformar un frente electoral en la provincia de Buenos Aires se encuentran estancadas debido a la negativa de ambos sectores de que haya un apoderado legal de la coalici\u00f3n que sea ajeno al partido propio. Seg\u00fan confirmaron a T\u00e9lam\u2026","rel":"","context":"En \u00abPol\u00edtica\u00bb","block_context":{"text":"Pol\u00edtica","link":"https:\/\/www.24baires.com\/?cat=51"},"img":{"alt_text":"","src":"","width":0,"height":0},"classes":[]},{"id":36044,"url":"https:\/\/www.24baires.com\/?p=36044","url_meta":{"origin":7900,"position":3},"title":"Scioli neg\u00f3 que De Narv\u00e1ez vaya a Seguridad y respald\u00f3 a Granados","author":"Grupo Sierra","date":"01\/12\/2013","format":false,"excerpt":"El gobernador bonaerense neg\u00f3 que vaya a poner al opositor Francisco De Narv\u00e1ez como ministro de Seguridad y sostuvo que \"Alejandro Granados est\u00e1 haciendo un gran trabajo\". Asimismo, afirm\u00f3 que lo hablado con el diputado electo Sergio Massa \"son conversaciones como las que ha tenido con todos los sectores de\u2026","rel":"","context":"En \u00abProvincia\u00bb","block_context":{"text":"Provincia","link":"https:\/\/www.24baires.com\/?cat=40"},"img":{"alt_text":"scioli","src":"https:\/\/i0.wp.com\/www.24baires.com\/wp-content\/uploads\/2013\/08\/scioli.jpg?resize=350%2C200","width":350,"height":200,"srcset":"https:\/\/i0.wp.com\/www.24baires.com\/wp-content\/uploads\/2013\/08\/scioli.jpg?resize=350%2C200 1x, https:\/\/i0.wp.com\/www.24baires.com\/wp-content\/uploads\/2013\/08\/scioli.jpg?resize=525%2C300 1.5x"},"classes":[]},{"id":4640,"url":"https:\/\/www.24baires.com\/?p=4640","url_meta":{"origin":7900,"position":4},"title":"Ley de H\u00e1bitat: se realiz\u00f3 un debate abierto para despejar dudas","author":"AF","date":"06\/11\/2012","format":false,"excerpt":"El diputado Oscar Negrelli presidi\u00f3 este mi\u00e9rcoles un debate abierto sobre Ley de Acceso Justo al H\u00e1bitat, aprobado recientemente en la C\u00e1mara baja bonaerense. El diputado de la Coalici\u00f3n C\u00edvica defendi\u00f3 la iniciativa y se refiri\u00f3 a los lineamientos pol\u00edticos que se tejieron en torno a la oposici\u00f3n del proyecto\u2026","rel":"","context":"En \u00abPol\u00edtica\u00bb","block_context":{"text":"Pol\u00edtica","link":"https:\/\/www.24baires.com\/?cat=51"},"img":{"alt_text":"","src":"","width":0,"height":0},"classes":[]},{"id":105317,"url":"https:\/\/www.24baires.com\/?p=105317","url_meta":{"origin":7900,"position":5},"title":"Comienza la audiencia p\u00fablica por el desembarco de Farmacity en la Provincia","author":"GB","date":"07\/11\/2018","format":false,"excerpt":"La Corte Suprema escuchar\u00e1 a los \"amicus curiae\" de las partes. La ley que regula la actividad farmac\u00e9utica impide la instalaci\u00f3n de sociedades an\u00f3nimas. Los farmac\u00e9uticos marchar\u00e1n en defensa del \"modelo sanitario\". Lorenzino denunci\u00f3 que Rosenkrantz no lo dej\u00f3 entrar. Este mi\u00e9rcoles comienza la primera audiencia p\u00fablica convocada por la\u2026","rel":"","context":"En \u00abProvincia\u00bb","block_context":{"text":"Provincia","link":"https:\/\/www.24baires.com\/?cat=40"},"img":{"alt_text":"","src":"https:\/\/i0.wp.com\/www.24baires.com\/wp-content\/uploads\/2018\/04\/farmaceuticos-300x200.jpg?resize=350%2C200","width":350,"height":200},"classes":[]}],"jetpack_sharing_enabled":true,"jetpack_likes_enabled":true,"_links":{"self":[{"href":"https:\/\/www.24baires.com\/index.php?rest_route=\/wp\/v2\/posts\/7900","targetHints":{"allow":["GET"]}}],"collection":[{"href":"https:\/\/www.24baires.com\/index.php?rest_route=\/wp\/v2\/posts"}],"about":[{"href":"https:\/\/www.24baires.com\/index.php?rest_route=\/wp\/v2\/types\/post"}],"author":[{"embeddable":true,"href":"https:\/\/www.24baires.com\/index.php?rest_route=\/wp\/v2\/users\/11"}],"replies":[{"embeddable":true,"href":"https:\/\/www.24baires.com\/index.php?rest_route=%2Fwp%2Fv2%2Fcomments&post=7900"}],"version-history":[{"count":2,"href":"https:\/\/www.24baires.com\/index.php?rest_route=\/wp\/v2\/posts\/7900\/revisions"}],"predecessor-version":[{"id":7902,"href":"https:\/\/www.24baires.com\/index.php?rest_route=\/wp\/v2\/posts\/7900\/revisions\/7902"}],"wp:attachment":[{"href":"https:\/\/www.24baires.com\/index.php?rest_route=%2Fwp%2Fv2%2Fmedia&parent=7900"}],"wp:term":[{"taxonomy":"category","embeddable":true,"href":"https:\/\/www.24baires.com\/index.php?rest_route=%2Fwp%2Fv2%2Fcategories&post=7900"},{"taxonomy":"post_tag","embeddable":true,"href":"https:\/\/www.24baires.com\/index.php?rest_route=%2Fwp%2Fv2%2Ftags&post=7900"}],"curies":[{"name":"wp","href":"https:\/\/api.w.org\/{rel}","templated":true}]}}