{"id":7895,"date":"2012-12-04T19:49:14","date_gmt":"2012-12-04T22:49:14","guid":{"rendered":"http:\/\/www.24baires.com\/?p=7895"},"modified":"2012-12-04T19:51:58","modified_gmt":"2012-12-04T22:51:58","slug":"un-tolo-gallego-desesperado-ahora-promueve-a-la-primera-a-dos-juveniles","status":"publish","type":"post","link":"https:\/\/www.24baires.com\/?p=7895","title":{"rendered":"Un &#8216;Tolo&#8217; Gallego desesperado ahora promueve a la 1ra. a dos juveniles"},"content":{"rendered":"<p><img data-recalc-dims=\"1\" loading=\"lazy\" decoding=\"async\" class=\"aligncenter size-full wp-image-7896\" title=\"gallego tolo\" src=\"https:\/\/i0.wp.com\/www.24baires.com\/wp-content\/uploads\/2012\/12\/gallego-tolo.jpg?resize=560%2C335\" alt=\"\" width=\"560\" height=\"335\" srcset=\"https:\/\/i0.wp.com\/www.24baires.com\/wp-content\/uploads\/2012\/12\/gallego-tolo.jpg?w=560&amp;ssl=1 560w, https:\/\/i0.wp.com\/www.24baires.com\/wp-content\/uploads\/2012\/12\/gallego-tolo.jpg?resize=300%2C179&amp;ssl=1 300w\" sizes=\"auto, (max-width: 560px) 100vw, 560px\" \/><\/p>\n<p>El DT de Independiente promovi\u00f3 al volante Marcelo Vidal y al delantero Francisco Pizzini para encarar la semana previa al compromiso ante Col\u00f3n de Santa Fe, por la 19na. y \u00faltima fecha del torneo Inicial.<!--more--><br \/>\nVidal, volante central de la Reserva, y Pizzini, delantero de 19 a\u00f1os que ya tiene partidos en Primera, se entrenaron esta ma\u00f1ana junto al plantel en el regreso a las labores, tras la derrota (1-2) ante San Lorenzo del pasado domingo.<br \/>\nPara encarar el \u00faltimo cotejo del a\u00f1o, el `Tolo` Gallego tiene pensado realizar varios cambios en el equipo adem\u00e1s del obligado por el expulsado Juli\u00e1n Vel\u00e1zquez, aunque reci\u00e9n ma\u00f1ana comenzar\u00e1 a probar las distintas opciones.<br \/>\nEn cuanto a los lesionados, el defensor Cristian Tula, por una distensi\u00f3n, se entren\u00f3 diferenciado junto a V\u00edctor Zapata y Luciano Leguizam\u00f3n, quienes contin\u00faan con la recuperaci\u00f3n de sus respectivas dolencias.<br \/>\nIndependiente recibir\u00e1 a Col\u00f3n de Santa Fe el domingo desde las 17 en el estadio Libertadores de Am\u00e9rica.<\/p>\n<p>&nbsp;<\/p>\n<p>&nbsp;<\/p>\n<p>&nbsp;<\/p>\n<p>&nbsp;<\/p>\n<p>&nbsp;<\/p>\n<p>&nbsp;<\/p>\n<p>&nbsp;<\/p>\n<p>&nbsp;<\/p>\n<p>&nbsp;<\/p>\n","protected":false},"excerpt":{"rendered":"<p>El DT de Independiente promovi\u00f3 al volante Marcelo Vidal y al delantero Francisco Pizzini para encarar la semana previa al compromiso ante Col\u00f3n de Santa Fe, por la 19na. y \u00faltima fecha del torneo Inicial.<\/p>\n","protected":false},"author":11,"featured_media":0,"comment_status":"open","ping_status":"open","sticky":false,"template":"","format":"standard","meta":{"_jetpack_newsletter_access":"","_jetpack_dont_email_post_to_subs":false,"_jetpack_newsletter_tier_id":0,"_jetpack_memberships_contains_paywalled_content":false,"_jetpack_memberships_contains_paid_content":false,"footnotes":""},"categories":[12],"tags":[],"class_list":["post-7895","post","type-post","status-publish","format-standard","hentry","category-deportes"],"jetpack_featured_media_url":"","jetpack_shortlink":"https:\/\/wp.me\/p2JWE0-23l","jetpack-related-posts":[{"id":8516,"url":"https:\/\/www.24baires.com\/?p=8516","url_meta":{"origin":7895,"position":0},"title":"Con el empate ante Col\u00f3n, Independiente sigue en zona de descenso","author":"Grupo Sierra","date":"09\/12\/2012","format":false,"excerpt":"El \u201cRojo\u201d empat\u00f3 2 a 2 con Col\u00f3n en Avellaneda y sigue en zona de descenso. Osmar Ferreyra y Ernesto Far\u00edas marcaron para el local y Emanuel Gigliotti anot\u00f3 los dos de la visita. Con este empate, el equipo dirigido por Am\u00e9rico Gallego, que termin\u00f3 jugando con uno menos por\u2026","rel":"","context":"En \u00abDeportes\u00bb","block_context":{"text":"Deportes","link":"https:\/\/www.24baires.com\/?cat=12"},"img":{"alt_text":"","src":"https:\/\/i0.wp.com\/www.24baires.com\/wp-content\/uploads\/2012\/12\/indep_colon6_27981.jpg?resize=350%2C200","width":350,"height":200,"srcset":"https:\/\/i0.wp.com\/www.24baires.com\/wp-content\/uploads\/2012\/12\/indep_colon6_27981.jpg?resize=350%2C200 1x, https:\/\/i0.wp.com\/www.24baires.com\/wp-content\/uploads\/2012\/12\/indep_colon6_27981.jpg?resize=525%2C300 1.5x"},"classes":[]},{"id":14882,"url":"https:\/\/www.24baires.com\/?p=14882","url_meta":{"origin":7895,"position":1},"title":"Gallego: \u00abMe voy a ir el d\u00eda que mis jugadores no respondan\u00bb","author":"Grupo Sierra","date":"06\/02\/2013","format":false,"excerpt":"El entrenador de Independiente, Am\u00e9rico Gallego advirti\u00f3 que, ante la crisis de su equipo, sabr\u00e1 cuando llegue el momento indicado para irse y \"nadie\" tendr\u00e1 que decirle que lo haga. \"Yo s\u00e9 cu\u00e1ndo me tengo que ir de Independiente y no hace falta que nadie me lo venga a decir.\u2026","rel":"","context":"En \u00abDeportes\u00bb","block_context":{"text":"Deportes","link":"https:\/\/www.24baires.com\/?cat=12"},"img":{"alt_text":"gallego tolo 3","src":"https:\/\/i0.wp.com\/www.24baires.com\/wp-content\/uploads\/2013\/02\/gallego-tolo-3.jpg?resize=350%2C200","width":350,"height":200,"srcset":"https:\/\/i0.wp.com\/www.24baires.com\/wp-content\/uploads\/2013\/02\/gallego-tolo-3.jpg?resize=350%2C200 1x, https:\/\/i0.wp.com\/www.24baires.com\/wp-content\/uploads\/2013\/02\/gallego-tolo-3.jpg?resize=525%2C300 1.5x"},"classes":[]},{"id":11027,"url":"https:\/\/www.24baires.com\/?p=11027","url_meta":{"origin":7895,"position":2},"title":"Ferreyra cree que &#8216;el Rojo&#8217; puede salir de la zona de descenso","author":"Grupo Sierra","date":"02\/01\/2013","format":false,"excerpt":"El mediocampista de Independiente dijo que \"hay que estar tranquilos y no dejar pasar puntos\" y se ilusion\u00f3 con sacar al equipo \"de esta situaci\u00f3n\". El volante Osmar Ferreyra, una de las figuras del \u00faltimo semestre de Independiente de Avellaneda, asegur\u00f3 que el `Rojo` \"tiene plantel para salir\" de la\u2026","rel":"","context":"En \u00abDeportes\u00bb","block_context":{"text":"Deportes","link":"https:\/\/www.24baires.com\/?cat=12"},"img":{"alt_text":"ferreyra independiente","src":"https:\/\/i0.wp.com\/www.24baires.com\/wp-content\/uploads\/2013\/01\/ferreyra-independiente.jpg?resize=350%2C200","width":350,"height":200,"srcset":"https:\/\/i0.wp.com\/www.24baires.com\/wp-content\/uploads\/2013\/01\/ferreyra-independiente.jpg?resize=350%2C200 1x, https:\/\/i0.wp.com\/www.24baires.com\/wp-content\/uploads\/2013\/01\/ferreyra-independiente.jpg?resize=525%2C300 1.5x"},"classes":[]},{"id":20920,"url":"https:\/\/www.24baires.com\/?p=20920","url_meta":{"origin":7895,"position":3},"title":"Se fue Gallego y se agudiza la crisis en Independiente","author":"Grupo Sierra","date":"13\/04\/2013","format":false,"excerpt":"El Tolo dimiti\u00f3 la direcci\u00f3n t\u00e9cnica del Rojo, despu\u00e9s de una conversaci\u00f3n con el presidente del club, Javier Cantero, que el viernes lo hab\u00eda ratificado tras el empate con Uni\u00f3n de Santa Fe en Avellaneda. Am\u00e9rico Rub\u00e9n Gallego, que esta ma\u00f1ana dirigi\u00f3 la pr\u00e1ctica en el estadio \"Libertadores de Am\u00e9rica\",\u2026","rel":"","context":"En \u00abDeportes\u00bb","block_context":{"text":"Deportes","link":"https:\/\/www.24baires.com\/?cat=12"},"img":{"alt_text":"gallego tolo","src":"https:\/\/i0.wp.com\/www.24baires.com\/wp-content\/uploads\/2012\/12\/gallego-tolo.jpg?resize=350%2C200","width":350,"height":200,"srcset":"https:\/\/i0.wp.com\/www.24baires.com\/wp-content\/uploads\/2012\/12\/gallego-tolo.jpg?resize=350%2C200 1x, https:\/\/i0.wp.com\/www.24baires.com\/wp-content\/uploads\/2012\/12\/gallego-tolo.jpg?resize=525%2C300 1.5x"},"classes":[]},{"id":6196,"url":"https:\/\/www.24baires.com\/?p=6196","url_meta":{"origin":7895,"position":4},"title":"Far\u00edas hace su autocr\u00edtica","author":"Grupo Sierra","date":"20\/11\/2012","format":false,"excerpt":"El delantero de Independiente Ernesto Far\u00edas cont\u00f3 que el grupo hizo una \"fuerte autocr\u00edtica\", al tiempo que admiti\u00f3 que desde que lleg\u00f3 al club no fue un \"jugador regular\". \"Tengo que ser autocr\u00edtico en lo individual. Los jugadores hemos ca\u00eddo en un pozo. En lo personal, desde que estoy en\u2026","rel":"","context":"En \u00abDeportes\u00bb","block_context":{"text":"Deportes","link":"https:\/\/www.24baires.com\/?cat=12"},"img":{"alt_text":"","src":"https:\/\/i0.wp.com\/www.24baires.com\/wp-content\/uploads\/2012\/11\/farias-independiente.jpg?resize=350%2C200","width":350,"height":200,"srcset":"https:\/\/i0.wp.com\/www.24baires.com\/wp-content\/uploads\/2012\/11\/farias-independiente.jpg?resize=350%2C200 1x, https:\/\/i0.wp.com\/www.24baires.com\/wp-content\/uploads\/2012\/11\/farias-independiente.jpg?resize=525%2C300 1.5x"},"classes":[]},{"id":9179,"url":"https:\/\/www.24baires.com\/?p=9179","url_meta":{"origin":7895,"position":5},"title":"\u00abNo me voy de vacaciones hasta que no traigan refuerzos\u00bb dijo Gallego","author":"Grupo Sierra","date":"14\/12\/2012","format":false,"excerpt":"El entrenador de \"Rojo\" dijo que \"en este momento nadie quiere venir, pero no saben la instituci\u00f3n que se pierden\". Quiere a Montenegro y dijo que lo de Viatri \"se complic\u00f3\". El DT de Independiente, Am\u00e9rico Gallego, afirm\u00f3 que no se tomar\u00e1 licencia hasta que el club de Avellaneda no\u2026","rel":"","context":"En \u00abDeportes\u00bb","block_context":{"text":"Deportes","link":"https:\/\/www.24baires.com\/?cat=12"},"img":{"alt_text":"gallego tolo","src":"https:\/\/i0.wp.com\/www.24baires.com\/wp-content\/uploads\/2012\/12\/gallego-tolo.jpg?resize=350%2C200","width":350,"height":200,"srcset":"https:\/\/i0.wp.com\/www.24baires.com\/wp-content\/uploads\/2012\/12\/gallego-tolo.jpg?resize=350%2C200 1x, https:\/\/i0.wp.com\/www.24baires.com\/wp-content\/uploads\/2012\/12\/gallego-tolo.jpg?resize=525%2C300 1.5x"},"classes":[]}],"jetpack_sharing_enabled":true,"jetpack_likes_enabled":true,"_links":{"self":[{"href":"https:\/\/www.24baires.com\/index.php?rest_route=\/wp\/v2\/posts\/7895","targetHints":{"allow":["GET"]}}],"collection":[{"href":"https:\/\/www.24baires.com\/index.php?rest_route=\/wp\/v2\/posts"}],"about":[{"href":"https:\/\/www.24baires.com\/index.php?rest_route=\/wp\/v2\/types\/post"}],"author":[{"embeddable":true,"href":"https:\/\/www.24baires.com\/index.php?rest_route=\/wp\/v2\/users\/11"}],"replies":[{"embeddable":true,"href":"https:\/\/www.24baires.com\/index.php?rest_route=%2Fwp%2Fv2%2Fcomments&post=7895"}],"version-history":[{"count":3,"href":"https:\/\/www.24baires.com\/index.php?rest_route=\/wp\/v2\/posts\/7895\/revisions"}],"predecessor-version":[{"id":7898,"href":"https:\/\/www.24baires.com\/index.php?rest_route=\/wp\/v2\/posts\/7895\/revisions\/7898"}],"wp:attachment":[{"href":"https:\/\/www.24baires.com\/index.php?rest_route=%2Fwp%2Fv2%2Fmedia&parent=7895"}],"wp:term":[{"taxonomy":"category","embeddable":true,"href":"https:\/\/www.24baires.com\/index.php?rest_route=%2Fwp%2Fv2%2Fcategories&post=7895"},{"taxonomy":"post_tag","embeddable":true,"href":"https:\/\/www.24baires.com\/index.php?rest_route=%2Fwp%2Fv2%2Ftags&post=7895"}],"curies":[{"name":"wp","href":"https:\/\/api.w.org\/{rel}","templated":true}]}}