{"id":7887,"date":"2012-12-04T08:50:48","date_gmt":"2012-12-04T11:50:48","guid":{"rendered":"http:\/\/www.24baires.com\/?p=7887"},"modified":"2012-12-04T19:14:34","modified_gmt":"2012-12-04T22:14:34","slug":"la-tecnologia-en-los-espacios-publicos-es-clave-para-garantizar-el-acceso-social","status":"publish","type":"post","link":"https:\/\/www.24baires.com\/?p=7887","title":{"rendered":"\u201cLa tecnolog\u00eda en los espacios p\u00fablicos es clave para garantizar el acceso social\u201d"},"content":{"rendered":"<p>As\u00ed lo asegur\u00f3 el Dr. Sebasti\u00e1n Ben\u00edtez Larghi, quien form\u00f3 parte de la investigaci\u00f3n \u00abTecnolog\u00eda y Cambio Social\u00bb cuyo objetivo era estudiar la apropiaci\u00f3n de las computadoras por parte de los j\u00f3venes de sectores populares de Argentina, Chile y Per\u00fa.<!--more--><\/p>\n<p>\u201cTecnolog\u00eda y Cambio social\u201d, que recientemente se ha presentado en formato de libro, comenz\u00f3 en 2010, a partir de un proyecto colectivo en el marco del Programa de Becas de Investigaci\u00f3n Amy Mahan, financiado por el Centro Internacional de Investigaci\u00f3n para el desarrollo (IDRC) de Ottawa, Canad\u00e1.<\/p>\n<p>Tal como relat\u00f3 Ben\u00edtez a InfoGEI, los estudiosos argentinos, centraron su atenci\u00f3n en espacios de acceso p\u00fablico a la tecnolog\u00eda -privados, comunitarios, estatales y mixtos- ubicados en diferentes sectores del partido de La Matanza.<\/p>\n<p>\u201cEn todos los casos el espacio p\u00fablico era la \u00fanica posibilidad de acceder a la tecnolog\u00eda y ser parte de estos nuevos usos sociales que traen aparejadas\u201d, se\u00f1al\u00f3 el investigador al tiempo que aclar\u00f3 que, sin embargo, \u201cencontramos distintas apropiaciones\u201d.<\/p>\n<p>En este sentido, indic\u00f3 a esta agencia que para los adolescentes son espacios de socialidad, donde comparten adem\u00e1s los saberes y los usos que le dan a la computadora y a Internet en particular.<\/p>\n<p>En tanto, el informe sostiene que las mujeres adultas j\u00f3venes, generalmente madres, perciben como una superaci\u00f3n personal el acercamiento a estos aprendizajes y resaltan que \u00fanicamente lo hacen en espacios comunitarios que son los \u00fanicos que les generan la confianza suficiente para hacerlo.<\/p>\n<p>Por otra parte, los varones j\u00f3venes adultos vincularon el acceso social a la tecnolog\u00eda con mejoras en su perspectiva laboral y a la vez como una iniciativa para seguir estudiando y buscando el ascenso social.<\/p>\n<p>\u201cCreemos que las conclusiones a las que llegamos es necesario que se retomen en la escuela y por las pol\u00edticas p\u00fablicas en general para implementar las nuevas tecnolog\u00edas teniendo en cuenta los sentidos que les dan los j\u00f3venes y la importancia de estos espacios p\u00fablicos\u201d, dijo Benitez a InfoGEI.<\/p>\n<p>As\u00ed, \u201cTecnolog\u00eda y Cambio Social\u201d busca que los conocimientos generados en el marco de distintas academias latinoamericanas puedan servir al Estado para desarrollar sus medidas educativas y de desarrollo social.<\/p>\n<p>En este marco, actualmente llevan adelante una investigaci\u00f3n sobre la apropiaci\u00f3n de TICs del Programa Conectar Igualdad entre j\u00f3venes de sectores medios y sectores populares de La Plata y Gran La Plata.<\/p>\n<p>Cabe destacar que el equipo investigador, dirigido por el Dr. Sebasti\u00e1n Ben\u00edtez Larghi (UNLP-CONICET), cuenta adem\u00e1s con la participaci\u00f3n de la Dra. Marina Moguillansky (UNSAM- CONICET), Lic. Ariel Fontecoba (UNLP-CONICET), Mg. Carolina Aguerre (UdeSa-CONICET), Prof. Jimena Ponce de Le\u00f3n (UBA-UNSAM), Lic. Nicol\u00e1s Welschinger (UNLP-CONICET) y Prof. Magdalena Lemus (UNLP).<\/p>\n<p>&nbsp;<\/p>\n<p>&nbsp;<\/p>\n<p>&nbsp;<\/p>\n<p>&nbsp;<\/p>\n<p>&nbsp;<\/p>\n<p>&nbsp;<\/p>\n<p>&nbsp;<\/p>\n<p>&nbsp;<\/p>\n<p>&nbsp;<\/p>\n<p>&nbsp;<\/p>\n<p>&nbsp;<\/p>\n<p>&nbsp;<\/p>\n<p>&nbsp;<\/p>\n","protected":false},"excerpt":{"rendered":"<p>As\u00ed lo asegur\u00f3 el Dr. Sebasti\u00e1n Ben\u00edtez Larghi, quien form\u00f3 parte de la investigaci\u00f3n \u00abTecnolog\u00eda y Cambio Social\u00bb cuyo objetivo era estudiar la apropiaci\u00f3n de las computadoras por parte de los j\u00f3venes de sectores populares de Argentina, Chile y Per\u00fa.<\/p>\n","protected":false},"author":11,"featured_media":0,"comment_status":"open","ping_status":"open","sticky":false,"template":"","format":"standard","meta":{"_jetpack_newsletter_access":"","_jetpack_dont_email_post_to_subs":false,"_jetpack_newsletter_tier_id":0,"_jetpack_memberships_contains_paywalled_content":false,"_jetpack_memberships_contains_paid_content":false,"footnotes":""},"categories":[46],"tags":[],"class_list":["post-7887","post","type-post","status-publish","format-standard","hentry","category-tecnologia"],"jetpack_featured_media_url":"","jetpack_shortlink":"https:\/\/wp.me\/p2JWE0-23d","jetpack-related-posts":[{"id":116076,"url":"https:\/\/www.24baires.com\/?p=116076","url_meta":{"origin":7887,"position":0},"title":"Argentina producir\u00e1 un mill\u00f3n de test r\u00e1pidos para detecci\u00f3n de coronavirus por mes","author":"AF","date":"26\/08\/2020","format":false,"excerpt":"El abastecimiento primario ser\u00e1 para el sistema p\u00fablico de salud pero tambi\u00e9n buscar\u00e1 satisfacer los requerimientos del sector privado nacional y exportar. Ya llegaron partidas a hospitales de provincia y ciudad de Buenos Aires, Salta, Chaco y Jujuy. El Neokit-Covid 19, el test r\u00e1pido de desarrollo argentino que detecta la\u2026","rel":"","context":"En \u00abSociedad\u00bb","block_context":{"text":"Sociedad","link":"https:\/\/www.24baires.com\/?cat=1"},"img":{"alt_text":"","src":"https:\/\/i0.wp.com\/www.24baires.com\/wp-content\/uploads\/2020\/08\/test-covid.jpg?resize=350%2C200","width":350,"height":200,"srcset":"https:\/\/i0.wp.com\/www.24baires.com\/wp-content\/uploads\/2020\/08\/test-covid.jpg?resize=350%2C200 1x, https:\/\/i0.wp.com\/www.24baires.com\/wp-content\/uploads\/2020\/08\/test-covid.jpg?resize=525%2C300 1.5x"},"classes":[]},{"id":103054,"url":"https:\/\/www.24baires.com\/?p=103054","url_meta":{"origin":7887,"position":1},"title":"La UCA se\u00f1ala que la pobreza alcanza a casi la mitad de los ni\u00f1os del pa\u00eds","author":"AF","date":"28\/06\/2018","format":false,"excerpt":"Las pol\u00edticas de ajuste de Cambiemos impactan especialmente sobre los chicos: seg\u00fan el Bar\u00f3metro de Deuda Social de la Infancia de la UCA, el 48,1 por ciento de los ni\u00f1os y ni\u00f1as argentinos vive en condiciones de pobreza. El 33,8 por ciento desayuna, almuerza y merienda en comedores escolares o\u2026","rel":"","context":"En \u00abSociedad\u00bb","block_context":{"text":"Sociedad","link":"https:\/\/www.24baires.com\/?cat=1"},"img":{"alt_text":"","src":"https:\/\/i0.wp.com\/www.24baires.com\/wp-content\/uploads\/2016\/06\/pobreza.jpg?resize=350%2C200","width":350,"height":200,"srcset":"https:\/\/i0.wp.com\/www.24baires.com\/wp-content\/uploads\/2016\/06\/pobreza.jpg?resize=350%2C200 1x, https:\/\/i0.wp.com\/www.24baires.com\/wp-content\/uploads\/2016\/06\/pobreza.jpg?resize=525%2C300 1.5x"},"classes":[]},{"id":1335,"url":"https:\/\/www.24baires.com\/?p=1335","url_meta":{"origin":7887,"position":2},"title":"\u201cEs un ejemplo que un centro de investigaci\u00f3n cumpla 70 a\u00f1os\u201d","author":"AF","date":"07\/10\/2012","format":false,"excerpt":"El Ministro de la Producci\u00f3n, Ciencia y Tecnolog\u00eda, Cristian Breitenstein particip\u00f3 del 70\u00ba aniversario de la creaci\u00f3n del Laboratorio de Entrenamiento Multidisciplinario Para la Investigaci\u00f3n Tecnol\u00f3gica (LEMIT), perteneciente a la Comisi\u00f3n de Investigaciones Cient\u00edficas de la Provincia de Buenos Aires (CIC), donde destac\u00f3 la trayectoria del centro de investigaci\u00f3n. Breitenstein\u2026","rel":"","context":"En \u00abProvincia\u00bb","block_context":{"text":"Provincia","link":"https:\/\/www.24baires.com\/?cat=40"},"img":{"alt_text":"","src":"","width":0,"height":0},"classes":[]},{"id":108336,"url":"https:\/\/www.24baires.com\/?p=108336","url_meta":{"origin":7887,"position":3},"title":"Cient\u00edficos del CONICET se reunieron y reclamaron una soluci\u00f3n urgente para el sector","author":"AF","date":"22\/05\/2019","format":false,"excerpt":"La comunidad cient\u00edfica se reuni\u00f3 en \"cabildo abierto\" con el objetivo visibilizar y denunciar la situaci\u00f3n que atraviesa el sector. Advirtieron que el refuerzo presupuestario es insuficiente frente a la magnitud de la crisis generada por las pol\u00edticas de desinversi\u00f3n del macrismo, y desafiaron a \u201dlas autoridades a dar un\u2026","rel":"","context":"En \u00abSociedad\u00bb","block_context":{"text":"Sociedad","link":"https:\/\/www.24baires.com\/?cat=1"},"img":{"alt_text":"","src":"https:\/\/i0.wp.com\/www.24baires.com\/wp-content\/uploads\/2019\/05\/despidos-en-ciencia.jpg?resize=350%2C200","width":350,"height":200,"srcset":"https:\/\/i0.wp.com\/www.24baires.com\/wp-content\/uploads\/2019\/05\/despidos-en-ciencia.jpg?resize=350%2C200 1x, https:\/\/i0.wp.com\/www.24baires.com\/wp-content\/uploads\/2019\/05\/despidos-en-ciencia.jpg?resize=525%2C300 1.5x"},"classes":[]},{"id":23708,"url":"https:\/\/www.24baires.com\/?p=23708","url_meta":{"origin":7887,"position":4},"title":"Jun\u00edn es reconocido por su avance en la inclusi\u00f3n digital","author":"AF","date":"17\/05\/2013","format":false,"excerpt":"El municipio de Jun\u00edn sigue impulsando el proyecto \u201cInclusi\u00f3n digital: Laboratorio inform\u00e1tico JAB y laboratorio m\u00f3vil JAB\u201d, que es un espacio de acceso libre a las nuevas tecnolog\u00edas para que los chicos de escuelas primarias puedan acceder a Internet, aprender y estudiar online, considerando que no todos los hogares y\u2026","rel":"","context":"En \u00abLocales\u00bb","block_context":{"text":"Locales","link":"https:\/\/www.24baires.com\/?cat=38"},"img":{"alt_text":"","src":"","width":0,"height":0},"classes":[]},{"id":107557,"url":"https:\/\/www.24baires.com\/?p=107557","url_meta":{"origin":7887,"position":5},"title":"En el Conicet s\u00f3lo ingres\u00f3 el 17,7% de los aspirantes","author":"AF","date":"07\/04\/2019","format":false,"excerpt":"M\u00e1s de dos mil doctores formados por m\u00e1s de 12 a\u00f1os en universidades nacionales fueron expulsados del sistema cient\u00edfico argentino. La \u00faltima convocatoria a la carrera de investigador cient\u00edfico del Consejo Nacional de Investigaciones Cient\u00edficas y T\u00e9cnicas (Conicet) arroj\u00f3 un resultado alarmante: el organismo aprob\u00f3 el ingreso de s\u00f3lo el\u2026","rel":"","context":"En \u00abSociedad\u00bb","block_context":{"text":"Sociedad","link":"https:\/\/www.24baires.com\/?cat=1"},"img":{"alt_text":"","src":"https:\/\/i0.wp.com\/www.24baires.com\/wp-content\/uploads\/2014\/07\/conice.jpg?resize=350%2C200","width":350,"height":200,"srcset":"https:\/\/i0.wp.com\/www.24baires.com\/wp-content\/uploads\/2014\/07\/conice.jpg?resize=350%2C200 1x, https:\/\/i0.wp.com\/www.24baires.com\/wp-content\/uploads\/2014\/07\/conice.jpg?resize=525%2C300 1.5x"},"classes":[]}],"jetpack_sharing_enabled":true,"jetpack_likes_enabled":true,"_links":{"self":[{"href":"https:\/\/www.24baires.com\/index.php?rest_route=\/wp\/v2\/posts\/7887","targetHints":{"allow":["GET"]}}],"collection":[{"href":"https:\/\/www.24baires.com\/index.php?rest_route=\/wp\/v2\/posts"}],"about":[{"href":"https:\/\/www.24baires.com\/index.php?rest_route=\/wp\/v2\/types\/post"}],"author":[{"embeddable":true,"href":"https:\/\/www.24baires.com\/index.php?rest_route=\/wp\/v2\/users\/11"}],"replies":[{"embeddable":true,"href":"https:\/\/www.24baires.com\/index.php?rest_route=%2Fwp%2Fv2%2Fcomments&post=7887"}],"version-history":[{"count":2,"href":"https:\/\/www.24baires.com\/index.php?rest_route=\/wp\/v2\/posts\/7887\/revisions"}],"predecessor-version":[{"id":7889,"href":"https:\/\/www.24baires.com\/index.php?rest_route=\/wp\/v2\/posts\/7887\/revisions\/7889"}],"wp:attachment":[{"href":"https:\/\/www.24baires.com\/index.php?rest_route=%2Fwp%2Fv2%2Fmedia&parent=7887"}],"wp:term":[{"taxonomy":"category","embeddable":true,"href":"https:\/\/www.24baires.com\/index.php?rest_route=%2Fwp%2Fv2%2Fcategories&post=7887"},{"taxonomy":"post_tag","embeddable":true,"href":"https:\/\/www.24baires.com\/index.php?rest_route=%2Fwp%2Fv2%2Ftags&post=7887"}],"curies":[{"name":"wp","href":"https:\/\/api.w.org\/{rel}","templated":true}]}}