{"id":78835,"date":"2016-02-12T13:00:16","date_gmt":"2016-02-12T16:00:16","guid":{"rendered":"http:\/\/www.24baires.com\/?p=78835"},"modified":"2016-02-12T11:59:34","modified_gmt":"2016-02-12T14:59:34","slug":"macri-se-sube-el-sueldo-mientras-genera-miles-de-desocupados","status":"publish","type":"post","link":"https:\/\/www.24baires.com\/?p=78835","title":{"rendered":"Macri se sube el sueldo, mientras genera miles de desocupados"},"content":{"rendered":"<p><img data-recalc-dims=\"1\" loading=\"lazy\" decoding=\"async\" class=\"aligncenter size-full wp-image-76849\" src=\"https:\/\/i0.wp.com\/www.24baires.com\/wp-content\/uploads\/2015\/12\/macrii.jpg?resize=560%2C315\" alt=\"macrii\" width=\"560\" height=\"315\" srcset=\"https:\/\/i0.wp.com\/www.24baires.com\/wp-content\/uploads\/2015\/12\/macrii.jpg?w=560&amp;ssl=1 560w, https:\/\/i0.wp.com\/www.24baires.com\/wp-content\/uploads\/2015\/12\/macrii.jpg?resize=300%2C169&amp;ssl=1 300w\" sizes=\"auto, (max-width: 560px) 100vw, 560px\" \/>Son tiempos muy duros para los trabajadores. Por un lado, los precios se dispararon con el triunfo de Mauricio Macri y no dejan de ascender, los sueldos contin\u00faan en el mismo n\u00famero desde las \u00faltimas paritarias, -a\u00fan en gobierno kirchnerista-, y a nadie le resultar\u00e1 novedoso leer aqu\u00ed que el salario se ha deteriorado en dos meses y con el mismo dinero se compra mucho menos. Y por el otro lado, son miles y miles los trabajadores que han sido echados de sus puestos. All\u00ed no s\u00f3lo no hay sueldo que alcance: no hay m\u00e1s sueldo.<!--more--><\/p>\n<p>Ya hemos reflexionado en esta columna sobre la perversa excusa del Gobierno Nacional y Provincial que tilda de \u201c\u00f1oquis\u201d a los trabajadores para generar cierta empat\u00eda con un sector reaccionario de la poblaci\u00f3n que cree en esa etiqueta y as\u00ed poder despedirlos morigerando el impacto. Lo cierto es que no son \u00f1oquis, sino v\u00edctimas de un ajuste violento del Estado, y perseguidos ideol\u00f3gicamente en la mayor\u00eda de los casos.<br \/>\nEntonces, mientras avanza febrero y las noticias son miles de despidos en el sector p\u00fablico y tambi\u00e9n en el privado, con cierres de f\u00e1bricas y reducciones de personal, llama mucho la atenci\u00f3n que el Presidente se aumente el sueldo o que la Gobernadora Mar\u00eda Eugenia Vidal se mude una Base militar por \u201ccuestiones de seguridad\u201d y viaje todos los d\u00edas en helic\u00f3ptero, gener\u00e1ndole a la provincia un gasto de millones de pesos.<br \/>\nRecordemos que Vidal dijo recibir una provincia quebrada, dej\u00f3 a mucha gente sin empleo y no quiere aumentarle a los docente m\u00e1s del 23% y en tres veces. Rara forma de ahorrar. Rara visi\u00f3n de austeridad, a menos que est\u00e9 pensada para todos los bonaerenses menos para ella, que de hecho hasta hace poco ni siquiera ten\u00eda domicilio en Buenos Aires. Raro es tambi\u00e9n que se mude a una base militar por seguridad y vaya sola al Coto a hacer las compras en chancletas, con lo que cuesta correr con ellas. Pero bueno, ese es otro tema.<br \/>\nVolviendo a Macri y su discrecional aumento de sueldo, podemos decir que llama aun mas la atenci\u00f3n que sea en plena discusi\u00f3n por paritarias, donde Cambiemos quiere que los aumentos salariales no superen el 28% (mucho menos de lo que los gremios piden), y el propio Jefe de Estado se regala una suba del 31% respecto al salario que la ex presidente Cristina Fern\u00e1ndez de Kirchner percib\u00eda hace unos meses no m\u00e1s: Macri cobra algo as\u00ed como $131.421 en bruto.<br \/>\nSon malos tiempos para los trabajadores, ya no son noticia la inauguraci\u00f3n de f\u00e1bricas ni obras de infraestructura, grandes inversiones del Estado que generaban miles de puestos de trabajo. La noticia es que el \u00edndice de desocupaci\u00f3n sube como la espuma de una cerveza mal servida. Y sube porque el Gobierno Nacional as\u00ed lo quiere.<\/p>\n<p>&nbsp;<\/p>\n<p>&nbsp;<\/p>\n<p>&nbsp;<\/p>\n<p>&nbsp;<\/p>\n<p>&nbsp;<\/p>\n<p>&nbsp;<\/p>\n<p>&nbsp;<\/p>\n<p>&nbsp;<\/p>\n<p>&nbsp;<\/p>\n<p>&nbsp;<\/p>\n<p>&nbsp;<\/p>\n<p>&nbsp;<\/p>\n<p>&nbsp;<\/p>\n<p>&nbsp;<\/p>\n","protected":false},"excerpt":{"rendered":"<p>Son tiempos muy duros para los trabajadores. Por un lado, los precios se dispararon con el triunfo de Mauricio Macri y no dejan de ascender, los sueldos contin\u00faan en el mismo n\u00famero desde las \u00faltimas paritarias, -a\u00fan en gobierno kirchnerista-, y a nadie le resultar\u00e1 novedoso leer aqu\u00ed que el salario se ha deteriorado en dos meses y con el [&#8230;]<\/p>\n","protected":false},"author":4,"featured_media":0,"comment_status":"open","ping_status":"open","sticky":false,"template":"","format":"standard","meta":{"_jetpack_newsletter_access":"","_jetpack_dont_email_post_to_subs":false,"_jetpack_newsletter_tier_id":0,"_jetpack_memberships_contains_paywalled_content":false,"_jetpack_memberships_contains_paid_content":false,"footnotes":""},"categories":[64],"tags":[],"class_list":["post-78835","post","type-post","status-publish","format-standard","hentry","category-opinion"],"jetpack_featured_media_url":"","jetpack_shortlink":"https:\/\/wp.me\/p2JWE0-kvx","jetpack-related-posts":[{"id":101334,"url":"https:\/\/www.24baires.com\/?p=101334","url_meta":{"origin":78835,"position":0},"title":"El Gobierno nacional abrir\u00e1 retiros voluntarios para la planta permanente","author":"AF","date":"28\/03\/2018","format":false,"excerpt":"Ofrecer\u00e1 de 24 a 36 cuotas equivalentes al sueldo neto y la cobertura de obra social por el mismo tiempo a los trabajadores de la administraci\u00f3n nacional. Con el plan, esperan eliminar entre 3 mil y 5 mil cargos. Luego de dejar en la calle a miles de trabajadores contratados\u2026","rel":"","context":"En \u00abSociedad\u00bb","block_context":{"text":"Sociedad","link":"https:\/\/www.24baires.com\/?cat=1"},"img":{"alt_text":"","src":"https:\/\/i0.wp.com\/www.24baires.com\/wp-content\/uploads\/2017\/12\/jubilados.jpg?resize=350%2C200","width":350,"height":200,"srcset":"https:\/\/i0.wp.com\/www.24baires.com\/wp-content\/uploads\/2017\/12\/jubilados.jpg?resize=350%2C200 1x, https:\/\/i0.wp.com\/www.24baires.com\/wp-content\/uploads\/2017\/12\/jubilados.jpg?resize=525%2C300 1.5x"},"classes":[]},{"id":112838,"url":"https:\/\/www.24baires.com\/?p=112838","url_meta":{"origin":78835,"position":1},"title":"Municipales de Mor\u00f3n denuncian descuentos de hasta 13 mil pesos en sus salarios","author":"GB","date":"04\/11\/2019","format":false,"excerpt":"Adem\u00e1s en muchas \u00e1reas del municipio los recibos de sueldo llegaron fotocopiados en blanco y negro. Los gremios sospechan de un posible \"vaciamiento\" de las arcas comunales para la campa\u00f1a. Un malestar general se instal\u00f3 en los pasillos de la municipalidad y en la mayor\u00eda de las dependencias municipales de\u2026","rel":"","context":"En \u00abMunicipios\u00bb","block_context":{"text":"Municipios","link":"https:\/\/www.24baires.com\/?cat=44"},"img":{"alt_text":"","src":"https:\/\/i0.wp.com\/www.24baires.com\/wp-content\/uploads\/2018\/03\/tagliaferro.jpg?resize=350%2C200","width":350,"height":200,"srcset":"https:\/\/i0.wp.com\/www.24baires.com\/wp-content\/uploads\/2018\/03\/tagliaferro.jpg?resize=350%2C200 1x, https:\/\/i0.wp.com\/www.24baires.com\/wp-content\/uploads\/2018\/03\/tagliaferro.jpg?resize=525%2C300 1.5x"},"classes":[]},{"id":112169,"url":"https:\/\/www.24baires.com\/?p=112169","url_meta":{"origin":78835,"position":2},"title":"Quilmes: Martiniano Molina se aument\u00f3 un 70% el salario","author":"AF","date":"20\/09\/2019","format":false,"excerpt":"El hombre de Cambiemos en Quilmes aument\u00f3 en 70 por ciento su sueldo para cobrar 620 mil pesos mensuales. La receta de Martiniano Molina para salir de la crisis en que se encuentra Quilmes, el municipio del que es intendente, fue otorgarse un \u201csalariazo\u201d de 70 por ciento que elev\u00f3\u2026","rel":"","context":"En \u00abLocales\u00bb","block_context":{"text":"Locales","link":"https:\/\/www.24baires.com\/?cat=38"},"img":{"alt_text":"","src":"https:\/\/i0.wp.com\/www.24baires.com\/wp-content\/uploads\/2017\/02\/martiniano.jpg?resize=350%2C200","width":350,"height":200,"srcset":"https:\/\/i0.wp.com\/www.24baires.com\/wp-content\/uploads\/2017\/02\/martiniano.jpg?resize=350%2C200 1x, https:\/\/i0.wp.com\/www.24baires.com\/wp-content\/uploads\/2017\/02\/martiniano.jpg?resize=525%2C300 1.5x"},"classes":[]},{"id":113163,"url":"https:\/\/www.24baires.com\/?p=113163","url_meta":{"origin":78835,"position":3},"title":"Macri firm\u00f3 un DNU para asegurar los puestos de trabajo de sus funcionarios amigos","author":"AF","date":"27\/11\/2019","format":false,"excerpt":"El mandatario sac\u00f3 un DNU que obliga al gobierno de Alberto Fern\u00e1ndez a mantener a funcionarios designados por Cambiemos en cargos jer\u00e1rquicos del Estado o bien pagarles millonarias indemnizaciones. El presidente Mauricio Macri cre\u00f3 este mi\u00e9rcoles por decreto un r\u00e9gimen para funcionarios jer\u00e1rquicos que le confiere estabilidad a los directores\u2026","rel":"","context":"En \u00abPol\u00edtica\u00bb","block_context":{"text":"Pol\u00edtica","link":"https:\/\/www.24baires.com\/?cat=51"},"img":{"alt_text":"","src":"https:\/\/i0.wp.com\/www.24baires.com\/wp-content\/uploads\/2019\/10\/macri-bullrich.jpg?resize=350%2C200","width":350,"height":200,"srcset":"https:\/\/i0.wp.com\/www.24baires.com\/wp-content\/uploads\/2019\/10\/macri-bullrich.jpg?resize=350%2C200 1x, https:\/\/i0.wp.com\/www.24baires.com\/wp-content\/uploads\/2019\/10\/macri-bullrich.jpg?resize=525%2C300 1.5x"},"classes":[]},{"id":114077,"url":"https:\/\/www.24baires.com\/?p=114077","url_meta":{"origin":78835,"position":4},"title":"El salario m\u00ednimo medido en d\u00f3lares se devalu\u00f3 un 55% durante la gesti\u00f3n de Macri","author":"AF","date":"10\/02\/2020","format":false,"excerpt":"Un estudio demostr\u00f3 que el bolsillo del trabajador argentino perdi\u00f3 valor frente al d\u00f3lar: su sueldo est\u00e1 11\u00b0 en el ranking regional. Un estudio de la Universidad de Avellaneda revel\u00f3 que el salario m\u00ednimo argentino se contrajo un 55% durante el gobierno de Mauricio Macri, entre 2015 y 2019, por\u2026","rel":"","context":"En \u00abSociedad\u00bb","block_context":{"text":"Sociedad","link":"https:\/\/www.24baires.com\/?cat=1"},"img":{"alt_text":"","src":"https:\/\/i0.wp.com\/www.24baires.com\/wp-content\/uploads\/2016\/12\/supermercado.jpg?resize=350%2C200","width":350,"height":200,"srcset":"https:\/\/i0.wp.com\/www.24baires.com\/wp-content\/uploads\/2016\/12\/supermercado.jpg?resize=350%2C200 1x, https:\/\/i0.wp.com\/www.24baires.com\/wp-content\/uploads\/2016\/12\/supermercado.jpg?resize=525%2C300 1.5x"},"classes":[]},{"id":88207,"url":"https:\/\/www.24baires.com\/?p=88207","url_meta":{"origin":78835,"position":5},"title":"Presupuesto 2017: Macri planea recortar tres mil millones al INTA y el SENASA","author":"GB","date":"01\/10\/2016","format":false,"excerpt":"Seg\u00fan estipula el proyecto 2017, se prev\u00e9n recortes en las partidas solicitadas por los organismos, que ya advirtieron que impactar\u00eda en la continuidad laboral de cientos de empleados. De acuerdo al proyecto de presupuesto 2017 presentado por el gobierno de Mauricio Macri, se prev\u00e9n recortes en las partidas solicitadas por\u2026","rel":"","context":"En \u00abLocales\u00bb","block_context":{"text":"Locales","link":"https:\/\/www.24baires.com\/?cat=38"},"img":{"alt_text":"macri-onu","src":"https:\/\/i0.wp.com\/www.24baires.com\/wp-content\/uploads\/2016\/09\/macri-onu.jpg?resize=350%2C200","width":350,"height":200,"srcset":"https:\/\/i0.wp.com\/www.24baires.com\/wp-content\/uploads\/2016\/09\/macri-onu.jpg?resize=350%2C200 1x, https:\/\/i0.wp.com\/www.24baires.com\/wp-content\/uploads\/2016\/09\/macri-onu.jpg?resize=525%2C300 1.5x"},"classes":[]}],"jetpack_sharing_enabled":true,"jetpack_likes_enabled":true,"_links":{"self":[{"href":"https:\/\/www.24baires.com\/index.php?rest_route=\/wp\/v2\/posts\/78835","targetHints":{"allow":["GET"]}}],"collection":[{"href":"https:\/\/www.24baires.com\/index.php?rest_route=\/wp\/v2\/posts"}],"about":[{"href":"https:\/\/www.24baires.com\/index.php?rest_route=\/wp\/v2\/types\/post"}],"author":[{"embeddable":true,"href":"https:\/\/www.24baires.com\/index.php?rest_route=\/wp\/v2\/users\/4"}],"replies":[{"embeddable":true,"href":"https:\/\/www.24baires.com\/index.php?rest_route=%2Fwp%2Fv2%2Fcomments&post=78835"}],"version-history":[{"count":1,"href":"https:\/\/www.24baires.com\/index.php?rest_route=\/wp\/v2\/posts\/78835\/revisions"}],"predecessor-version":[{"id":78836,"href":"https:\/\/www.24baires.com\/index.php?rest_route=\/wp\/v2\/posts\/78835\/revisions\/78836"}],"wp:attachment":[{"href":"https:\/\/www.24baires.com\/index.php?rest_route=%2Fwp%2Fv2%2Fmedia&parent=78835"}],"wp:term":[{"taxonomy":"category","embeddable":true,"href":"https:\/\/www.24baires.com\/index.php?rest_route=%2Fwp%2Fv2%2Fcategories&post=78835"},{"taxonomy":"post_tag","embeddable":true,"href":"https:\/\/www.24baires.com\/index.php?rest_route=%2Fwp%2Fv2%2Ftags&post=78835"}],"curies":[{"name":"wp","href":"https:\/\/api.w.org\/{rel}","templated":true}]}}