{"id":7882,"date":"2012-12-04T17:35:38","date_gmt":"2012-12-04T20:35:38","guid":{"rendered":"http:\/\/www.24baires.com\/?p=7882"},"modified":"2012-12-04T16:48:35","modified_gmt":"2012-12-04T19:48:35","slug":"beneficios-impositivos-a-quienes-contraten-ex-presos-o-personas-con-capacidades-diferentes","status":"publish","type":"post","link":"https:\/\/www.24baires.com\/?p=7882","title":{"rendered":"Beneficios impositivos a quienes contraten ex presos o personas con capacidades diferentes"},"content":{"rendered":"<p>El due\u00f1o de un comercio o empresa ahora <strong>podr\u00e1 imputar la mitad del sueldo de aquellos empleados con capacidades diferentes o liberados<\/strong>, como pago a cuenta del Impuesto sobre los Ingresos Brutos. El objetivo es poder hacer efectivas las herramientas de reinserci\u00f3n social.\u00a0<!--more--><\/p>\n<p>La Agencia de Recaudaci\u00f3n de la Provincia de Buenos Aires otorgar\u00e1 beneficios impositivos a aquellos comerciantes y empresarios que contraten para trabajar a ex presos o a personas con alguna discapacidad por su contribuci\u00f3n a la inserci\u00f3n social. Todos los contribuyentes que posean empleados en esas condiciones, pagar\u00e1n a cuenta el Impuesto sobre los Ingresos Brutos, por un monto equivalente al 50% del salario que reciba cada trabajador.<\/p>\n<p>Seg\u00fan la Subdirecci\u00f3n Ejecutiva de Recaudaci\u00f3n y Catastro de Arba, el tr\u00e1mite puede realizarse \u00edntegramente a trav\u00e9s de la p\u00e1gina de internet (<a href=\"http:\/\/www.arba.gov.ar\" target=\"_blank\">www.arba.gov.ar<\/a>) y consiste en la presentaci\u00f3n de una declaraci\u00f3n jurada con los datos de los empleados y los certificados correspondientes a trav\u00e9s del aplicativo. Una vez completada la informaci\u00f3n de manera mensual, el contribuyente deber\u00e1 imprimir la constancia que le servir\u00e1 como comprobante para presentar en caso de ser requerido.<\/p>\n<p>El titular de Arba, Mart\u00edn Di Bella, explic\u00f3 que \u201ceste incentivo fiscal busca ampliar las posibilidades laborales de quienes ya cumplieron su condena, como as\u00ed tambi\u00e9n de aquellas personas que cuentan con alguna discapacidad. En ambos casos se trata de utilizar y fortalecer la herramienta del trabajo como mecanismo para la integraci\u00f3n e inclusi\u00f3n social\u201d.<\/p>\n<p>Di Bella sostuvo que \u201ccon esta iniciativa la Provincia lleva adelante una medida que estimula el acceso al trabajo como derecho humano fundamental. Asimismo, en el caso de las personas en conflicto con la ley penal permitir\u00eda una disminuci\u00f3n en la reiterancia y reincidencia delictiva, con su correspondiente impacto positivo en la seguridad ciudadana\u201d.<\/p>\n<p>Con esta iniciativa, la Agencia pretende hacer efectivas las herramientas de inclusi\u00f3n social y se pone en sinton\u00eda con la Ley N\u00ba14.301 que insta a ocupar a los liberados con domicilio o residencia en territorio provincial que re\u00fanan las condiciones de idoneidad para el puesto. Asimismo, se promueve la instrumentaci\u00f3n de un incentivo impositivo para los empleadores que contraten liberados o personas discapacitadas, as\u00ed como la prevalencia de los mismos en los mecanismos de contrataci\u00f3n de bienes, obras y\/o servicios por parte del Estado Provincial.<\/p>\n","protected":false},"excerpt":{"rendered":"<p>El due\u00f1o de un comercio o empresa ahora podr\u00e1 imputar la mitad del sueldo de aquellos empleados con capacidades diferentes o liberados, como pago a cuenta del Impuesto sobre los Ingresos Brutos. El objetivo es poder hacer efectivas las herramientas de reinserci\u00f3n social.\u00a0<\/p>\n","protected":false},"author":11,"featured_media":0,"comment_status":"open","ping_status":"open","sticky":false,"template":"","format":"standard","meta":{"_jetpack_newsletter_access":"","_jetpack_dont_email_post_to_subs":false,"_jetpack_newsletter_tier_id":0,"_jetpack_memberships_contains_paywalled_content":false,"_jetpack_memberships_contains_paid_content":false,"footnotes":""},"categories":[45],"tags":[],"class_list":["post-7882","post","type-post","status-publish","format-standard","hentry","category-economia"],"jetpack_featured_media_url":"","jetpack_shortlink":"https:\/\/wp.me\/p2JWE0-238","jetpack-related-posts":[{"id":117041,"url":"https:\/\/www.24baires.com\/?p=117041","url_meta":{"origin":7882,"position":0},"title":"ARBA lanz\u00f3 beneficios impositivos para pymes y microempresas","author":"GB","date":"19\/01\/2021","format":false,"excerpt":"A trav\u00e9s de ARBA, el Gobierno bonaerense implement\u00f3 la exenci\u00f3n impositiva para pymes, microempresas y contribuyentes. El Gobierno bonaerense, a trav\u00e9s de la Agencia de Recaudaci\u00f3n de la provincia de Buenos Aires (ARBA), implement\u00f3 la exenci\u00f3n de impuestos para pymes, microempresas y contribuyentes. El beneficio es por la pandemia y\u2026","rel":"","context":"En \u00abProvincia\u00bb","block_context":{"text":"Provincia","link":"https:\/\/www.24baires.com\/?cat=40"},"img":{"alt_text":"","src":"https:\/\/i0.wp.com\/www.24baires.com\/wp-content\/uploads\/2019\/04\/pyme.jpg?resize=350%2C200","width":350,"height":200,"srcset":"https:\/\/i0.wp.com\/www.24baires.com\/wp-content\/uploads\/2019\/04\/pyme.jpg?resize=350%2C200 1x, https:\/\/i0.wp.com\/www.24baires.com\/wp-content\/uploads\/2019\/04\/pyme.jpg?resize=525%2C300 1.5x"},"classes":[]},{"id":113673,"url":"https:\/\/www.24baires.com\/?p=113673","url_meta":{"origin":7882,"position":1},"title":"La recaudaci\u00f3n impositiva 2019 perdi\u00f3 contra la inflaci\u00f3n","author":"AF","date":"03\/01\/2020","format":false,"excerpt":"El retroceso en t\u00e9rminos reales de los ingresos tributarios al fisco fue de casi 7 puntos porcentuales. Fue consecuencia de la pol\u00edtica de ajuste del macrismo. En diciembre de 2019 la recaudaci\u00f3n tributaria alcanz\u00f3 los 492.366 millones de pesos, que representa una variaci\u00f3n del 53,9 por ciento en relaci\u00f3n al\u2026","rel":"","context":"En \u00abProvincia\u00bb","block_context":{"text":"Provincia","link":"https:\/\/www.24baires.com\/?cat=40"},"img":{"alt_text":"","src":"https:\/\/i0.wp.com\/www.24baires.com\/wp-content\/uploads\/2020\/01\/mercedes-del-pomt.jpg?resize=350%2C200","width":350,"height":200,"srcset":"https:\/\/i0.wp.com\/www.24baires.com\/wp-content\/uploads\/2020\/01\/mercedes-del-pomt.jpg?resize=350%2C200 1x, https:\/\/i0.wp.com\/www.24baires.com\/wp-content\/uploads\/2020\/01\/mercedes-del-pomt.jpg?resize=525%2C300 1.5x"},"classes":[]},{"id":404,"url":"https:\/\/www.24baires.com\/?p=404","url_meta":{"origin":7882,"position":2},"title":"\u201cEl sistema actual de ARBA perjudica al trabajador\u201d","author":"Grupo Sierra","date":"25\/09\/2012","format":false,"excerpt":"Lo dijo el diputado provincial Oscar Negrelli, quien impulsa una iniciativa con el fin de que quede a disponibilidad de los contribuyentes el saldo a favor de la diferencia entre las percepciones y\/o retenciones en Ingresos Brutos. \u201cHoy un comerciante paga dos veces el mismo impuesto\u201d, afirm\u00f3. De esta manera\u2026","rel":"","context":"En \u00abEconom\u00eda\u00bb","block_context":{"text":"Econom\u00eda","link":"https:\/\/www.24baires.com\/?cat=45"},"img":{"alt_text":"","src":"","width":0,"height":0},"classes":[]},{"id":102866,"url":"https:\/\/www.24baires.com\/?p=102866","url_meta":{"origin":7882,"position":3},"title":"Un proyecto busca fomentar la inclusi\u00f3n laboral de v\u00edctimas de violencia de g\u00e9nero","author":"GB","date":"20\/06\/2018","format":false,"excerpt":"La iniciativa propone conceder un beneficio impositivo a las empresas que contraten a las mujeres que hayan sido v\u00edctimas de violencia de g\u00e9nero y puedan acreditar la constancia de su denuncia. La diputada provincial de Cambiemos Maricel Etchecoin present\u00f3 un proyecto de ley que busca \"fomentar la inclusi\u00f3n\" en el\u2026","rel":"","context":"En \u00abSociedad\u00bb","block_context":{"text":"Sociedad","link":"https:\/\/www.24baires.com\/?cat=1"},"img":{"alt_text":"","src":"https:\/\/i0.wp.com\/www.24baires.com\/wp-content\/uploads\/2018\/06\/ni-una-menos.jpg?resize=350%2C200","width":350,"height":200,"srcset":"https:\/\/i0.wp.com\/www.24baires.com\/wp-content\/uploads\/2018\/06\/ni-una-menos.jpg?resize=350%2C200 1x, https:\/\/i0.wp.com\/www.24baires.com\/wp-content\/uploads\/2018\/06\/ni-una-menos.jpg?resize=525%2C300 1.5x"},"classes":[]},{"id":11948,"url":"https:\/\/www.24baires.com\/?p=11948","url_meta":{"origin":7882,"position":4},"title":"Extienden hasta fines de marzo las moratorias impositivas en la Provincia","author":"AF","date":"12\/01\/2013","format":false,"excerpt":"El gobierno bonaerense extendi\u00f3 hasta el 31 de marzo pr\u00f3ximo los planes de facilidades de pago de deudas impositivas que hab\u00edan vencido en diciembre \u00faltimo, informaron autoridades locales. Los planes abarcan la posibilidad de que el contribuyente regularice sus deudas por el no pago de impuestos Inmobiliario, Automotores (Patente), Ingresos\u2026","rel":"","context":"En \u00abEconom\u00eda\u00bb","block_context":{"text":"Econom\u00eda","link":"https:\/\/www.24baires.com\/?cat=45"},"img":{"alt_text":"","src":"","width":0,"height":0},"classes":[]},{"id":114567,"url":"https:\/\/www.24baires.com\/?p=114567","url_meta":{"origin":7882,"position":5},"title":"Provincia posterga vencimientos de impuestos a Pymes y microempresas","author":"AF","date":"31\/03\/2020","format":false,"excerpt":"ARBA reprogramar\u00e1 para mayo y junio los vencimientos relacionados con Ingresos Brutos, que operaban en los primeros d\u00edas de abril. La Agencia de Recaudaci\u00f3n de la Provincia de Buenos Aires (ARBA) reprogramar\u00e1 para mayo y junio los vencimientos relacionados con el Impuesto sobre los Ingresos Brutos, que operaban en los\u2026","rel":"","context":"En \u00abProvincia\u00bb","block_context":{"text":"Provincia","link":"https:\/\/www.24baires.com\/?cat=40"},"img":{"alt_text":"","src":"https:\/\/i0.wp.com\/www.24baires.com\/wp-content\/uploads\/2013\/02\/arba-elite.jpg?resize=350%2C200","width":350,"height":200,"srcset":"https:\/\/i0.wp.com\/www.24baires.com\/wp-content\/uploads\/2013\/02\/arba-elite.jpg?resize=350%2C200 1x, https:\/\/i0.wp.com\/www.24baires.com\/wp-content\/uploads\/2013\/02\/arba-elite.jpg?resize=525%2C300 1.5x"},"classes":[]}],"jetpack_sharing_enabled":true,"jetpack_likes_enabled":true,"_links":{"self":[{"href":"https:\/\/www.24baires.com\/index.php?rest_route=\/wp\/v2\/posts\/7882","targetHints":{"allow":["GET"]}}],"collection":[{"href":"https:\/\/www.24baires.com\/index.php?rest_route=\/wp\/v2\/posts"}],"about":[{"href":"https:\/\/www.24baires.com\/index.php?rest_route=\/wp\/v2\/types\/post"}],"author":[{"embeddable":true,"href":"https:\/\/www.24baires.com\/index.php?rest_route=\/wp\/v2\/users\/11"}],"replies":[{"embeddable":true,"href":"https:\/\/www.24baires.com\/index.php?rest_route=%2Fwp%2Fv2%2Fcomments&post=7882"}],"version-history":[{"count":4,"href":"https:\/\/www.24baires.com\/index.php?rest_route=\/wp\/v2\/posts\/7882\/revisions"}],"predecessor-version":[{"id":7886,"href":"https:\/\/www.24baires.com\/index.php?rest_route=\/wp\/v2\/posts\/7882\/revisions\/7886"}],"wp:attachment":[{"href":"https:\/\/www.24baires.com\/index.php?rest_route=%2Fwp%2Fv2%2Fmedia&parent=7882"}],"wp:term":[{"taxonomy":"category","embeddable":true,"href":"https:\/\/www.24baires.com\/index.php?rest_route=%2Fwp%2Fv2%2Fcategories&post=7882"},{"taxonomy":"post_tag","embeddable":true,"href":"https:\/\/www.24baires.com\/index.php?rest_route=%2Fwp%2Fv2%2Ftags&post=7882"}],"curies":[{"name":"wp","href":"https:\/\/api.w.org\/{rel}","templated":true}]}}