{"id":78760,"date":"2016-02-10T19:30:44","date_gmt":"2016-02-10T22:30:44","guid":{"rendered":"http:\/\/www.24baires.com\/?p=78760"},"modified":"2016-02-10T19:02:07","modified_gmt":"2016-02-10T22:02:07","slug":"grupo-indalo-compro-cn23-el-argentino-y-50-de-vorterix","status":"publish","type":"post","link":"https:\/\/www.24baires.com\/?p=78760","title":{"rendered":"Grupo Indalo compr\u00f3 CN23, El Argentino y 50% de Vorterix"},"content":{"rendered":"<p>El imperio de medios de Crist\u00f3bal L\u00f3pez incorpor\u00f3 a su haber al canal de TV CN23, el diario El Argentino y 50% de la radio Vorterix, que eran propiedad del empresario de Sergio Szpolski.<!--more--><\/p>\n<p>El Grupo Indalo, propiedad del empresario Crist\u00f3bal L\u00f3pez, sac\u00f3 un comunicado que se encargar\u00e1 de comprar el canal de TV CN23, el diario El Argentino y el 50% de Vorterix, que sol\u00edan ser del empresario Sergio Szpolski, quien vendi\u00f3 parte de sus medios tras el cambio de gobierno y la pelea con su socio en el Grupo Veintitr\u00e9s, Mat\u00edas Garfunkel. El texto completo:<\/p>\n<p>\u00abIndalo Media se hizo del 100% de CN23 y El Argentino y el 50% de Vorterix, por medio de un intercambio de acciones con los anteriores accionistas de estas compa\u00f1\u00edas que pasan a tener una minor\u00eda en Indalo Media. Indalo Media mantiene la mayor\u00eda, reteniendo m\u00e1s del 90% de las acciones y por consiguiente manteniendo el control mayoritario.<\/p>\n<p>Indalo Media contin\u00faa creciendo en su variedad de medios y sigue apostando por las vanguardias tecnol\u00f3gicas de la comunicaci\u00f3n: Vorterix es ampliamente reconocida por los p\u00fablicos m\u00e1s inquietos siendo \u00fanica por la experimentaci\u00f3n integral multimedia. Indalo Media, desde hace a\u00f1os, apuesta por el crecimiento de todos los que hacen posible cada medio para brindar al p\u00fablico: calidad, variedad y profesionalismo. Por eso toma el reto a diario de incorporar nuevos comunicadores y de ir al ritmo que los progresos tecnol\u00f3gicos plantean. Con este esp\u00edritu nos proponemos acompa\u00f1ar y fortalecer el crecimiento de la Argentina.<\/p>\n<p>Indalo Media procura ser la expresi\u00f3n de una comunicaci\u00f3n profesional, apasionada y moderna. Busca consolidar cada uno de sus medios como referente en su segmento, exigi\u00e9ndose para que el p\u00fablico pueda informarse y entretenerse con la mayor calidad posible\u00bb.<\/p>\n<p>&nbsp;<\/p>\n<p>&nbsp;<\/p>\n<p>&nbsp;<\/p>\n<p>&nbsp;<\/p>\n<p>&nbsp;<\/p>\n<p>&nbsp;<\/p>\n<p>&nbsp;<\/p>\n<p>&nbsp;<\/p>\n<p>&nbsp;<\/p>\n<p>&nbsp;<\/p>\n<p>&nbsp;<\/p>\n","protected":false},"excerpt":{"rendered":"<p>El imperio de medios de Crist\u00f3bal L\u00f3pez incorpor\u00f3 a su haber al canal de TV CN23, el diario El Argentino y 50% de la radio Vorterix, que eran propiedad del empresario de Sergio Szpolski.<\/p>\n","protected":false},"author":8,"featured_media":0,"comment_status":"open","ping_status":"open","sticky":false,"template":"","format":"standard","meta":{"_jetpack_newsletter_access":"","_jetpack_dont_email_post_to_subs":false,"_jetpack_newsletter_tier_id":0,"_jetpack_memberships_contains_paywalled_content":false,"_jetpack_memberships_contains_paid_content":false,"footnotes":""},"categories":[54],"tags":[],"class_list":["post-78760","post","type-post","status-publish","format-standard","hentry","category-medios"],"jetpack_featured_media_url":"","jetpack_shortlink":"https:\/\/wp.me\/p2JWE0-kuk","jetpack-related-posts":[{"id":80347,"url":"https:\/\/www.24baires.com\/?p=80347","url_meta":{"origin":78760,"position":0},"title":"El grupo Indalo respondi\u00f3 tras los allanamientos","author":"GB","date":"18\/03\/2016","format":false,"excerpt":"En el d\u00eda de hoy por orden de la jueza Mar\u00eda Ver\u00f3nica Straccia se realizaron distintos allanamientos en diversas oficinas del Grupo Indalo. El Grupo Indalo colabor\u00f3 facilitando toda la documentaci\u00f3n solicitada en tiempo y forma. Asimismo a trav\u00e9s de sus abogados dentro de las 72 horas se presentar\u00e1 voluntariamente\u2026","rel":"","context":"En \u00abMedios\u00bb","block_context":{"text":"Medios","link":"https:\/\/www.24baires.com\/?cat=54"},"img":{"alt_text":"grupo indalo","src":"https:\/\/i0.wp.com\/www.24baires.com\/wp-content\/uploads\/2016\/03\/grupo-indalo.jpg?resize=350%2C200","width":350,"height":200,"srcset":"https:\/\/i0.wp.com\/www.24baires.com\/wp-content\/uploads\/2016\/03\/grupo-indalo.jpg?resize=350%2C200 1x, https:\/\/i0.wp.com\/www.24baires.com\/wp-content\/uploads\/2016\/03\/grupo-indalo.jpg?resize=525%2C300 1.5x"},"classes":[]},{"id":101108,"url":"https:\/\/www.24baires.com\/?p=101108","url_meta":{"origin":78760,"position":1},"title":"Ordenan excarcelar a Crist\u00f3bal L\u00f3pez y a Fabi\u00e1n De Sousa","author":"AF","date":"16\/03\/2018","format":false,"excerpt":"La C\u00e1mara Federal porte\u00f1a otorg\u00f3 hoy la excarcelaci\u00f3n a los empresarios por considerar que su libertad no pone en riesgo la investigaci\u00f3n contra el Grupo Indalo por una presunta estafa millonaria a la AFIP. La C\u00e1mara Federal porte\u00f1a otorg\u00f3 este mediod\u00eda la excarcelaci\u00f3n a los empresarios Crist\u00f3bal L\u00f3pez y Fabi\u00e1n\u2026","rel":"","context":"En \u00abJUDICIALES\u00bb","block_context":{"text":"JUDICIALES","link":"https:\/\/www.24baires.com\/?cat=68"},"img":{"alt_text":"","src":"https:\/\/i0.wp.com\/www.24baires.com\/wp-content\/uploads\/2018\/03\/5a39ebf8ed34f.jpg?resize=350%2C200","width":350,"height":200,"srcset":"https:\/\/i0.wp.com\/www.24baires.com\/wp-content\/uploads\/2018\/03\/5a39ebf8ed34f.jpg?resize=350%2C200 1x, https:\/\/i0.wp.com\/www.24baires.com\/wp-content\/uploads\/2018\/03\/5a39ebf8ed34f.jpg?resize=525%2C300 1.5x"},"classes":[]},{"id":97884,"url":"https:\/\/www.24baires.com\/?p=97884","url_meta":{"origin":78760,"position":2},"title":"Gendarmer\u00eda allana las radios de Crist\u00f3bal L\u00f3pez cuando Cristina le da una nota","author":"GB","date":"05\/10\/2017","format":false,"excerpt":"La fuerza de seguridad sospechada por la desaparici\u00f3n de Santiago Maldonado entr\u00f3 al edificio donde est\u00e1 CFK. Un extra\u00f1o episodio ocurri\u00f3 en el edificio donde est\u00e1n las radios del Grupo Indalo. En el momento en que la ex presidenta Cristina Kirchner entraba a FM POP para dar una nota a\u2026","rel":"","context":"En \u00abPol\u00edtica\u00bb","block_context":{"text":"Pol\u00edtica","link":"https:\/\/www.24baires.com\/?cat=51"},"img":{"alt_text":"","src":"https:\/\/i0.wp.com\/www.24baires.com\/wp-content\/uploads\/2017\/10\/gendarmeria-radio.jpg?resize=350%2C200","width":350,"height":200,"srcset":"https:\/\/i0.wp.com\/www.24baires.com\/wp-content\/uploads\/2017\/10\/gendarmeria-radio.jpg?resize=350%2C200 1x, https:\/\/i0.wp.com\/www.24baires.com\/wp-content\/uploads\/2017\/10\/gendarmeria-radio.jpg?resize=525%2C300 1.5x"},"classes":[]},{"id":98811,"url":"https:\/\/www.24baires.com\/?p=98811","url_meta":{"origin":78760,"position":3},"title":"Echaron a V\u00edctor Hugo Morales de C5N","author":"AF","date":"17\/11\/2017","format":false,"excerpt":"El legendario periodista y conductor fue echado del canal donde encabezaba la franja de 18 a 21. Cada vez hay m\u00e1s periodistas censurados en Argentina y se monopoliza el relato \"M\" del Gobierno. V\u00edctor Hugo Morales fue echado esta tarde de la cadena de noticias C5N y no saldr\u00e1 al\u2026","rel":"","context":"En \u00abSociedad\u00bb","block_context":{"text":"Sociedad","link":"https:\/\/www.24baires.com\/?cat=1"},"img":{"alt_text":"","src":"https:\/\/i0.wp.com\/www.24baires.com\/wp-content\/uploads\/2014\/07\/v%C3%ADctor-hugo.jpg?resize=350%2C200","width":350,"height":200,"srcset":"https:\/\/i0.wp.com\/www.24baires.com\/wp-content\/uploads\/2014\/07\/v%C3%ADctor-hugo.jpg?resize=350%2C200 1x, https:\/\/i0.wp.com\/www.24baires.com\/wp-content\/uploads\/2014\/07\/v%C3%ADctor-hugo.jpg?resize=525%2C300 1.5x"},"classes":[]},{"id":101867,"url":"https:\/\/www.24baires.com\/?p=101867","url_meta":{"origin":78760,"position":4},"title":"Ordenan revertir la excarcelaci\u00f3n de Crist\u00f3bal L\u00f3pez y Fabi\u00e1n De Sousa","author":"AF","date":"27\/04\/2018","format":false,"excerpt":"Por mayor\u00eda, la C\u00e1mara de Casaci\u00f3n devolvi\u00f3 el procesamiento bajo la figura de Defraudaci\u00f3n al Estado que hab\u00eda impulsado el juez Juli\u00e1n Ercolini. Casaci\u00f3n orden\u00f3 la inmediata detenci\u00f3n. La C\u00e1mara de Casaci\u00f3n, por mayor\u00eda, hizo lugar al pedido del fiscal Ra\u00fal Ple\u00e9, y orden\u00f3 revertir la excarcelaci\u00f3n de los due\u00f1os\u2026","rel":"","context":"En \u00abJUDICIALES\u00bb","block_context":{"text":"JUDICIALES","link":"https:\/\/www.24baires.com\/?cat=68"},"img":{"alt_text":"","src":"https:\/\/i0.wp.com\/www.24baires.com\/wp-content\/uploads\/2018\/04\/l%C3%B3pez-de-sousa.jpg?resize=350%2C200","width":350,"height":200,"srcset":"https:\/\/i0.wp.com\/www.24baires.com\/wp-content\/uploads\/2018\/04\/l%C3%B3pez-de-sousa.jpg?resize=350%2C200 1x, https:\/\/i0.wp.com\/www.24baires.com\/wp-content\/uploads\/2018\/04\/l%C3%B3pez-de-sousa.jpg?resize=525%2C300 1.5x"},"classes":[]},{"id":17513,"url":"https:\/\/www.24baires.com\/?p=17513","url_meta":{"origin":78760,"position":5},"title":"Sabbatella, clar\u00edsimo: \u00abNadie tiene coronita, las reglas son parejas\u00bb","author":"AF","date":"05\/03\/2013","format":false,"excerpt":"El titular de la Autoridad Federal de Servicios de Comunicaci\u00f3n Audiovisual (Afsca), Mart\u00edn Sabbatella, asegur\u00f3 hoy que la venta de medios del grupo Hadad al grupo Indalo, aprobada por ese organismo, \"se ajusta perfectamente a la ley\" porque se enmarca en el plan de adecuaci\u00f3n, e insisti\u00f3 con que \"las\u2026","rel":"","context":"En \u00abMedios\u00bb","block_context":{"text":"Medios","link":"https:\/\/www.24baires.com\/?cat=54"},"img":{"alt_text":"","src":"","width":0,"height":0},"classes":[]}],"jetpack_sharing_enabled":true,"jetpack_likes_enabled":true,"_links":{"self":[{"href":"https:\/\/www.24baires.com\/index.php?rest_route=\/wp\/v2\/posts\/78760","targetHints":{"allow":["GET"]}}],"collection":[{"href":"https:\/\/www.24baires.com\/index.php?rest_route=\/wp\/v2\/posts"}],"about":[{"href":"https:\/\/www.24baires.com\/index.php?rest_route=\/wp\/v2\/types\/post"}],"author":[{"embeddable":true,"href":"https:\/\/www.24baires.com\/index.php?rest_route=\/wp\/v2\/users\/8"}],"replies":[{"embeddable":true,"href":"https:\/\/www.24baires.com\/index.php?rest_route=%2Fwp%2Fv2%2Fcomments&post=78760"}],"version-history":[{"count":1,"href":"https:\/\/www.24baires.com\/index.php?rest_route=\/wp\/v2\/posts\/78760\/revisions"}],"predecessor-version":[{"id":78762,"href":"https:\/\/www.24baires.com\/index.php?rest_route=\/wp\/v2\/posts\/78760\/revisions\/78762"}],"wp:attachment":[{"href":"https:\/\/www.24baires.com\/index.php?rest_route=%2Fwp%2Fv2%2Fmedia&parent=78760"}],"wp:term":[{"taxonomy":"category","embeddable":true,"href":"https:\/\/www.24baires.com\/index.php?rest_route=%2Fwp%2Fv2%2Fcategories&post=78760"},{"taxonomy":"post_tag","embeddable":true,"href":"https:\/\/www.24baires.com\/index.php?rest_route=%2Fwp%2Fv2%2Ftags&post=78760"}],"curies":[{"name":"wp","href":"https:\/\/api.w.org\/{rel}","templated":true}]}}