{"id":7875,"date":"2012-12-04T16:33:03","date_gmt":"2012-12-04T19:33:03","guid":{"rendered":"http:\/\/www.24baires.com\/?p=7875"},"modified":"2012-12-04T16:33:03","modified_gmt":"2012-12-04T19:33:03","slug":"niegan-la-existencia-de-un-proyecto-que-limite-las-reelecciones-indefinidas-de-los-intendentes","status":"publish","type":"post","link":"https:\/\/www.24baires.com\/?p=7875","title":{"rendered":"Niegan la existencia de un proyecto que limite las reelecciones indefinidas de los intendentes"},"content":{"rendered":"<p><img data-recalc-dims=\"1\" loading=\"lazy\" decoding=\"async\" class=\"alignleft size-medium wp-image-7878\" title=\"fioramonti cristina\" src=\"https:\/\/i0.wp.com\/www.24baires.com\/wp-content\/uploads\/2012\/12\/fioramonti-cristina.jpg?resize=300%2C239\" alt=\"\" width=\"300\" height=\"239\" srcset=\"https:\/\/i0.wp.com\/www.24baires.com\/wp-content\/uploads\/2012\/12\/fioramonti-cristina.jpg?resize=300%2C239&amp;ssl=1 300w, https:\/\/i0.wp.com\/www.24baires.com\/wp-content\/uploads\/2012\/12\/fioramonti-cristina.jpg?w=371&amp;ssl=1 371w\" sizes=\"auto, (max-width: 300px) 100vw, 300px\" \/>La Presidenta del Bloque del FPV\/PJ, <strong>Senadora Cristina Fioramonti<\/strong>, desestim\u00f3 en declaraciones radiales las versiones que indican la existencia de un proyecto que limitar\u00eda las reelecciones indefinidas de los intendentes.<!--more--><\/p>\n<p>En dialogo con la <strong>FM 97.7 de Florencio Varela<\/strong>, la legisladora peronista neg\u00f3 rotundamente conocer la existencia de ese tipo de iniciativa y afirm\u00f3 que \u201cno tiene que ver con el trabajo legislativo que venimos haciendo en el Senado\u201d.<\/p>\n<p>\u201cEl Vicegobernador siempre que tiene la idea de impulsar alg\u00fan proyecto lo conversa conmigo, a veces incluso trabajamos de manera conjunta en su elaboraci\u00f3n, y en lo que va del a\u00f1o nunca se plante\u00f3 una iniciativa de estas caracter\u00edsticas\u201d subray\u00f3 la Titular del bloque oficialista del Senado Bonaerense; \u201cno estoy al tanto\u201d insisti\u00f3.<\/p>\n<p>\u201cTal vez alg\u00fan empleado de la C\u00e1mara, por motivaci\u00f3n propia, elabor\u00f3 alg\u00fan proyecto de este calibre, eso no sabr\u00eda decirlo, lo que s\u00ed puedo afirmar es que no es un tema en discusi\u00f3n para Mariotto ni para los legisladores de mi bloque\u201d sentenci\u00f3 Fioramonti.<\/p>\n<p>Asimismo, desestim\u00f3 las versiones que vincular\u00edan el supuesto anteproyecto a una posible traici\u00f3n de los intendentes y aclar\u00f3 que \u201cno sabe\u201d a que tipo de traici\u00f3n pueda referirse, dado que \u201cla \u00fanica traici\u00f3n es hacia el pueblo y si un intendente traiciona a su pueblo, dif\u00edcilmente sea reelecto\u201d.<\/p>\n<p>\u201cNo hay nadie que conozca mejor a los intendentes que su propia comunidad, que es la que los elige y reelige\u201d opin\u00f3 la legisladora del FPV\/PJ. \u201cAquellos que son reelectos tiene el consenso y la confianza de su pueblo y por lo tanto tambi\u00e9n el nuestro\u201d remat\u00f3.<\/p>\n","protected":false},"excerpt":{"rendered":"<p>La Presidenta del Bloque del FPV\/PJ, Senadora Cristina Fioramonti, desestim\u00f3 en declaraciones radiales las versiones que indican la existencia de un proyecto que limitar\u00eda las reelecciones indefinidas de los intendentes.<\/p>\n","protected":false},"author":11,"featured_media":0,"comment_status":"open","ping_status":"open","sticky":false,"template":"","format":"standard","meta":{"_jetpack_newsletter_access":"","_jetpack_dont_email_post_to_subs":false,"_jetpack_newsletter_tier_id":0,"_jetpack_memberships_contains_paywalled_content":false,"_jetpack_memberships_contains_paid_content":false,"footnotes":""},"categories":[40],"tags":[],"class_list":["post-7875","post","type-post","status-publish","format-standard","hentry","category-provincia"],"jetpack_featured_media_url":"","jetpack_shortlink":"https:\/\/wp.me\/p2JWE0-231","jetpack-related-posts":[{"id":118397,"url":"https:\/\/www.24baires.com\/?p=118397","url_meta":{"origin":7875,"position":0},"title":"Se aprob\u00f3 la modificaci\u00f3n a la ley de reelecci\u00f3n indefinida","author":"GB","date":"29\/12\/2021","format":false,"excerpt":"El senado aprob\u00f3 la modificatoria de la ley 14.836, y se tom\u00f3 como primer mandato el de 2019, por lo que varios intendentes podr\u00e1n aspirar a la reelecci\u00f3n por un mandato m\u00e1s en el 2023. En diputados, despu\u00e9s de una votaci\u00f3n expr\u00e9s, el proyecto se convirti\u00f3 en ley. Una de\u2026","rel":"","context":"En \u00abPol\u00edtica\u00bb","block_context":{"text":"Pol\u00edtica","link":"https:\/\/www.24baires.com\/?cat=51"},"img":{"alt_text":"","src":"https:\/\/i0.wp.com\/www.24baires.com\/wp-content\/uploads\/2018\/10\/dipiutades.jpg?resize=350%2C200","width":350,"height":200,"srcset":"https:\/\/i0.wp.com\/www.24baires.com\/wp-content\/uploads\/2018\/10\/dipiutades.jpg?resize=350%2C200 1x, https:\/\/i0.wp.com\/www.24baires.com\/wp-content\/uploads\/2018\/10\/dipiutades.jpg?resize=525%2C300 1.5x"},"classes":[]},{"id":122366,"url":"https:\/\/www.24baires.com\/?p=122366","url_meta":{"origin":7875,"position":1},"title":"Senado bonaerense aprob\u00f3 la reelecci\u00f3n indefinida para legisladores y concejales","author":"GB","date":"25\/06\/2025","format":false,"excerpt":"El kirchnerismo consigui\u00f3 el apoyo de legisladores de la oposici\u00f3n y lleg\u00f3 a 22 votos positivos. Los votos negativos fueron tambi\u00e9n 22 y desempat\u00f3 la vicegobernadora Ver\u00f3nica Magario. Daletto y dos dialoguistas apoyaron la iniciativa. No se permiti\u00f3 el ingreso a la prensa y cortaron la conexi\u00f3n a internet. Con\u2026","rel":"","context":"En \u00abProvincia\u00bb","block_context":{"text":"Provincia","link":"https:\/\/www.24baires.com\/?cat=40"},"img":{"alt_text":"","src":"","width":0,"height":0},"classes":[]},{"id":45308,"url":"https:\/\/www.24baires.com\/?p=45308","url_meta":{"origin":7875,"position":2},"title":"El massismo presenta proyecto para darle m\u00e1s autonom\u00eda a los municipios","author":"AF","date":"05\/05\/2014","format":false,"excerpt":"El Frente Renovador que lidera Sergio Massa presentar\u00e1 este lunes en la Legislatura bonaerense un proyecto de ley que incluye una serie de iniciativas orientadas a una mayor autonom\u00eda de los municipios, como el fin de las reelecciones indefinidas de intendentes, la implementaci\u00f3n en todos los distritos del voto electr\u00f3nico,\u2026","rel":"","context":"En \u00abMunicipios\u00bb","block_context":{"text":"Municipios","link":"https:\/\/www.24baires.com\/?cat=44"},"img":{"alt_text":"","src":"","width":0,"height":0},"classes":[]},{"id":86391,"url":"https:\/\/www.24baires.com\/?p=86391","url_meta":{"origin":7875,"position":3},"title":"El Senado le puso fin a las reelecciones indefinidas de intendentes y legisladores","author":"GB","date":"17\/08\/2016","format":false,"excerpt":"El Senado de la provincia de Buenos Aires convirti\u00f3 en ley el proyecto de ley que limita a una la cantidad de reelecciones a las que podr\u00e1n aspirar los jefes comunales de la mayor provincia de la Argentina. Los intendentes, legisladores y concejales de la provincia de Buenos Aires s\u00f3lo\u2026","rel":"","context":"En \u00abProvincia\u00bb","block_context":{"text":"Provincia","link":"https:\/\/www.24baires.com\/?cat=40"},"img":{"alt_text":"senado","src":"https:\/\/i0.wp.com\/www.24baires.com\/wp-content\/uploads\/2016\/03\/senado.jpg?resize=350%2C200","width":350,"height":200,"srcset":"https:\/\/i0.wp.com\/www.24baires.com\/wp-content\/uploads\/2016\/03\/senado.jpg?resize=350%2C200 1x, https:\/\/i0.wp.com\/www.24baires.com\/wp-content\/uploads\/2016\/03\/senado.jpg?resize=525%2C300 1.5x"},"classes":[]},{"id":14553,"url":"https:\/\/www.24baires.com\/?p=14553","url_meta":{"origin":7875,"position":4},"title":"De Narv\u00e1ez le pide a Massa que se defina","author":"Grupo Sierra","date":"03\/02\/2013","format":false,"excerpt":"Quiere que aclare si en las elecciones jugar\u00e1 con el kirchnerismo. Aclar\u00f3 que no tendr\u00eda problemas en trabajar con el intendente de Tigre, si es \u201cen defensa de la Constituci\u00f3n\".De Narv\u00e1ez asegur\u00f3 que \"respeta mucho la decisi\u00f3n\" adoptada por la diputada M\u00f3nica L\u00f3pez que hace d\u00edas lo abandon\u00f3 para integrar\u2026","rel":"","context":"En \u00abProvincia\u00bb","block_context":{"text":"Provincia","link":"https:\/\/www.24baires.com\/?cat=40"},"img":{"alt_text":"","src":"","width":0,"height":0},"classes":[]},{"id":83020,"url":"https:\/\/www.24baires.com\/?p=83020","url_meta":{"origin":7875,"position":5},"title":"Intendentes massistas buscan limitar la reelecci\u00f3n de Intendentes","author":"AF","date":"23\/05\/2016","format":false,"excerpt":"Intendentes bonaerenses del Frente Renovador se mostraron a favor de poner un l\u00edmite a los mandatos para alcaldes, diputados y senadores, concejales y consejeros escolares, para que solo puedan renovar por un per\u00edodo m\u00e1s, y coincidieron en que de este modo, se \u201celiminar\u00e1 la concentraci\u00f3n del poder y de los\u2026","rel":"","context":"En \u00abMunicipios\u00bb","block_context":{"text":"Municipios","link":"https:\/\/www.24baires.com\/?cat=44"},"img":{"alt_text":"urna3","src":"https:\/\/i0.wp.com\/www.24baires.com\/wp-content\/uploads\/2013\/08\/urna3.jpg?resize=350%2C200","width":350,"height":200,"srcset":"https:\/\/i0.wp.com\/www.24baires.com\/wp-content\/uploads\/2013\/08\/urna3.jpg?resize=350%2C200 1x, https:\/\/i0.wp.com\/www.24baires.com\/wp-content\/uploads\/2013\/08\/urna3.jpg?resize=525%2C300 1.5x"},"classes":[]}],"jetpack_sharing_enabled":true,"jetpack_likes_enabled":true,"_links":{"self":[{"href":"https:\/\/www.24baires.com\/index.php?rest_route=\/wp\/v2\/posts\/7875","targetHints":{"allow":["GET"]}}],"collection":[{"href":"https:\/\/www.24baires.com\/index.php?rest_route=\/wp\/v2\/posts"}],"about":[{"href":"https:\/\/www.24baires.com\/index.php?rest_route=\/wp\/v2\/types\/post"}],"author":[{"embeddable":true,"href":"https:\/\/www.24baires.com\/index.php?rest_route=\/wp\/v2\/users\/11"}],"replies":[{"embeddable":true,"href":"https:\/\/www.24baires.com\/index.php?rest_route=%2Fwp%2Fv2%2Fcomments&post=7875"}],"version-history":[{"count":4,"href":"https:\/\/www.24baires.com\/index.php?rest_route=\/wp\/v2\/posts\/7875\/revisions"}],"predecessor-version":[{"id":7881,"href":"https:\/\/www.24baires.com\/index.php?rest_route=\/wp\/v2\/posts\/7875\/revisions\/7881"}],"wp:attachment":[{"href":"https:\/\/www.24baires.com\/index.php?rest_route=%2Fwp%2Fv2%2Fmedia&parent=7875"}],"wp:term":[{"taxonomy":"category","embeddable":true,"href":"https:\/\/www.24baires.com\/index.php?rest_route=%2Fwp%2Fv2%2Fcategories&post=7875"},{"taxonomy":"post_tag","embeddable":true,"href":"https:\/\/www.24baires.com\/index.php?rest_route=%2Fwp%2Fv2%2Ftags&post=7875"}],"curies":[{"name":"wp","href":"https:\/\/api.w.org\/{rel}","templated":true}]}}