{"id":7872,"date":"2012-12-04T16:01:02","date_gmt":"2012-12-04T19:01:02","guid":{"rendered":"http:\/\/www.24baires.com\/?p=7872"},"modified":"2012-12-04T16:01:02","modified_gmt":"2012-12-04T19:01:02","slug":"segun-el-abogado-de-la-periodista-sonia-molina-tuvo-contradicciones-en-television","status":"publish","type":"post","link":"https:\/\/www.24baires.com\/?p=7872","title":{"rendered":"Seg\u00fan el abogado de la periodista, Sonia Molina \u00abtuvo contradicciones\u00bb en televisi\u00f3n"},"content":{"rendered":"<p>El abogado de la periodista acusada de haber mantenido cautiva junto a su esposo a una mujer en <strong>Coronel Su\u00e1rez<\/strong> asegur\u00f3 que existen \u00abcontradicciones\u00bb entre el relato de los hechos que la denunciante hizo ante la Justicia y el que brind\u00f3 anoche en una entrevista con un canal de televisi\u00f3n.<!--more--><br \/>\n\u00abSi se compara la declaraci\u00f3n en el medio televisivo de anoche con la escrita, hay un sinn\u00famero de contradicciones que entiendo vamos a hacer valer en su momento\u00bb, expres\u00f3 esta ma\u00f1ana el abogado Leonardo Talomoni al referirse a la entrevista que brind\u00f3 a canal 13 la mujer que denunci\u00f3 a Estefan\u00eda Heit y a su esposo, Jes\u00fas Olivera.<br \/>\nEl letrado opin\u00f3 adem\u00e1s que la imagen de la mujer ante las c\u00e1maras \u00abfavoreci\u00f3\u00bb a la defensa, ya que le result\u00f3 extra\u00f1o que luego de estar tres meses cautiva en vez de ir a ver sus hijos haya ido a la peluquer\u00eda.<\/p>\n<p>\u00abYo si estoy tres meses cautivo lo primero que hago es salir corriendo a ver a mis hijos, no voy a una peluquer\u00eda a cortarme el pelo, a ponerme pesta\u00f1as postizas, a comprarme un chup\u00edn de moda y a maquillarme para la televisi\u00f3n\u00bb, expres\u00f3 el abogado.<br \/>\nY a\u00f1adi\u00f3: \u00abPens\u00e9 que iba a estar escondida en alg\u00fan lado seis meses para recuperarse. Nunca imagin\u00e9 que a 48 horas de declarar iba a salir en los medios\u00bb.<br \/>\nEl abogado dijo adem\u00e1s que la hija de la mujer que denunci\u00f3 a Heit y a Olivera vive con su padre desde que ella \u00abla dej\u00f3 por irse a estudiar a Santa Rosa\u00bb.<br \/>\n\u00abEl padre le ha enviado cartas documento diciendo que cese con la actitud de abandonar a su hija, tengo copias de esas cartas documento y las vamos a aportar a la justicia\u00bb, adelant\u00f3 Talomoni.<\/p>\n<p>Tambi\u00e9n el abogado se refiri\u00f3 al presunto secuestro de la v\u00edctima. \u00abNo me cierra para nada y tampoco me cierra lo que dijo, que no lo dijo en su momento, que hab\u00eda ido a la comisar\u00eda y no encontr\u00f3 a nadie\u00bb.<\/p>\n<p>\u00abElla dijo claramente ayer que no estuvo atada en ning\u00fan momento y en la fiscal\u00eda dijo que la hab\u00edan atado con bolsas, con una soga hecha con bolsas de nailon, y que la tapaban con maderas para que hiciera ruido cuando se escapaba\u00bb, agreg\u00f3.<br \/>\nEl episodio comenz\u00f3 a investigarse el 12 de noviembre pasado, cuando una mujer se present\u00f3 ante la polic\u00eda y denunci\u00f3 que acababa de huir de la casa de Heit y Olivera, donde hab\u00eda estado tres meses cautiva y hab\u00eda sido sometida a abusos y tormentos.<br \/>\nPor el hecho, la pareja est\u00e1 detenida, acusada de tentativa de homicidio, abuso sexual y privaci\u00f3n ilegal de la libertad coactiva.<\/p>\n<p>&nbsp;<\/p>\n<p>&nbsp;<\/p>\n<p>&nbsp;<\/p>\n<p>&nbsp;<\/p>\n<p>&nbsp;<\/p>\n<p>&nbsp;<\/p>\n<p>&nbsp;<\/p>\n<p>&nbsp;<\/p>\n<p>&nbsp;<\/p>\n<p>&nbsp;<\/p>\n","protected":false},"excerpt":{"rendered":"<p>El abogado de la periodista acusada de haber mantenido cautiva junto a su esposo a una mujer en Coronel Su\u00e1rez asegur\u00f3 que existen \u00abcontradicciones\u00bb entre el relato de los hechos que la denunciante hizo ante la Justicia y el que brind\u00f3 anoche en una entrevista con un canal de televisi\u00f3n.<\/p>\n","protected":false},"author":11,"featured_media":0,"comment_status":"open","ping_status":"open","sticky":false,"template":"","format":"standard","meta":{"_jetpack_newsletter_access":"","_jetpack_dont_email_post_to_subs":false,"_jetpack_newsletter_tier_id":0,"_jetpack_memberships_contains_paywalled_content":false,"_jetpack_memberships_contains_paid_content":false,"footnotes":""},"categories":[49],"tags":[],"class_list":["post-7872","post","type-post","status-publish","format-standard","hentry","category-policiales"],"jetpack_featured_media_url":"","jetpack_shortlink":"https:\/\/wp.me\/p2JWE0-22Y","jetpack-related-posts":[{"id":8189,"url":"https:\/\/www.24baires.com\/?p=8189","url_meta":{"origin":7872,"position":0},"title":"La periodista de Coronel Su\u00e1rez fue periciada por psiquiatras","author":"Grupo Sierra","date":"06\/12\/2012","format":false,"excerpt":"Su esposo, Jes\u00fas Mar\u00eda Olivera, deb\u00eda ser analizado tambi\u00e9n por los peritos pero el estudio se pospuso para este viernes. Ambos est\u00e1n detenidos y acusados de haber mantenido cautiva y vejado a una mujer durante tres meses. Un vocero judicial se\u00f1al\u00f3 \u00a0que \"debido a la extensa entrevista que realizaron los\u2026","rel":"","context":"En \u00abPoliciales\u00bb","block_context":{"text":"Policiales","link":"https:\/\/www.24baires.com\/?cat=49"},"img":{"alt_text":"","src":"","width":0,"height":0},"classes":[]},{"id":45776,"url":"https:\/\/www.24baires.com\/?p=45776","url_meta":{"origin":7872,"position":1},"title":"Comienza este lunes el juicio oral a Heit y Olivera","author":"AF","date":"11\/05\/2014","format":false,"excerpt":"La periodista Estefan\u00eda Heit y su esposo, el supuesto pastor Jes\u00fas Olivera, est\u00e1n acusados de haber mantenido cautiva a una mujer durante tres meses en 2012. Heit llega a juicio imputada de \"reducci\u00f3n a la servidumbre, lesiones graves y estafas\", mientras que su esposo est\u00e1 acusado de los mismos delitos\u2026","rel":"","context":"En \u00abLocales\u00bb","block_context":{"text":"Locales","link":"https:\/\/www.24baires.com\/?cat=38"},"img":{"alt_text":"Olivera y Heit","src":"https:\/\/i0.wp.com\/www.24baires.com\/wp-content\/uploads\/2012\/12\/Olivera-y-Heit.jpg?resize=350%2C200","width":350,"height":200,"srcset":"https:\/\/i0.wp.com\/www.24baires.com\/wp-content\/uploads\/2012\/12\/Olivera-y-Heit.jpg?resize=350%2C200 1x, https:\/\/i0.wp.com\/www.24baires.com\/wp-content\/uploads\/2012\/12\/Olivera-y-Heit.jpg?resize=525%2C300 1.5x"},"classes":[]},{"id":5280,"url":"https:\/\/www.24baires.com\/?p=5280","url_meta":{"origin":7872,"position":2},"title":"La periodista de Cablevisi\u00f3n acusada de abuso dijo que era \u00abamiga de la v\u00edctima\u00bb","author":"Grupo Sierra","date":"13\/11\/2012","format":false,"excerpt":"CORONEL SUAREZ - La periodista Estefan\u00eda Heit, acusada junto a su pareja de haber secuestrado, golpeado y abusado sexualmente de una mujer durante m\u00e1s de tres meses en Coronel Su\u00e1rez, neg\u00f3 las imputaciones. En el marco de la investigaci\u00f3n, se encontraba pr\u00f3fugo el esposo de la acusada, imputado de los\u2026","rel":"","context":"En \u00abPoliciales\u00bb","block_context":{"text":"Policiales","link":"https:\/\/www.24baires.com\/?cat=49"},"img":{"alt_text":"","src":"","width":0,"height":0},"classes":[]},{"id":29744,"url":"https:\/\/www.24baires.com\/?p=29744","url_meta":{"origin":7872,"position":3},"title":"\u00abMe interesa buscar la tolerancia\u00bb, dijo Scioli tras los insultos de la mujer de Massa","author":"GB","date":"08\/08\/2013","format":false,"excerpt":"El gobernador bonaerense Daniel Scioli dijo que es \"un caballero, respetuoso de todo el mundo, especialmente con las mujeres\", al referirse a los insultos que recibi\u00f3 de parte de Malena Galmarini, esposa del candidato a diputado del Frente Renovador, Sergio Massa, en un estudio de televisi\u00f3n. \"Me interesa buscar la\u2026","rel":"","context":"En \u00abPol\u00edtica\u00bb","block_context":{"text":"Pol\u00edtica","link":"https:\/\/www.24baires.com\/?cat=51"},"img":{"alt_text":"Scioli","src":"https:\/\/i0.wp.com\/www.24baires.com\/wp-content\/uploads\/2013\/08\/Scioli.jpg?resize=350%2C200","width":350,"height":200,"srcset":"https:\/\/i0.wp.com\/www.24baires.com\/wp-content\/uploads\/2013\/08\/Scioli.jpg?resize=350%2C200 1x, https:\/\/i0.wp.com\/www.24baires.com\/wp-content\/uploads\/2013\/08\/Scioli.jpg?resize=525%2C300 1.5x"},"classes":[]},{"id":44764,"url":"https:\/\/www.24baires.com\/?p=44764","url_meta":{"origin":7872,"position":4},"title":"Mart\u00ednez Poch ir\u00e1 a juicio oral","author":"GB","date":"26\/04\/2014","format":false,"excerpt":"LA PLATA-La sala III de la C\u00e1mara Penal rechaz\u00f3 el pedido de sobreseimiento de Cristian Mart\u00ednez Poch, detenido como acusado de secuestrar durante 15 d\u00edas a su pareja y de abusar de ella y de dos hijas que tuvo con su primera esposa. La Sala confirm\u00f3 adem\u00e1s la elevaci\u00f3n a\u2026","rel":"","context":"En \u00abJUDICIALES\u00bb","block_context":{"text":"JUDICIALES","link":"https:\/\/www.24baires.com\/?cat=68"},"img":{"alt_text":"martinez poch","src":"https:\/\/i0.wp.com\/www.24baires.com\/wp-content\/uploads\/2013\/12\/martinez-poch.jpg?resize=350%2C200","width":350,"height":200,"srcset":"https:\/\/i0.wp.com\/www.24baires.com\/wp-content\/uploads\/2013\/12\/martinez-poch.jpg?resize=350%2C200 1x, https:\/\/i0.wp.com\/www.24baires.com\/wp-content\/uploads\/2013\/12\/martinez-poch.jpg?resize=525%2C300 1.5x"},"classes":[]},{"id":10709,"url":"https:\/\/www.24baires.com\/?p=10709","url_meta":{"origin":7872,"position":5},"title":"Rechazan la excarcelaci\u00f3n de la periodista Estefan\u00eda Heit","author":"Grupo Sierra","date":"28\/12\/2012","format":false,"excerpt":"La jueza de Garant\u00edas 1 de Bah\u00eda Blanca, Gilda Sthempelet, rechaz\u00f3 el pedido de excarcelaci\u00f3n de la periodista Estefan\u00eda Heit, que se encuentra detenida acusada de haber reducido a la servidumbre a una mujer en su casa de Coronel Su\u00e1rez. Igualmente, evaluar\u00eda morigerarle la prisi\u00f3n preventiva para que pueda cumplirla\u2026","rel":"","context":"En \u00abPoliciales\u00bb","block_context":{"text":"Policiales","link":"https:\/\/www.24baires.com\/?cat=49"},"img":{"alt_text":"heit","src":"https:\/\/i0.wp.com\/www.24baires.com\/wp-content\/uploads\/2012\/11\/heit1-300x219.jpg?resize=350%2C200","width":350,"height":200},"classes":[]}],"jetpack_sharing_enabled":true,"jetpack_likes_enabled":true,"_links":{"self":[{"href":"https:\/\/www.24baires.com\/index.php?rest_route=\/wp\/v2\/posts\/7872","targetHints":{"allow":["GET"]}}],"collection":[{"href":"https:\/\/www.24baires.com\/index.php?rest_route=\/wp\/v2\/posts"}],"about":[{"href":"https:\/\/www.24baires.com\/index.php?rest_route=\/wp\/v2\/types\/post"}],"author":[{"embeddable":true,"href":"https:\/\/www.24baires.com\/index.php?rest_route=\/wp\/v2\/users\/11"}],"replies":[{"embeddable":true,"href":"https:\/\/www.24baires.com\/index.php?rest_route=%2Fwp%2Fv2%2Fcomments&post=7872"}],"version-history":[{"count":2,"href":"https:\/\/www.24baires.com\/index.php?rest_route=\/wp\/v2\/posts\/7872\/revisions"}],"predecessor-version":[{"id":7874,"href":"https:\/\/www.24baires.com\/index.php?rest_route=\/wp\/v2\/posts\/7872\/revisions\/7874"}],"wp:attachment":[{"href":"https:\/\/www.24baires.com\/index.php?rest_route=%2Fwp%2Fv2%2Fmedia&parent=7872"}],"wp:term":[{"taxonomy":"category","embeddable":true,"href":"https:\/\/www.24baires.com\/index.php?rest_route=%2Fwp%2Fv2%2Fcategories&post=7872"},{"taxonomy":"post_tag","embeddable":true,"href":"https:\/\/www.24baires.com\/index.php?rest_route=%2Fwp%2Fv2%2Ftags&post=7872"}],"curies":[{"name":"wp","href":"https:\/\/api.w.org\/{rel}","templated":true}]}}