{"id":7851,"date":"2012-12-04T08:55:30","date_gmt":"2012-12-04T11:55:30","guid":{"rendered":"http:\/\/www.24baires.com\/?p=7851"},"modified":"2012-12-04T14:55:44","modified_gmt":"2012-12-04T17:55:44","slug":"una-cooperativa-mapuche-estara-al-frente-del-primer-canal-de-pueblos-originarios","status":"publish","type":"post","link":"https:\/\/www.24baires.com\/?p=7851","title":{"rendered":"Una cooperativa mapuche estar\u00e1 al frente del primer canal de pueblos originarios"},"content":{"rendered":"<p><img data-recalc-dims=\"1\" loading=\"lazy\" decoding=\"async\" class=\"aligncenter size-full wp-image-7852\" title=\"wall kintun tv\" src=\"https:\/\/i0.wp.com\/www.24baires.com\/wp-content\/uploads\/2012\/12\/wall-kintun-tv.jpg?resize=560%2C335\" alt=\"\" width=\"560\" height=\"335\" srcset=\"https:\/\/i0.wp.com\/www.24baires.com\/wp-content\/uploads\/2012\/12\/wall-kintun-tv.jpg?w=560&amp;ssl=1 560w, https:\/\/i0.wp.com\/www.24baires.com\/wp-content\/uploads\/2012\/12\/wall-kintun-tv.jpg?resize=300%2C179&amp;ssl=1 300w\" sizes=\"auto, (max-width: 560px) 100vw, 560px\" \/><\/p>\n<p>La Cooperativa de Servicios Audiovisuales Mapuche realiza los contenidos audiovisuales de Wall Kintun TV, primer canal de los Pueblos Originarios que saldr\u00e1 al aire el pr\u00f3ximo viernes 7. La productora Inal\u00e9n Antillancka anunci\u00f3 una programaci\u00f3n diversa que reafirme su identidad.<!--more--><br \/>\n\u201cNos conformamos para poder administrar nuestro primer canal de televisi\u00f3n con contenido audiovisual diverso, reafirmando la identidad mapuche. Queremos consolidarnos como una herramienta para construir una sociedad m\u00e1s justa, respetuosa\u201d, augur\u00f3 Inal\u00e9n Antillancka de la Cooperativa de Servicios Audiovisuales Mapuche que produce para Wall Kintun TV.<\/p>\n<p>El canal de televisi\u00f3n mapuche, que ser\u00e1 el primero que los Pueblos Originarios tengan luego de la sanci\u00f3n de la Ley de Servicios de Comunicaci\u00f3n Audiovisual (N\u00b0 26.522), ocupar\u00e1 el canal 8 y ser\u00e1 la segunda se\u00f1al de aire en la ciudad de Bariloche, compitiendo con Canal 6 del Grupo Clar\u00edn.<\/p>\n<p>Wall Kintun TV tendr\u00e1 pantalla el viernes 7 de diciembre, luego de tres meses de conformada la cooperativa que cuenta con 18 asociados dedicados a la comunicaci\u00f3n en la provincia de R\u00edo Negro.<\/p>\n<p>\u201cRealizaremos programas con contenido diverso, pero en principio habr\u00e1 uno de entrevistas, de m\u00fasica y un informativo semanal, tambi\u00e9n programas de Encuentro y estamos en gesti\u00f3n con Paka Paka. Adem\u00e1s, transmitiremos los noticieros de Canal 10 de General Roca\u201d, destac\u00f3 Antillancka, quien tambi\u00e9n es productora general de la cooperativa.<\/p>\n<p>Adem\u00e1s de recuperar la identidad originaria, el canal \u201cprocurar\u00e1 diversificar su programaci\u00f3n porque los Pueblos Originarios est\u00e1n atravesados por las mismas problem\u00e1ticas sociales, pol\u00edticas y econ\u00f3micas que el resto de la sociedad\u201d, se\u00f1al\u00f3 Antillancka.<\/p>\n","protected":false},"excerpt":{"rendered":"<p>La Cooperativa de Servicios Audiovisuales Mapuche realiza los contenidos audiovisuales de Wall Kintun TV, primer canal de los Pueblos Originarios que saldr\u00e1 al aire el pr\u00f3ximo viernes 7. La productora Inal\u00e9n Antillancka anunci\u00f3 una programaci\u00f3n diversa que reafirme su identidad.<\/p>\n","protected":false},"author":4,"featured_media":0,"comment_status":"open","ping_status":"open","sticky":false,"template":"","format":"standard","meta":{"_jetpack_newsletter_access":"","_jetpack_dont_email_post_to_subs":false,"_jetpack_newsletter_tier_id":0,"_jetpack_memberships_contains_paywalled_content":false,"_jetpack_memberships_contains_paid_content":false,"footnotes":""},"categories":[54],"tags":[],"class_list":["post-7851","post","type-post","status-publish","format-standard","hentry","category-medios"],"jetpack_featured_media_url":"","jetpack_shortlink":"https:\/\/wp.me\/p2JWE0-22D","jetpack-related-posts":[{"id":35064,"url":"https:\/\/www.24baires.com\/?p=35064","url_meta":{"origin":7851,"position":0},"title":"Con la Ley de Medios se crearon m\u00e1s de 100 mil puestos de trabajo","author":"GB","date":"12\/11\/2013","format":false,"excerpt":"As\u00ed lo destac\u00f3 hoy la AFSCA, de acuerdo a un balance difundido que tambi\u00e9n indica que se consigui\u00f3 que todas las empresas excedidas de los l\u00edmites establecidos en la legislaci\u00f3n presentaran sus planes de adecuaci\u00f3n. Por otra parte, se realizaron 1.132 reservas de frecuencias de radios para municipios y 36\u2026","rel":"","context":"En \u00abMedios\u00bb","block_context":{"text":"Medios","link":"https:\/\/www.24baires.com\/?cat=54"},"img":{"alt_text":"AFSCA REUNION DIRECTORIO","src":"https:\/\/i0.wp.com\/www.24baires.com\/wp-content\/uploads\/2013\/04\/AFSCA-REUNION-DIRECTORIO.jpg?resize=350%2C200","width":350,"height":200,"srcset":"https:\/\/i0.wp.com\/www.24baires.com\/wp-content\/uploads\/2013\/04\/AFSCA-REUNION-DIRECTORIO.jpg?resize=350%2C200 1x, https:\/\/i0.wp.com\/www.24baires.com\/wp-content\/uploads\/2013\/04\/AFSCA-REUNION-DIRECTORIO.jpg?resize=525%2C300 1.5x"},"classes":[]},{"id":6449,"url":"https:\/\/www.24baires.com\/?p=6449","url_meta":{"origin":7851,"position":1},"title":"Cristina encabeza la apertura del II Encuentro de Comunicaci\u00f3n Audiovisual","author":"Grupo Sierra","date":"22\/11\/2012","format":false,"excerpt":"MAR DEL PLATA - La presidenta Cristina Fern\u00e1ndez de Kirchner encabezar\u00e1 la apertura del Segundo Encuentro de Comunicaci\u00f3n Audiovisual este viernes a las 12 en un acto en el Sal\u00f3n de las Am\u00e9ricas del Hotel Provincial de Mar del Plata. La actividad ser\u00e1 el inicio de dos d\u00edas de debate\u2026","rel":"","context":"En \u00abMedios\u00bb","block_context":{"text":"Medios","link":"https:\/\/www.24baires.com\/?cat=54"},"img":{"alt_text":"","src":"https:\/\/i0.wp.com\/www.24baires.com\/wp-content\/uploads\/2012\/11\/cristina-eca.png?resize=350%2C200","width":350,"height":200,"srcset":"https:\/\/i0.wp.com\/www.24baires.com\/wp-content\/uploads\/2012\/11\/cristina-eca.png?resize=350%2C200 1x, https:\/\/i0.wp.com\/www.24baires.com\/wp-content\/uploads\/2012\/11\/cristina-eca.png?resize=525%2C300 1.5x"},"classes":[]},{"id":37537,"url":"https:\/\/www.24baires.com\/?p=37537","url_meta":{"origin":7851,"position":2},"title":"Afsca autoriz\u00f3 13 caneles de baja potencia y ya son 33","author":"GB","date":"27\/12\/2013","format":false,"excerpt":"La Autoridad Federal de Servicios de Comunicaci\u00f3n Audiovisual (Afsca) autoriz\u00f3 a 13 se\u00f1ales de televisi\u00f3n de baja potencia para trasmitir en forma anal\u00f3gica y ya suman 33 los canales de televisi\u00f3n comunitaria autorizadas por el organismo que preside Mart\u00edn Sabbatella. Se trata de los canales 12 de Saladillo, 4 de\u2026","rel":"","context":"En \u00abMedios\u00bb","block_context":{"text":"Medios","link":"https:\/\/www.24baires.com\/?cat=54"},"img":{"alt_text":"","src":"","width":0,"height":0},"classes":[]},{"id":103466,"url":"https:\/\/www.24baires.com\/?p=103466","url_meta":{"origin":7851,"position":3},"title":"Macri volvi\u00f3 a apuntar contra los mapuches","author":"AF","date":"20\/07\/2018","format":false,"excerpt":"\"Todos tenemos que vivir dentro de la ley\", dijo Macri al ser consultado en Bariloche por las protestas de la comunidad mapuche. Sobre la muerte de Rafael Nahuel se limit\u00f3 a responder que \u201cla Justicia es un poder independiente, que est\u00e1 investigando lo que pas\u00f3\" y no hizo menci\u00f3n a\u2026","rel":"","context":"En \u00abSociedad\u00bb","block_context":{"text":"Sociedad","link":"https:\/\/www.24baires.com\/?cat=1"},"img":{"alt_text":"","src":"https:\/\/i0.wp.com\/www.24baires.com\/wp-content\/uploads\/2016\/05\/macri-2.jpg?resize=350%2C200","width":350,"height":200,"srcset":"https:\/\/i0.wp.com\/www.24baires.com\/wp-content\/uploads\/2016\/05\/macri-2.jpg?resize=350%2C200 1x, https:\/\/i0.wp.com\/www.24baires.com\/wp-content\/uploads\/2016\/05\/macri-2.jpg?resize=525%2C300 1.5x"},"classes":[]},{"id":43863,"url":"https:\/\/www.24baires.com\/?p=43863","url_meta":{"origin":7851,"position":4},"title":"La Afsca volvi\u00f3 a desmentir art\u00edculos de La Naci\u00f3n","author":"GB","date":"14\/04\/2014","format":false,"excerpt":"La Autoridad Federal de Servicios de Comunicaci\u00f3n Audiovisual (Afsca) desminti\u00f3 dos art\u00edculos publicados esta ma\u00f1ana en el diario La Naci\u00f3n con las firmas de los periodistas Carlos Pagni y Jos\u00e9 Crettaz. El director de Imagen y Comunicaci\u00f3n de la Afsca, Fernando Torrillate, asegur\u00f3 que \"es falso\" lo se\u00f1alado en la\u2026","rel":"","context":"En \u00abMedios\u00bb","block_context":{"text":"Medios","link":"https:\/\/www.24baires.com\/?cat=54"},"img":{"alt_text":"AFSCA","src":"https:\/\/i0.wp.com\/www.24baires.com\/wp-content\/uploads\/2012\/11\/AFSCA.jpg?resize=350%2C200","width":350,"height":200},"classes":[]},{"id":53574,"url":"https:\/\/www.24baires.com\/?p=53574","url_meta":{"origin":7851,"position":5},"title":"Bonaerenses impulsan un nuevo diccionario de idioma mapuche","author":"GB","date":"13\/09\/2014","format":false,"excerpt":"La iniciativa se desarrolla en las localidades de Olavarria, Azul, Tandil, Los Toldos y Florencio Varela, a ra\u00edz de un proyecto avalado por la Universidad Nacional del Centro de la provincia de Buenos Aires. Una vez editado, permitir\u00e1 la organizaci\u00f3n de charlas en instituciones locales y regionales con objeto de\u2026","rel":"","context":"En \u00abSociedad\u00bb","block_context":{"text":"Sociedad","link":"https:\/\/www.24baires.com\/?cat=1"},"img":{"alt_text":"diccionario mapuche","src":"https:\/\/i0.wp.com\/www.24baires.com\/wp-content\/uploads\/2014\/09\/diccionario-mapuche.jpg?resize=350%2C200","width":350,"height":200,"srcset":"https:\/\/i0.wp.com\/www.24baires.com\/wp-content\/uploads\/2014\/09\/diccionario-mapuche.jpg?resize=350%2C200 1x, https:\/\/i0.wp.com\/www.24baires.com\/wp-content\/uploads\/2014\/09\/diccionario-mapuche.jpg?resize=525%2C300 1.5x"},"classes":[]}],"jetpack_sharing_enabled":true,"jetpack_likes_enabled":true,"_links":{"self":[{"href":"https:\/\/www.24baires.com\/index.php?rest_route=\/wp\/v2\/posts\/7851","targetHints":{"allow":["GET"]}}],"collection":[{"href":"https:\/\/www.24baires.com\/index.php?rest_route=\/wp\/v2\/posts"}],"about":[{"href":"https:\/\/www.24baires.com\/index.php?rest_route=\/wp\/v2\/types\/post"}],"author":[{"embeddable":true,"href":"https:\/\/www.24baires.com\/index.php?rest_route=\/wp\/v2\/users\/4"}],"replies":[{"embeddable":true,"href":"https:\/\/www.24baires.com\/index.php?rest_route=%2Fwp%2Fv2%2Fcomments&post=7851"}],"version-history":[{"count":3,"href":"https:\/\/www.24baires.com\/index.php?rest_route=\/wp\/v2\/posts\/7851\/revisions"}],"predecessor-version":[{"id":7854,"href":"https:\/\/www.24baires.com\/index.php?rest_route=\/wp\/v2\/posts\/7851\/revisions\/7854"}],"wp:attachment":[{"href":"https:\/\/www.24baires.com\/index.php?rest_route=%2Fwp%2Fv2%2Fmedia&parent=7851"}],"wp:term":[{"taxonomy":"category","embeddable":true,"href":"https:\/\/www.24baires.com\/index.php?rest_route=%2Fwp%2Fv2%2Fcategories&post=7851"},{"taxonomy":"post_tag","embeddable":true,"href":"https:\/\/www.24baires.com\/index.php?rest_route=%2Fwp%2Fv2%2Ftags&post=7851"}],"curies":[{"name":"wp","href":"https:\/\/api.w.org\/{rel}","templated":true}]}}