{"id":78412,"date":"2016-02-01T19:00:39","date_gmt":"2016-02-01T22:00:39","guid":{"rendered":"http:\/\/www.24baires.com\/?p=78412"},"modified":"2016-02-01T18:33:06","modified_gmt":"2016-02-01T21:33:06","slug":"febrero-caliente-despidos-y-paritarias-en-la-provincia","status":"publish","type":"post","link":"https:\/\/www.24baires.com\/?p=78412","title":{"rendered":"Febrero Caliente: Despidos y Paritarias en la Provincia"},"content":{"rendered":"<p><img data-recalc-dims=\"1\" loading=\"lazy\" decoding=\"async\" class=\"aligncenter size-full wp-image-78414\" src=\"https:\/\/i0.wp.com\/www.24baires.com\/wp-content\/uploads\/2016\/02\/bardel-vidal.jpg?resize=560%2C419\" alt=\"bardel vidal\" width=\"560\" height=\"419\" srcset=\"https:\/\/i0.wp.com\/www.24baires.com\/wp-content\/uploads\/2016\/02\/bardel-vidal.jpg?w=560&amp;ssl=1 560w, https:\/\/i0.wp.com\/www.24baires.com\/wp-content\/uploads\/2016\/02\/bardel-vidal.jpg?resize=300%2C224&amp;ssl=1 300w\" sizes=\"auto, (max-width: 560px) 100vw, 560px\" \/><\/p>\n<p>La falta de presupuesto o de aval para tomar deuda ya no puede ser excusa para la gobernaci\u00f3n. Seguramente en los pr\u00f3ximos d\u00edas se d\u00e9 curso al inicio de las negociaciones salariales en la Provincia. Algunos llamados a hacerlo ya est\u00e1n hechos.<!--more--><br \/>\nEs muy significativa la desvalorizaci\u00f3n de los salarios producida por la notable suba de precios resultante de la anunciada y consumada devaluaci\u00f3n de m\u00e1s del 40% que gest\u00f3 el gobierno macrista, y que vino a sumarse a la ya habitual tendencia inflacionaria. Es mucha la expectativa puesta en la paritaria pr\u00f3xima. En ella se juega una posible recuperaci\u00f3n del poder adquisitivo o que la fenomenal devaluaci\u00f3n resulte \u201ctriunfante\u201d como mecanismo de licuaci\u00f3n del salario.<br \/>\nSer\u00e1n negociaciones salariales signadas por un nuevo escenario y un nuevo gobierno de distinto signo pol\u00edtico, que -por si no se pudiera haber sabido de antes- en poco tiempo de gobierno ya mostr\u00f3 de qu\u00e9 va.<br \/>\nLa gesti\u00f3n Scioli estuvo atravesada por una marcada tensi\u00f3n con las organizaciones gremiales, signada por reivindicaciones salariales que clamaban por recomposiciones salariales acordes con la inflaci\u00f3n o incrementos que m\u00e1s que en actualizaciones redunden en mejoras significativas de los salarios reales acompa\u00f1adas de demandas vinculadas a la precariedad laboral, irregularidades o \u201cfalencias\u201d vinculadas a un insuficiente financiamiento en distintas \u00e1reas. La generalidad fue la de incrementos salariales que se arrimaban a empardar el incremento de precios. Al no empatarlo llevaron a\u00f1o a a\u00f1o a una apreciable p\u00e9rdida de poder adquisitivo para muchos asalariados provinciales. Desde ya, esto con situaciones variables seg\u00fan distintos grupos de trabajadores. Lo que s\u00ed prim\u00f3 fue la estabilidad laboral; no fue una gesti\u00f3n que conociera de reducciones de empleo p\u00fablico sino m\u00e1s bien de una expansi\u00f3n del mismo en sinton\u00eda con Naci\u00f3n y los Municipios en general. Eso s\u00ed, la estabilidad fue estabilidad en los hechos, que no se encontr\u00f3 garantizada en las formas contractuales de muchos de los trabajadores.<br \/>\nEl escenario actual es bien distinto. Asistimos a un escenario de despidos masivos en el Estado nacional y en muchos municipios, y del cual no escapa la Provincia. Hoy la cuesti\u00f3n de preservar el empleo emerge como eje central de la tensi\u00f3n entre las organizaciones gremiales y la Gobernaci\u00f3n, quedando \u2013aunque no guste decirlo- a la par de las reivindicaciones salariales.<br \/>\nSi al empleo privado lo genera ante todo la demanda interna y ayuda a preservarlo la legislaci\u00f3n laboral y las formas contractuales, el empleo p\u00fablico se halla vinculado a los recursos de los que se hace el Estado y a concepciones sobre todo ideol\u00f3gicas vinculadas al alcance del Estado. Hay quienes dicen: a los despidos de hoy los facilit\u00f3 la precarizaci\u00f3n de ayer. Si en el sector privado la pr\u00e9dica de menguar en las reivindicaciones salariales para preservar el empleo es en la mayor parte de los casos un chantaje que hace pie en la falacia de mostrar s\u00f3lo una parte del proceso econ\u00f3mico, en el sector p\u00fablico la amenaza de \u201ccedan en reivindicaciones salariales para preservar empleo\u201d tiene otra fuerza, pues el empleo p\u00fablico responde a otra l\u00f3gica.<br \/>\nLa provincia despide, discontin\u00faa contrataciones. En principio lo hace con su llamado a los jefes de personal de cada dependencia del Estado a reducir los planteles, que ya cumplen con la tarea.<br \/>\nCabe preguntarse cu\u00e1les son los alcances del Estado que puede poner en cuesti\u00f3n la nueva gobernaci\u00f3n amenazando con p\u00e9rdida de empleos. T\u00e9ngase bien presente la magnitud del empleo provincial. En empleo y salario aqu\u00ed hay mucho en juego.<br \/>\nLos distintos gremios que componen frente gremial docente, la CICOP, la Asociaci\u00f3n de Judiciales Bonaerenses y ATE ya han puesto sobre la mesa sus reivindicaciones salariales. Lo hacen, pidiendo aumentos del orden del 35 al 45% y viendo todos -al menos en un principio por lo que expresan- como inaceptables, ofertas inferiores al 30%.<br \/>\nLa CICOP pide un 40% de aumento como m\u00ednimo. ATE reclama un 44%, y advierte sobre las numerosas renovaciones de contratos por tan s\u00f3lo 3 meses y los posibles futuros despidos y clama por la \u2013por cierto muy dif\u00edcil- reincorporaci\u00f3n de los ya despedidos o cesanteados. Baradell habla de un piso del 35%, FEB clama por celeridad y una discusi\u00f3n paritaria abierta durante todo el a\u00f1o.<br \/>\nDesde Naci\u00f3n busca fijarse una pauta del 25%, manifestada por el ministro Bullrich a la cabeza en los prontos aumentos a docentes de algunas provincias y con las expresiones del Ministro de Trabajo, Jorge Triaca, vinculando esa pauta a las metas inflacionarias del gobierno.<br \/>\nDesde los gremios no tardaron en responder: \u201cSi buscan bajar la inflaci\u00f3n a costa del salario el conflicto est\u00e1 garantizado\u201d.<br \/>\nLa paritaria docente es el principal escenario de negociaci\u00f3n al que se asiste. Ella comprende a muchas personas. Son aproximadamente 300.000 los docentes bonaerenses. Y pone en juego m\u00e1s cosas que el salario de los docentes. Acaso la posibilidad de poder iniciar el ciclo lectivo en tiempo y forma de acuerdo a lo decidido, haciendo de eso un hecho positivo y una buena \u201cpantalla\u201d para el gobierno provincial, una \u201cbuena carta de presentaci\u00f3n\u201d. Cosa que dud\u00f3 que logren si perseveran en ese n\u00famero. Adem\u00e1s ser\u00e1 una importante pauta para el resto.<br \/>\nDesde gobernaci\u00f3n los dichos fueron que no hay peor aumento que aquel con el que no se puede cumplir y que quieren pagar el mejor salario docente que les sea posible porque la educaci\u00f3n para ellos es prioridad.<br \/>\nVeremos que nos depara esta semana y seguiremos de cerca el escenario del empleo y de las negociaciones salariales bonaerenses.<\/p>\n","protected":false},"excerpt":{"rendered":"<p>La falta de presupuesto o de aval para tomar deuda ya no puede ser excusa para la gobernaci\u00f3n. Seguramente en los pr\u00f3ximos d\u00edas se d\u00e9 curso al inicio de las negociaciones salariales en la Provincia. Algunos llamados a hacerlo ya est\u00e1n hechos.<\/p>\n","protected":false},"author":11,"featured_media":0,"comment_status":"open","ping_status":"open","sticky":false,"template":"","format":"standard","meta":{"_jetpack_newsletter_access":"","_jetpack_dont_email_post_to_subs":false,"_jetpack_newsletter_tier_id":0,"_jetpack_memberships_contains_paywalled_content":false,"_jetpack_memberships_contains_paid_content":false,"footnotes":""},"categories":[64],"tags":[],"class_list":["post-78412","post","type-post","status-publish","format-standard","hentry","category-opinion"],"jetpack_featured_media_url":"","jetpack_shortlink":"https:\/\/wp.me\/p2JWE0-koI","jetpack-related-posts":[{"id":104749,"url":"https:\/\/www.24baires.com\/?p=104749","url_meta":{"origin":78412,"position":0},"title":"Docentes buscan \u00abmediaci\u00f3n\u00bb ante la \u00abfalta de respuestas\u00bb de Vidal","author":"GB","date":"03\/10\/2018","format":false,"excerpt":"Se reunir\u00e1n con la Pastoral Social y con legisladores provinciales para construir \"canales de di\u00e1logo\" con el Gobierno. Los docentes bonaerenses se reunir\u00e1n con representantes de la Iglesia y con legisladores provinciales en busca de una \"mediaci\u00f3n\" que \"construya canales de di\u00e1logo\" frente a la \"falta de respuestas\" de Mar\u00eda\u2026","rel":"","context":"En \u00abProvincia\u00bb","block_context":{"text":"Provincia","link":"https:\/\/www.24baires.com\/?cat=40"},"img":{"alt_text":"","src":"https:\/\/i0.wp.com\/www.24baires.com\/wp-content\/uploads\/2018\/02\/docentes.jpg?resize=350%2C200","width":350,"height":200,"srcset":"https:\/\/i0.wp.com\/www.24baires.com\/wp-content\/uploads\/2018\/02\/docentes.jpg?resize=350%2C200 1x, https:\/\/i0.wp.com\/www.24baires.com\/wp-content\/uploads\/2018\/02\/docentes.jpg?resize=525%2C300 1.5x"},"classes":[]},{"id":120840,"url":"https:\/\/www.24baires.com\/?p=120840","url_meta":{"origin":78412,"position":1},"title":"Gremios bonaerenses insisten con el llamado \u00aburgente\u00bb a paritarias","author":"GB","date":"05\/01\/2024","format":false,"excerpt":"En medio del cimbronazo pol\u00edtico que produjo la llegada de Milei al poder, la provincia de Buenos Aires dej\u00f3 inconclusas las negociaciones paritarias del 2023. La dirigencia pol\u00edtica de la provincia de Buenos Aires tuvo un diciembre de adaptaci\u00f3n. La llegada de Javier Milei al poder cambi\u00f3 todos los planes\u2026","rel":"","context":"En \u00abProvincia\u00bb","block_context":{"text":"Provincia","link":"https:\/\/www.24baires.com\/?cat=40"},"img":{"alt_text":"","src":"https:\/\/i0.wp.com\/www.24baires.com\/wp-content\/uploads\/2023\/07\/paritarias.jpeg?resize=350%2C200","width":350,"height":200,"srcset":"https:\/\/i0.wp.com\/www.24baires.com\/wp-content\/uploads\/2023\/07\/paritarias.jpeg?resize=350%2C200 1x, https:\/\/i0.wp.com\/www.24baires.com\/wp-content\/uploads\/2023\/07\/paritarias.jpeg?resize=525%2C300 1.5x, https:\/\/i0.wp.com\/www.24baires.com\/wp-content\/uploads\/2023\/07\/paritarias.jpeg?resize=700%2C400 2x"},"classes":[]},{"id":122897,"url":"https:\/\/www.24baires.com\/?p=122897","url_meta":{"origin":78412,"position":2},"title":"ATE propone subir el impuesto al campo para lograr un aumento salarial","author":"GB","date":"24\/02\/2026","format":false,"excerpt":"El gremio pidi\u00f3 reabrir paritarias y plante\u00f3 incrementar la carga impositiva al sector agropecuario y a grandes contribuyentes para recomponer los salarios estatales. La Asociaci\u00f3n Trabajadores del Estado (ATE) propuso al gobierno de la provincia de Buenos Aires financiar un aumento para los empleados estatales mediante un incremento del impuesto\u2026","rel":"","context":"En \u00abProvincia\u00bb","block_context":{"text":"Provincia","link":"https:\/\/www.24baires.com\/?cat=40"},"img":{"alt_text":"","src":"https:\/\/i0.wp.com\/www.24baires.com\/wp-content\/uploads\/2024\/04\/ate-paro.webp?resize=350%2C200","width":350,"height":200,"srcset":"https:\/\/i0.wp.com\/www.24baires.com\/wp-content\/uploads\/2024\/04\/ate-paro.webp?resize=350%2C200 1x, https:\/\/i0.wp.com\/www.24baires.com\/wp-content\/uploads\/2024\/04\/ate-paro.webp?resize=525%2C300 1.5x, https:\/\/i0.wp.com\/www.24baires.com\/wp-content\/uploads\/2024\/04\/ate-paro.webp?resize=700%2C400 2x"},"classes":[]},{"id":107015,"url":"https:\/\/www.24baires.com\/?p=107015","url_meta":{"origin":78412,"position":3},"title":"Docentes rechazaron la nueva propuesta salarial de Vidal","author":"AF","date":"27\/02\/2019","format":false,"excerpt":"El gobierno de Mar\u00eda Eugenia Vidal propuso una recomposici\u00f3n salarial que empate la inflaci\u00f3n m\u00e1s un 5% a cobrar en enero de 2020. Nada ofreci\u00f3 sin embargo como recomposici\u00f3n por los casi 16 puntos de poder adquisitivo perdidos el a\u00f1o pasado. El Gobierno bonaerense ofreci\u00f3 este mi\u00e9rcoles a los sindicatos\u2026","rel":"","context":"En \u00abSociedad\u00bb","block_context":{"text":"Sociedad","link":"https:\/\/www.24baires.com\/?cat=1"},"img":{"alt_text":"","src":"https:\/\/i0.wp.com\/www.24baires.com\/wp-content\/uploads\/2018\/10\/baradel.jpg?resize=350%2C200","width":350,"height":200,"srcset":"https:\/\/i0.wp.com\/www.24baires.com\/wp-content\/uploads\/2018\/10\/baradel.jpg?resize=350%2C200 1x, https:\/\/i0.wp.com\/www.24baires.com\/wp-content\/uploads\/2018\/10\/baradel.jpg?resize=525%2C300 1.5x"},"classes":[]},{"id":113684,"url":"https:\/\/www.24baires.com\/?p=113684","url_meta":{"origin":78412,"position":4},"title":"Cicop pidi\u00f3 paritarias libres y que los aumentos salariales \u201csean coherentes con la inflaci\u00f3n\u201d","author":"GB","date":"06\/01\/2020","format":false,"excerpt":"El gremio que nuclea a m\u00e9dicos y profesionales de la salud bonaerenses insisti\u00f3 con el pedido de reuni\u00f3n al gobierno de Axel Kicillof. La Asociaci\u00f3n Sindical de Profesionales de la Salud de la provincia de Buenos Aires (Cicop) realiz\u00f3 un an\u00e1lisis de la situaci\u00f3n nacional y bonaerense en torno a\u2026","rel":"","context":"En \u00abProvincia\u00bb","block_context":{"text":"Provincia","link":"https:\/\/www.24baires.com\/?cat=40"},"img":{"alt_text":"","src":"https:\/\/i0.wp.com\/www.24baires.com\/wp-content\/uploads\/2019\/04\/cicop-salud.jpg?resize=350%2C200","width":350,"height":200,"srcset":"https:\/\/i0.wp.com\/www.24baires.com\/wp-content\/uploads\/2019\/04\/cicop-salud.jpg?resize=350%2C200 1x, https:\/\/i0.wp.com\/www.24baires.com\/wp-content\/uploads\/2019\/04\/cicop-salud.jpg?resize=525%2C300 1.5x"},"classes":[]},{"id":122879,"url":"https:\/\/www.24baires.com\/?p=122879","url_meta":{"origin":78412,"position":5},"title":"Los gremios bonaerenses rechazaron la oferta salarial de la Provincia en paritarias","author":"GB","date":"13\/02\/2026","format":false,"excerpt":"Los sindicatos estatales consideraron insuficiente el aumento propuesto por el Gobierno provincial y reclamaron mejoras salariales y avances en demandas laborales pendientes. Los gremios estatales bonaerenses rechazaron la propuesta de aumento salarial presentada por el Gobierno de la provincia de Buenos Aires en el marco de las negociaciones paritarias correspondientes\u2026","rel":"","context":"En \u00abProvincia\u00bb","block_context":{"text":"Provincia","link":"https:\/\/www.24baires.com\/?cat=40"},"img":{"alt_text":"","src":"https:\/\/i0.wp.com\/www.24baires.com\/wp-content\/uploads\/2024\/03\/paritarias-estatales.webp?resize=350%2C200","width":350,"height":200,"srcset":"https:\/\/i0.wp.com\/www.24baires.com\/wp-content\/uploads\/2024\/03\/paritarias-estatales.webp?resize=350%2C200 1x, https:\/\/i0.wp.com\/www.24baires.com\/wp-content\/uploads\/2024\/03\/paritarias-estatales.webp?resize=525%2C300 1.5x, https:\/\/i0.wp.com\/www.24baires.com\/wp-content\/uploads\/2024\/03\/paritarias-estatales.webp?resize=700%2C400 2x"},"classes":[]}],"jetpack_sharing_enabled":true,"jetpack_likes_enabled":true,"_links":{"self":[{"href":"https:\/\/www.24baires.com\/index.php?rest_route=\/wp\/v2\/posts\/78412","targetHints":{"allow":["GET"]}}],"collection":[{"href":"https:\/\/www.24baires.com\/index.php?rest_route=\/wp\/v2\/posts"}],"about":[{"href":"https:\/\/www.24baires.com\/index.php?rest_route=\/wp\/v2\/types\/post"}],"author":[{"embeddable":true,"href":"https:\/\/www.24baires.com\/index.php?rest_route=\/wp\/v2\/users\/11"}],"replies":[{"embeddable":true,"href":"https:\/\/www.24baires.com\/index.php?rest_route=%2Fwp%2Fv2%2Fcomments&post=78412"}],"version-history":[{"count":1,"href":"https:\/\/www.24baires.com\/index.php?rest_route=\/wp\/v2\/posts\/78412\/revisions"}],"predecessor-version":[{"id":78415,"href":"https:\/\/www.24baires.com\/index.php?rest_route=\/wp\/v2\/posts\/78412\/revisions\/78415"}],"wp:attachment":[{"href":"https:\/\/www.24baires.com\/index.php?rest_route=%2Fwp%2Fv2%2Fmedia&parent=78412"}],"wp:term":[{"taxonomy":"category","embeddable":true,"href":"https:\/\/www.24baires.com\/index.php?rest_route=%2Fwp%2Fv2%2Fcategories&post=78412"},{"taxonomy":"post_tag","embeddable":true,"href":"https:\/\/www.24baires.com\/index.php?rest_route=%2Fwp%2Fv2%2Ftags&post=78412"}],"curies":[{"name":"wp","href":"https:\/\/api.w.org\/{rel}","templated":true}]}}