{"id":7836,"date":"2012-12-04T11:32:48","date_gmt":"2012-12-04T14:32:48","guid":{"rendered":"http:\/\/www.24baires.com\/?p=7836"},"modified":"2012-12-04T11:32:48","modified_gmt":"2012-12-04T14:32:48","slug":"de-lucia-ratifico-que-apelaran-al-fallo-que-establece-no-descontar-los-dias-de-paro","status":"publish","type":"post","link":"https:\/\/www.24baires.com\/?p=7836","title":{"rendered":"De Luc\u00eda ratific\u00f3 que apelar\u00e1n al fallo que establece no descontar los d\u00edas de paro"},"content":{"rendered":"<p>El gobierno bonaerense apelar\u00e1 el fallo que proh\u00edbe descontar d\u00edas de paro a docentes, seg\u00fan confirm\u00f3 este martes la directora general de Cultura y Educaci\u00f3n, Nora de Luc\u00eda.<!--more--><br \/>\n\u00abTenemos la obligaci\u00f3n de descontar porque hay una resoluci\u00f3n del a\u00f1o 2009 que dice que, si bien reconocemos el derecho a huelga, cuando no hay contraprestaci\u00f3n de servicios no hay retribuci\u00f3n salarial\u00bb, dijo De Luc\u00eda.<br \/>\nLa funcionaria provincial explic\u00f3 que cuando sean notificados de la resoluci\u00f3n judicial emitida por el juez Luis Arias, \u00abvamos a apelar a trav\u00e9s de la Fiscal\u00eda de Estado\u00bb y \u00abharemos lo que la Justicia nos demande\u00bb.<br \/>\n\u00abNosotros somos un gobierno muy respetuoso de las instituciones y de la justicia\u00bb, remarc\u00f3 De Luc\u00eda, quien aclar\u00f3 que \u00abnosotros manejamos fondos p\u00fablicos con responsabilidad y una normativa que es conjunta en todos los ministerios, y justamente esta normativa se\u00f1ala que los d\u00edas no trabajados no se pagan\u00bb.<br \/>\nLa titular de Educaci\u00f3n dijo que \u00aba partir del 2009, todas las dependencias del Poder Ejecutivo han realizado estos descuentos\u00bb y agreg\u00f3 que \u00absiempre que se ha apelado, los fallos fueron favorables para la provincia\u00bb.<br \/>\nEl pasado lunes, el juez en lo contencioso-administrativo de La Plata orden\u00f3 al Poder Ejecutivo provincial que se abstenga de realizar cualquier tipo de descuento en los salarios de los maestros bonaerenses que adhirieron a paros realizados por los gremios docentes en octubre y noviembre.<br \/>\nLa medida la dispuso Arias al hacer lugar a una medida Cautelar Anticipada presentada por la Federaci\u00f3n de Educadores Bonaerenses (FEB)y el Sindicato Unico de Trabajadores de la Educaci\u00f3n (SUTEBA).<\/p>\n","protected":false},"excerpt":{"rendered":"<p>El gobierno bonaerense apelar\u00e1 el fallo que proh\u00edbe descontar d\u00edas de paro a docentes, seg\u00fan confirm\u00f3 este martes la directora general de Cultura y Educaci\u00f3n, Nora de Luc\u00eda.<\/p>\n","protected":false},"author":4,"featured_media":0,"comment_status":"open","ping_status":"open","sticky":false,"template":"","format":"standard","meta":{"_jetpack_newsletter_access":"","_jetpack_dont_email_post_to_subs":false,"_jetpack_newsletter_tier_id":0,"_jetpack_memberships_contains_paywalled_content":false,"_jetpack_memberships_contains_paid_content":false,"footnotes":""},"categories":[1],"tags":[],"class_list":["post-7836","post","type-post","status-publish","format-standard","hentry","category-sociedad"],"jetpack_featured_media_url":"","jetpack_shortlink":"https:\/\/wp.me\/p2JWE0-22o","jetpack-related-posts":[{"id":92590,"url":"https:\/\/www.24baires.com\/?p=92590","url_meta":{"origin":7836,"position":0},"title":"La Justicia autoriza a descontar a los docentes el d\u00eda de paro","author":"AF","date":"22\/02\/2017","format":false,"excerpt":"La C\u00e1mara de Apelaciones en lo Contencioso Administrativo autoriz\u00f3 al gobierno de la provincia de Buenos Aires a descontar los d\u00edas de paro a los docentes al revocar una resoluci\u00f3n del juez Luis Arias que prohib\u00eda implementar esa medida. Con la firma de los jueces Juan De Santis, Claudia Milanta\u2026","rel":"","context":"En \u00abSociedad\u00bb","block_context":{"text":"Sociedad","link":"https:\/\/www.24baires.com\/?cat=1"},"img":{"alt_text":"","src":"https:\/\/i0.wp.com\/www.24baires.com\/wp-content\/uploads\/2015\/04\/marcha-docentes.jpg?resize=350%2C200","width":350,"height":200,"srcset":"https:\/\/i0.wp.com\/www.24baires.com\/wp-content\/uploads\/2015\/04\/marcha-docentes.jpg?resize=350%2C200 1x, https:\/\/i0.wp.com\/www.24baires.com\/wp-content\/uploads\/2015\/04\/marcha-docentes.jpg?resize=525%2C300 1.5x"},"classes":[]},{"id":6762,"url":"https:\/\/www.24baires.com\/?p=6762","url_meta":{"origin":7836,"position":1},"title":"Cuartango confirm\u00f3 que descontar\u00e1n los d\u00edas de paro a los docentes y se tensa el conflicto","author":"Grupo Sierra","date":"25\/11\/2012","format":false,"excerpt":"El ministro de Trabajo cuestion\u00f3 este domingo a los maestros por haber llevado a cabo dos huelgas de 48 horas \u201ca pocos d\u00edas de terminar las clases\" y dijo que es \"una pol\u00edtica de Estado descontar los d\u00edas que no se trabaja\". El Frente Gremial se prepara para apelar ante\u2026","rel":"","context":"En \u00abProvincia\u00bb","block_context":{"text":"Provincia","link":"https:\/\/www.24baires.com\/?cat=40"},"img":{"alt_text":"","src":"https:\/\/i0.wp.com\/www.24baires.com\/wp-content\/uploads\/2012\/11\/cuartagno-ministro.jpg?resize=350%2C200","width":350,"height":200,"srcset":"https:\/\/i0.wp.com\/www.24baires.com\/wp-content\/uploads\/2012\/11\/cuartagno-ministro.jpg?resize=350%2C200 1x, https:\/\/i0.wp.com\/www.24baires.com\/wp-content\/uploads\/2012\/11\/cuartagno-ministro.jpg?resize=525%2C300 1.5x"},"classes":[]},{"id":94434,"url":"https:\/\/www.24baires.com\/?p=94434","url_meta":{"origin":7836,"position":2},"title":"Docentes anuncian marchas y acciones gremiales que no incluir\u00e1n paros activos","author":"AF","date":"11\/05\/2017","format":false,"excerpt":"Los gremios docentes definieron continuar con la realizaci\u00f3n de acciones de protesta sin paros activos para reclamar al Gobierno bonaerense por el cumplimiento de un fallo judicial que lo obliga a devolver el monto de los d\u00edas de paro descontados. En ese contexto, los seis sindicatos docentes que integran el\u2026","rel":"","context":"En \u00abSociedad\u00bb","block_context":{"text":"Sociedad","link":"https:\/\/www.24baires.com\/?cat=1"},"img":{"alt_text":"","src":"https:\/\/i0.wp.com\/www.24baires.com\/wp-content\/uploads\/2014\/05\/escuela03.jpg?resize=350%2C200","width":350,"height":200,"srcset":"https:\/\/i0.wp.com\/www.24baires.com\/wp-content\/uploads\/2014\/05\/escuela03.jpg?resize=350%2C200 1x, https:\/\/i0.wp.com\/www.24baires.com\/wp-content\/uploads\/2014\/05\/escuela03.jpg?resize=525%2C300 1.5x"},"classes":[]},{"id":94130,"url":"https:\/\/www.24baires.com\/?p=94130","url_meta":{"origin":7836,"position":3},"title":"Vidal convoc\u00f3 a docentes a una nueva reuni\u00f3n paritaria para el pr\u00f3ximo martes","author":"AF","date":"27\/04\/2017","format":false,"excerpt":"La gobernadora bonaerense destac\u00f3 que van a \u201cpersistir en el di\u00e1logo hasta ponernos de acuerdo para poder acordar la mejor paritaria que la provincia pueda pagar\u201d. Adem\u00e1s, adelant\u00f3 que van a apelar el fallo que ordena reintegrarles a los docentes el dinero descontado por los d\u00edas de paro. La gobernadora\u2026","rel":"","context":"En \u00abLocales\u00bb","block_context":{"text":"Locales","link":"https:\/\/www.24baires.com\/?cat=38"},"img":{"alt_text":"","src":"https:\/\/i0.wp.com\/www.24baires.com\/wp-content\/uploads\/2016\/06\/vidal-1.jpg?resize=350%2C200","width":350,"height":200,"srcset":"https:\/\/i0.wp.com\/www.24baires.com\/wp-content\/uploads\/2016\/06\/vidal-1.jpg?resize=350%2C200 1x, https:\/\/i0.wp.com\/www.24baires.com\/wp-content\/uploads\/2016\/06\/vidal-1.jpg?resize=525%2C300 1.5x"},"classes":[]},{"id":42897,"url":"https:\/\/www.24baires.com\/?p=42897","url_meta":{"origin":7836,"position":4},"title":"Los docentes apelar\u00e1n el fallo pero concurrir\u00e1n a la audiencia del martes","author":"GB","date":"27\/03\/2014","format":false,"excerpt":"SUTEBA Y FEB decidieron apelar la medida cautelar dispuesta por el juzgado Civil y Comercial 2 de la ciudad de La Plata, que orden\u00f3 a los gremios retornar a las aulas y dejar sin efecto el paro que realizan. A pesar de ello, los gremios decicideron asistir a la audiencia\u2026","rel":"","context":"En \u00abSociedad\u00bb","block_context":{"text":"Sociedad","link":"https:\/\/www.24baires.com\/?cat=1"},"img":{"alt_text":"paritarias","src":"https:\/\/i0.wp.com\/www.24baires.com\/wp-content\/uploads\/2014\/03\/paritarias-300x178.jpg?resize=350%2C200","width":350,"height":200},"classes":[]},{"id":94346,"url":"https:\/\/www.24baires.com\/?p=94346","url_meta":{"origin":7836,"position":5},"title":"Baradel anticipa medidas de \u00abacci\u00f3n directa\u00bb si no reintegran d\u00edas de paro descontados","author":"AF","date":"08\/05\/2017","format":false,"excerpt":"El titular del Sindicato Unificado de Trabajadores de la Educaci\u00f3n de Buenos Aires (Suteba) adelant\u00f3 que si el gobierno bonaerense \"incumple otra vez con el fallo de la Justicia\" que ordena no descontar los d\u00edas de paro docente \"este gremio realizar\u00e1 medidas de acci\u00f3n directa\". El titular de Suteba, Roberto\u2026","rel":"","context":"En \u00abSociedad\u00bb","block_context":{"text":"Sociedad","link":"https:\/\/www.24baires.com\/?cat=1"},"img":{"alt_text":"","src":"https:\/\/i0.wp.com\/www.24baires.com\/wp-content\/uploads\/2012\/12\/baradel-declaraciones.jpg?resize=350%2C200","width":350,"height":200,"srcset":"https:\/\/i0.wp.com\/www.24baires.com\/wp-content\/uploads\/2012\/12\/baradel-declaraciones.jpg?resize=350%2C200 1x, https:\/\/i0.wp.com\/www.24baires.com\/wp-content\/uploads\/2012\/12\/baradel-declaraciones.jpg?resize=525%2C300 1.5x"},"classes":[]}],"jetpack_sharing_enabled":true,"jetpack_likes_enabled":true,"_links":{"self":[{"href":"https:\/\/www.24baires.com\/index.php?rest_route=\/wp\/v2\/posts\/7836","targetHints":{"allow":["GET"]}}],"collection":[{"href":"https:\/\/www.24baires.com\/index.php?rest_route=\/wp\/v2\/posts"}],"about":[{"href":"https:\/\/www.24baires.com\/index.php?rest_route=\/wp\/v2\/types\/post"}],"author":[{"embeddable":true,"href":"https:\/\/www.24baires.com\/index.php?rest_route=\/wp\/v2\/users\/4"}],"replies":[{"embeddable":true,"href":"https:\/\/www.24baires.com\/index.php?rest_route=%2Fwp%2Fv2%2Fcomments&post=7836"}],"version-history":[{"count":2,"href":"https:\/\/www.24baires.com\/index.php?rest_route=\/wp\/v2\/posts\/7836\/revisions"}],"predecessor-version":[{"id":7838,"href":"https:\/\/www.24baires.com\/index.php?rest_route=\/wp\/v2\/posts\/7836\/revisions\/7838"}],"wp:attachment":[{"href":"https:\/\/www.24baires.com\/index.php?rest_route=%2Fwp%2Fv2%2Fmedia&parent=7836"}],"wp:term":[{"taxonomy":"category","embeddable":true,"href":"https:\/\/www.24baires.com\/index.php?rest_route=%2Fwp%2Fv2%2Fcategories&post=7836"},{"taxonomy":"post_tag","embeddable":true,"href":"https:\/\/www.24baires.com\/index.php?rest_route=%2Fwp%2Fv2%2Ftags&post=7836"}],"curies":[{"name":"wp","href":"https:\/\/api.w.org\/{rel}","templated":true}]}}