{"id":7829,"date":"2012-12-04T11:18:00","date_gmt":"2012-12-04T14:18:00","guid":{"rendered":"http:\/\/www.24baires.com\/?p=7829"},"modified":"2012-12-04T12:38:52","modified_gmt":"2012-12-04T15:38:52","slug":"facebook-comprara-whatsapp","status":"publish","type":"post","link":"https:\/\/www.24baires.com\/?p=7829","title":{"rendered":"\u00bfFacebook comprar\u00e1 WhatsApp?"},"content":{"rendered":"<p><img data-recalc-dims=\"1\" loading=\"lazy\" decoding=\"async\" class=\"alignleft  wp-image-7830\" title=\"whatsapp\" src=\"https:\/\/i0.wp.com\/www.24baires.com\/wp-content\/uploads\/2012\/12\/whatsapp.jpg?resize=230%2C230\" alt=\"\" width=\"230\" height=\"230\" srcset=\"https:\/\/i0.wp.com\/www.24baires.com\/wp-content\/uploads\/2012\/12\/whatsapp.jpg?w=288&amp;ssl=1 288w, https:\/\/i0.wp.com\/www.24baires.com\/wp-content\/uploads\/2012\/12\/whatsapp.jpg?resize=150%2C150&amp;ssl=1 150w\" sizes=\"auto, (max-width: 230px) 100vw, 230px\" \/>El portal de tecnolog\u00eda TechCrunch informa que la multiplataforma de mensajer\u00eda instant\u00e1nea, WhatsApp y Facebook, la red social creada por Marck Zuckerberg, podr\u00edan estar en conversaciones de cara a una posible integraci\u00f3n.<!--more--><\/p>\n<p>No es la primera vez que se escuchan este tipo de rumores y especulaciones sobre que Facebook podr\u00eda extender sus garras a una de las aplicaciones m\u00e1s exitosas en el mercado, pues las ansias de Zuckerberg de Facebook la plataforma reina, tambi\u00e9n en el \u00e1mbito de la telefon\u00eda m\u00f3vil, podr\u00edan hacer que la red social se decidiera a pujar fuerte por WhatsApp.<\/p>\n<p>Lo cierto es que la informaci\u00f3n de TechCrunch debe tomarse con pinzas aunque este acuerdo fuera beneficioso para ambas plataformas. Lo cierto es que Zuckerberg ya asegur\u00f3 durante una entrevista con la publicaci\u00f3n \u00abBusinessWeek\u00bb que la telefon\u00eda m\u00f3vil supone en en estos momentos uno de los quebraderos de cabeza de Facebook.<\/p>\n<p><strong>Barreras a la adquisici\u00f3n<\/strong><br \/>\nSin embargo, hay ciertas barreras que, por el momento, podr\u00edan interponerse en el idilio entre Facebook y WhatsApp como, por ejemplo, la publicidad de la que Zuckerberg hace gala y que es definida por Jan Koum, co-fundador de WhatsApp, como un \u00abinsulto a la inteligencia\u00bb. \u00bfEstar\u00e1 WhatsApp dispuesta a renunciar a sus principios e incluir publicidad en su plataforma a cambio de un buen acuerdo?<\/p>\n<p>Tal y como cuenta TechCrunch, otra de las barreras a este posible acuerdo se encuentrar\u00eda en el hecho de que los creadores de WhatsApp, Jan Koum y Brian Acton, han trabajado mano a mano en Yahoo, otra compa\u00f1\u00eda que ya ha mostrado su inter\u00e9s en la plataforma de mensajer\u00eda, lo que inclinar\u00eda la balanza en contra del gigante creado por Zuckerberg.<\/p>\n<p>Varios fallos de seguridad, as\u00ed como los nuevos y potentes rivales que ya le han surgido a la plataforma de mensajer\u00eda podr\u00edan estar pr\u00f3ximos a poner en peligro la hegemon\u00eda de WhatsApp. La asi\u00e1tica Line es ya una de las fuertes competidoras que ha empezado a asomar la cabeza. Habr\u00e1 que esperar si la reacci\u00f3n de WhatsApp pasa por un acuerdo de compra.<\/p>\n","protected":false},"excerpt":{"rendered":"<p>El portal de tecnolog\u00eda TechCrunch informa que la multiplataforma de mensajer\u00eda instant\u00e1nea, WhatsApp y Facebook, la red social creada por Marck Zuckerberg, podr\u00edan estar en conversaciones de cara a una posible integraci\u00f3n.<\/p>\n","protected":false},"author":4,"featured_media":0,"comment_status":"open","ping_status":"open","sticky":false,"template":"","format":"standard","meta":{"_jetpack_newsletter_access":"","_jetpack_dont_email_post_to_subs":false,"_jetpack_newsletter_tier_id":0,"_jetpack_memberships_contains_paywalled_content":false,"_jetpack_memberships_contains_paid_content":false,"footnotes":""},"categories":[46],"tags":[],"class_list":["post-7829","post","type-post","status-publish","format-standard","hentry","category-tecnologia"],"jetpack_featured_media_url":"","jetpack_shortlink":"https:\/\/wp.me\/p2JWE0-22h","jetpack-related-posts":[{"id":40762,"url":"https:\/\/www.24baires.com\/?p=40762","url_meta":{"origin":7829,"position":0},"title":"Facebook realiz\u00f3 la jugada del a\u00f1o y compr\u00f3 WhatsApp","author":"Grupo Sierra","date":"20\/02\/2014","format":false,"excerpt":"La red social anunci\u00f3 hoy la adquisici\u00f3n de la aplicaci\u00f3n de mensajer\u00eda instant\u00e1nea por una cifra multimillonaria. Facebook anunci\u00f3 hoy la compra de la aplicaci\u00f3n de mensajer\u00eda instant\u00e1nea WhatsApp por 16.000 millones de d\u00f3lares, mont\u00f3 que se cancelar\u00e1 una parte en efectivo y otra en t\u00edtulos de la compa\u00f1\u00eda presidida\u2026","rel":"","context":"En \u00abTecnolog\u00eda\u00bb","block_context":{"text":"Tecnolog\u00eda","link":"https:\/\/www.24baires.com\/?cat=46"},"img":{"alt_text":"facebook","src":"https:\/\/i0.wp.com\/www.24baires.com\/wp-content\/uploads\/2014\/02\/facebook.jpg?resize=350%2C200","width":350,"height":200,"srcset":"https:\/\/i0.wp.com\/www.24baires.com\/wp-content\/uploads\/2014\/02\/facebook.jpg?resize=350%2C200 1x, https:\/\/i0.wp.com\/www.24baires.com\/wp-content\/uploads\/2014\/02\/facebook.jpg?resize=525%2C300 1.5x"},"classes":[]},{"id":50820,"url":"https:\/\/www.24baires.com\/?p=50820","url_meta":{"origin":7829,"position":1},"title":"Facebook ahora obliga a sus usuarios a descargar su aplicaci\u00f3n Messenger","author":"GB","date":"30\/07\/2014","format":false,"excerpt":"Para algunos m\u00f3viles no es posible revisar los mensajes de Facebook desde la aplicaci\u00f3n general. Ahora la red social exige una app independiente para hacerlo. Facebook Messenger es una aplicaci\u00f3n gratuita que sustituye la funci\u00f3n de mensajes privados, que hasta ahora funcionaban dentro de la plataforma general de la red\u2026","rel":"","context":"En \u00abTecnolog\u00eda\u00bb","block_context":{"text":"Tecnolog\u00eda","link":"https:\/\/www.24baires.com\/?cat=46"},"img":{"alt_text":"facebook mesenger","src":"https:\/\/i0.wp.com\/www.24baires.com\/wp-content\/uploads\/2014\/07\/facebook-mesenger.jpg?resize=350%2C200","width":350,"height":200},"classes":[]},{"id":21895,"url":"https:\/\/www.24baires.com\/?p=21895","url_meta":{"origin":7829,"position":2},"title":"Nokia lanz\u00f3 un tel\u00e9fono de bajo costo orientado a las redes sociales","author":"AF","date":"25\/04\/2013","format":false,"excerpt":"El Asha 210 contar\u00e1 con un bot\u00f3n para acceder a Facebook en Europa y Am\u00e9rica latina, mientras que en As\u00eda, Pac\u00edfico y \u00c1frica tendr\u00e1 uno para ingresar a WhatsApp. Un bot\u00f3n para conectarse a las redes sociales o para mandar mensajes directamente parece ser lo que buscan los usuarios, de\u2026","rel":"","context":"En \u00abTecnolog\u00eda\u00bb","block_context":{"text":"Tecnolog\u00eda","link":"https:\/\/www.24baires.com\/?cat=46"},"img":{"alt_text":"asha 210","src":"https:\/\/i0.wp.com\/www.24baires.com\/wp-content\/uploads\/2013\/04\/asha-210.jpg?resize=350%2C200","width":350,"height":200,"srcset":"https:\/\/i0.wp.com\/www.24baires.com\/wp-content\/uploads\/2013\/04\/asha-210.jpg?resize=350%2C200 1x, https:\/\/i0.wp.com\/www.24baires.com\/wp-content\/uploads\/2013\/04\/asha-210.jpg?resize=525%2C300 1.5x"},"classes":[]},{"id":43920,"url":"https:\/\/www.24baires.com\/?p=43920","url_meta":{"origin":7829,"position":3},"title":"Multiuso: con Facebook se podr\u00e1n hacer transferencias de dinero entre usuarios","author":"GB","date":"15\/04\/2014","format":false,"excerpt":"La red social creada por Mark Zuckerberg est\u00e1 en tratativas con el banco central de Irlanda para poder implementar esta caracter\u00edstica. Facebook est\u00e1 en todos lados. Empez\u00f3 como una manera de conectarse con personas que estaban lejos y, poco a poco, fue meti\u00e9ndose en cada aspecto de la vida cotidiana\u2026","rel":"","context":"En \u00abTecnolog\u00eda\u00bb","block_context":{"text":"Tecnolog\u00eda","link":"https:\/\/www.24baires.com\/?cat=46"},"img":{"alt_text":"facebook","src":"https:\/\/i0.wp.com\/www.24baires.com\/wp-content\/uploads\/2014\/04\/facebook.jpg?resize=350%2C200","width":350,"height":200,"srcset":"https:\/\/i0.wp.com\/www.24baires.com\/wp-content\/uploads\/2014\/04\/facebook.jpg?resize=350%2C200 1x, https:\/\/i0.wp.com\/www.24baires.com\/wp-content\/uploads\/2014\/04\/facebook.jpg?resize=525%2C300 1.5x"},"classes":[]},{"id":26789,"url":"https:\/\/www.24baires.com\/?p=26789","url_meta":{"origin":7829,"position":4},"title":"Facebook trabaja para convertirse en centro de noticias m\u00f3viles con una nueva app","author":"AF","date":"24\/06\/2013","format":false,"excerpt":"Facebook sigue esforz\u00e1ndose por convertirse en el centro de contenidos m\u00f3viles de sus usuarios, y con una base de usuarios activos que ya super\u00f3 los 1.100 millones, a la compa\u00f1\u00eda de Mark Zuckerberg no le ha sido sencillo querer imponer nuevas propuestas. Fuera de la propia app de Facebook, o\u2026","rel":"","context":"En \u00abTecnolog\u00eda\u00bb","block_context":{"text":"Tecnolog\u00eda","link":"https:\/\/www.24baires.com\/?cat=46"},"img":{"alt_text":"facebook","src":"https:\/\/i0.wp.com\/www.24baires.com\/wp-content\/uploads\/2013\/01\/facebook-300x187.jpg?resize=350%2C200","width":350,"height":200},"classes":[]},{"id":41023,"url":"https:\/\/www.24baires.com\/?p=41023","url_meta":{"origin":7829,"position":5},"title":"WhatsApp tendr\u00e1 llamadas de voz","author":"GB","date":"24\/02\/2014","format":false,"excerpt":"Lo anunci\u00f3 el creador de la compa\u00f1\u00eda, Jan Koum, quien asegur\u00f3 que la aplicaci\u00f3n no cambiar\u00e1 sus pol\u00edticas de privacidad, pese a su incorporaci\u00f3n a la popular red social. El fundador de WhatsApp fue uno de los encargados de abrir el Mobile World Congress que se realiza en Barcelona. \"Hola,\u2026","rel":"","context":"En \u00abTecnolog\u00eda\u00bb","block_context":{"text":"Tecnolog\u00eda","link":"https:\/\/www.24baires.com\/?cat=46"},"img":{"alt_text":"creadorde whats","src":"https:\/\/i0.wp.com\/www.24baires.com\/wp-content\/uploads\/2014\/02\/creadorde-whats.jpg?resize=350%2C200","width":350,"height":200,"srcset":"https:\/\/i0.wp.com\/www.24baires.com\/wp-content\/uploads\/2014\/02\/creadorde-whats.jpg?resize=350%2C200 1x, https:\/\/i0.wp.com\/www.24baires.com\/wp-content\/uploads\/2014\/02\/creadorde-whats.jpg?resize=525%2C300 1.5x"},"classes":[]}],"jetpack_sharing_enabled":true,"jetpack_likes_enabled":true,"_links":{"self":[{"href":"https:\/\/www.24baires.com\/index.php?rest_route=\/wp\/v2\/posts\/7829","targetHints":{"allow":["GET"]}}],"collection":[{"href":"https:\/\/www.24baires.com\/index.php?rest_route=\/wp\/v2\/posts"}],"about":[{"href":"https:\/\/www.24baires.com\/index.php?rest_route=\/wp\/v2\/types\/post"}],"author":[{"embeddable":true,"href":"https:\/\/www.24baires.com\/index.php?rest_route=\/wp\/v2\/users\/4"}],"replies":[{"embeddable":true,"href":"https:\/\/www.24baires.com\/index.php?rest_route=%2Fwp%2Fv2%2Fcomments&post=7829"}],"version-history":[{"count":3,"href":"https:\/\/www.24baires.com\/index.php?rest_route=\/wp\/v2\/posts\/7829\/revisions"}],"predecessor-version":[{"id":7846,"href":"https:\/\/www.24baires.com\/index.php?rest_route=\/wp\/v2\/posts\/7829\/revisions\/7846"}],"wp:attachment":[{"href":"https:\/\/www.24baires.com\/index.php?rest_route=%2Fwp%2Fv2%2Fmedia&parent=7829"}],"wp:term":[{"taxonomy":"category","embeddable":true,"href":"https:\/\/www.24baires.com\/index.php?rest_route=%2Fwp%2Fv2%2Fcategories&post=7829"},{"taxonomy":"post_tag","embeddable":true,"href":"https:\/\/www.24baires.com\/index.php?rest_route=%2Fwp%2Fv2%2Ftags&post=7829"}],"curies":[{"name":"wp","href":"https:\/\/api.w.org\/{rel}","templated":true}]}}