{"id":7819,"date":"2012-12-04T10:44:22","date_gmt":"2012-12-04T13:44:22","guid":{"rendered":"http:\/\/www.24baires.com\/?p=7819"},"modified":"2012-12-04T10:44:22","modified_gmt":"2012-12-04T13:44:22","slug":"la-provincia-trabaja-en-ameghino-tras-el-tornado","status":"publish","type":"post","link":"https:\/\/www.24baires.com\/?p=7819","title":{"rendered":"La Provincia trabaja en Ameghino tras el tornado"},"content":{"rendered":"<p>El Consejo Provincial de Emergencia act\u00faa desde la madrugada de este martes para reparar los da\u00f1os y destrozos que provoc\u00f3 una tormenta con fuertes r\u00e1fagas de viento.<!--more--><br \/>\nEl Consejo Provincial de Emergencias act\u00faa desde la madrugada para restablecer la normalidad en el municipio de Ameghino, donde se sufrieron distintos da\u00f1os y destrozos a causa de una fuerte tormenta que se desat\u00f3 en las \u00faltimas horas de ayer.<\/p>\n<p>Su coordinador, Luciano Timerman, inform\u00f3 que \u201cestamos trabajando desde las 12 de la noche con el intendente y el ministro Ferr\u00e9 que ha puesto todo a disposici\u00f3n para que la situaci\u00f3n vuelva a la normalidad lo m\u00e1s r\u00e1pido posible\u201d.<\/p>\n<p>\u201cEstamos trabajando para solucionar los problemas, hay techos volados, \u00e1rboles ca\u00eddos, cables de tensi\u00f3n y estamos tratando de recomponer el servicio el\u00e9ctrico\u201d, consign\u00f3 el funcionario, al tiempo que destac\u00f3 que afortunadamente \u201cno hay v\u00edctimas fatales ni heridos\u201d.<\/p>\n","protected":false},"excerpt":{"rendered":"<p>El Consejo Provincial de Emergencia act\u00faa desde la madrugada de este martes para reparar los da\u00f1os y destrozos que provoc\u00f3 una tormenta con fuertes r\u00e1fagas de viento.<\/p>\n","protected":false},"author":4,"featured_media":0,"comment_status":"open","ping_status":"open","sticky":false,"template":"","format":"standard","meta":{"_jetpack_newsletter_access":"","_jetpack_dont_email_post_to_subs":false,"_jetpack_newsletter_tier_id":0,"_jetpack_memberships_contains_paywalled_content":false,"_jetpack_memberships_contains_paid_content":false,"footnotes":""},"categories":[38],"tags":[],"class_list":["post-7819","post","type-post","status-publish","format-standard","hentry","category-locales"],"jetpack_featured_media_url":"","jetpack_shortlink":"https:\/\/wp.me\/p2JWE0-227","jetpack-related-posts":[{"id":101748,"url":"https:\/\/www.24baires.com\/?p=101748","url_meta":{"origin":7819,"position":0},"title":"Un fuerte temporal provoc\u00f3 destrozos en varios distritos bonaerenses","author":"GB","date":"23\/04\/2018","format":false,"excerpt":"Varios distritos del norte bonaerense fueron castigados durante esta tarde por un fuerte temporal de viento y lluvia que origin\u00f3 voladuras de techos e inconvenientes en el servicio de energ\u00eda el\u00e9ctrica, entre otras cuestiones. Una de las ciudades m\u00e1s afectadas fue Carlos Casares, donde se registraron fuertes da\u00f1os materiales en\u2026","rel":"","context":"En \u00abMunicipios\u00bb","block_context":{"text":"Municipios","link":"https:\/\/www.24baires.com\/?cat=44"},"img":{"alt_text":"","src":"https:\/\/i0.wp.com\/www.24baires.com\/wp-content\/uploads\/2018\/04\/temporal-bs-300x200.jpg?resize=350%2C200","width":350,"height":200},"classes":[]},{"id":117964,"url":"https:\/\/www.24baires.com\/?p=117964","url_meta":{"origin":7819,"position":1},"title":"Temporal en Saladillo: La Municipalidad se declar\u00f3 en emergencia","author":"GB","date":"09\/08\/2021","format":false,"excerpt":"Un fuerte temporal con granizo azot\u00f3 a la localidad causando da\u00f1os en las viviendas y el municipio expres\u00f3 estar atravesando \"una de las situaciones m\u00e1s dif\u00edciles\". Una fuerte tormenta azot\u00f3 a la localidad de Saladillo durante el domingo, causando destrozos en plantas, roturas en las l\u00edneas de distribuci\u00f3n del servicio\u2026","rel":"","context":"En \u00abProvincia\u00bb","block_context":{"text":"Provincia","link":"https:\/\/www.24baires.com\/?cat=40"},"img":{"alt_text":"","src":"https:\/\/i0.wp.com\/www.24baires.com\/wp-content\/uploads\/2021\/08\/temporal-saladillo.jpg?resize=350%2C200","width":350,"height":200,"srcset":"https:\/\/i0.wp.com\/www.24baires.com\/wp-content\/uploads\/2021\/08\/temporal-saladillo.jpg?resize=350%2C200 1x, https:\/\/i0.wp.com\/www.24baires.com\/wp-content\/uploads\/2021\/08\/temporal-saladillo.jpg?resize=525%2C300 1.5x"},"classes":[]},{"id":7670,"url":"https:\/\/www.24baires.com\/?p=7670","url_meta":{"origin":7819,"position":2},"title":"Tornado en Ameghino: viviendas destrozadas y un centenar de evacuados","author":"AF","date":"03\/12\/2012","format":false,"excerpt":"Un tornado destruy\u00f3 viviendas, galpones y tres hangares de un aeroclub, vol\u00f3 l\u00edneas de alta tensi\u00f3n y provoc\u00f3 la evacuaci\u00f3n de un centenar de personas en el partido de Florentino Ameghino. El intendente de ese distrito, Francisco Yribarren, dijo que \"en Ameghino tenemos un centenar de personas entre evacuadas y\u2026","rel":"","context":"En \u00abLocales\u00bb","block_context":{"text":"Locales","link":"https:\/\/www.24baires.com\/?cat=38"},"img":{"alt_text":"","src":"","width":0,"height":0},"classes":[]},{"id":106553,"url":"https:\/\/www.24baires.com\/?p=106553","url_meta":{"origin":7819,"position":3},"title":"Varios distritos bonaerenses sufrieron fuertes tormentas","author":"AF","date":"25\/01\/2019","format":false,"excerpt":"Un fuerte temporal de lluvia, viento y actividad el\u00e9ctrica castig\u00f3 este viernes a varios distritos bonaerenses, sobre todo en el norte y noroeste, donde en algunas localidades cayeron por encima de los 100 mil\u00edmetros (mm) en pocas horas. Calles anegadas, voladura de techos y rutas cortadas, fueron el saldo de\u2026","rel":"","context":"En \u00abProvincia\u00bb","block_context":{"text":"Provincia","link":"https:\/\/www.24baires.com\/?cat=40"},"img":{"alt_text":"","src":"https:\/\/i0.wp.com\/www.24baires.com\/wp-content\/uploads\/2017\/10\/campo-inundado.jpg?resize=350%2C200","width":350,"height":200,"srcset":"https:\/\/i0.wp.com\/www.24baires.com\/wp-content\/uploads\/2017\/10\/campo-inundado.jpg?resize=350%2C200 1x, https:\/\/i0.wp.com\/www.24baires.com\/wp-content\/uploads\/2017\/10\/campo-inundado.jpg?resize=525%2C300 1.5x"},"classes":[]},{"id":122686,"url":"https:\/\/www.24baires.com\/?p=122686","url_meta":{"origin":7819,"position":4},"title":"Provincia y el municipio de Bol\u00edvar desplegaron un operativo de emergencia tras el fuerte temporal","author":"GB","date":"05\/11\/2025","format":false,"excerpt":"La tormenta golpe\u00f3 con dureza y dej\u00f3 la ciudad en condiciones cr\u00edticas. Desde temprano, el gobierno bonaerense y el municipio articulan la asistencia para atender los da\u00f1os y acompa\u00f1ar a las familias. La localidad de Bol\u00edvar se vi\u00f3 afectada por un temporal que dej\u00f3 a la ciudad en graves condiciones.\u2026","rel":"","context":"En \u00abProvincia\u00bb","block_context":{"text":"Provincia","link":"https:\/\/www.24baires.com\/?cat=40"},"img":{"alt_text":"","src":"https:\/\/i0.wp.com\/www.24baires.com\/wp-content\/uploads\/2025\/11\/bolivar-ayuda.webp?resize=350%2C200","width":350,"height":200,"srcset":"https:\/\/i0.wp.com\/www.24baires.com\/wp-content\/uploads\/2025\/11\/bolivar-ayuda.webp?resize=350%2C200 1x, https:\/\/i0.wp.com\/www.24baires.com\/wp-content\/uploads\/2025\/11\/bolivar-ayuda.webp?resize=525%2C300 1.5x, https:\/\/i0.wp.com\/www.24baires.com\/wp-content\/uploads\/2025\/11\/bolivar-ayuda.webp?resize=700%2C400 2x"},"classes":[]},{"id":92166,"url":"https:\/\/www.24baires.com\/?p=92166","url_meta":{"origin":7819,"position":5},"title":"Una tromba marina hizo destrozos en la costa de Pinamar","author":"AF","date":"06\/02\/2017","format":false,"excerpt":"Una gran tormenta se abati\u00f3 sobre el Municipio de la Costa con fuertes lluvias y vientos de m\u00e1s de 100 kil\u00f3metros por hora. Hubo destrozos en balnearios, ca\u00edda de \u00e1rboles y voladura de tejas. Una fuerte tormenta se abati\u00f3 desde la madrugada del domingo sobre el municipio de Pinamar y\u2026","rel":"","context":"En \u00abLocales\u00bb","block_context":{"text":"Locales","link":"https:\/\/www.24baires.com\/?cat=38"},"img":{"alt_text":"","src":"https:\/\/i0.wp.com\/www.24baires.com\/wp-content\/uploads\/2017\/02\/pinamar-tromba.jpg?resize=350%2C200","width":350,"height":200,"srcset":"https:\/\/i0.wp.com\/www.24baires.com\/wp-content\/uploads\/2017\/02\/pinamar-tromba.jpg?resize=350%2C200 1x, https:\/\/i0.wp.com\/www.24baires.com\/wp-content\/uploads\/2017\/02\/pinamar-tromba.jpg?resize=525%2C300 1.5x"},"classes":[]}],"jetpack_sharing_enabled":true,"jetpack_likes_enabled":true,"_links":{"self":[{"href":"https:\/\/www.24baires.com\/index.php?rest_route=\/wp\/v2\/posts\/7819","targetHints":{"allow":["GET"]}}],"collection":[{"href":"https:\/\/www.24baires.com\/index.php?rest_route=\/wp\/v2\/posts"}],"about":[{"href":"https:\/\/www.24baires.com\/index.php?rest_route=\/wp\/v2\/types\/post"}],"author":[{"embeddable":true,"href":"https:\/\/www.24baires.com\/index.php?rest_route=\/wp\/v2\/users\/4"}],"replies":[{"embeddable":true,"href":"https:\/\/www.24baires.com\/index.php?rest_route=%2Fwp%2Fv2%2Fcomments&post=7819"}],"version-history":[{"count":1,"href":"https:\/\/www.24baires.com\/index.php?rest_route=\/wp\/v2\/posts\/7819\/revisions"}],"predecessor-version":[{"id":7820,"href":"https:\/\/www.24baires.com\/index.php?rest_route=\/wp\/v2\/posts\/7819\/revisions\/7820"}],"wp:attachment":[{"href":"https:\/\/www.24baires.com\/index.php?rest_route=%2Fwp%2Fv2%2Fmedia&parent=7819"}],"wp:term":[{"taxonomy":"category","embeddable":true,"href":"https:\/\/www.24baires.com\/index.php?rest_route=%2Fwp%2Fv2%2Fcategories&post=7819"},{"taxonomy":"post_tag","embeddable":true,"href":"https:\/\/www.24baires.com\/index.php?rest_route=%2Fwp%2Fv2%2Ftags&post=7819"}],"curies":[{"name":"wp","href":"https:\/\/api.w.org\/{rel}","templated":true}]}}