{"id":7818,"date":"2012-12-04T09:10:57","date_gmt":"2012-12-04T12:10:57","guid":{"rendered":"http:\/\/www.24baires.com\/?p=7818"},"modified":"2012-12-04T11:02:00","modified_gmt":"2012-12-04T14:02:00","slug":"jineteada-tragica-en-rauch-murio-joven-de-24-anos-mientras-montaba-su-caballo","status":"publish","type":"post","link":"https:\/\/www.24baires.com\/?p=7818","title":{"rendered":"Jineteada tr\u00e1gica en Rauch: muri\u00f3 joven de 24 a\u00f1os mientras montaba su caballo"},"content":{"rendered":"<p><img data-recalc-dims=\"1\" loading=\"lazy\" decoding=\"async\" class=\"alignleft size-full wp-image-7821\" title=\"jineteada\" src=\"https:\/\/i0.wp.com\/www.24baires.com\/wp-content\/uploads\/2012\/12\/jineteada.jpg?resize=395%2C336\" alt=\"\" width=\"395\" height=\"336\" srcset=\"https:\/\/i0.wp.com\/www.24baires.com\/wp-content\/uploads\/2012\/12\/jineteada.jpg?w=395&amp;ssl=1 395w, https:\/\/i0.wp.com\/www.24baires.com\/wp-content\/uploads\/2012\/12\/jineteada.jpg?resize=300%2C255&amp;ssl=1 300w\" sizes=\"auto, (max-width: 395px) 100vw, 395px\" \/>Se trata del jinete Claudio Flores, puestero de estancia \u00abEl 9\u00bb, que\u00a0participaba como jinete en un espect\u00e1culo de doma en la ciudad de <strong>Rauch<\/strong>. El caballo que le toc\u00f3 montar lo despidi\u00f3 y los golpes recibidos motivaron su traslado al hospital de esa ciudad donde minutos despu\u00e9s falleci\u00f3.\u00a0<!--more--><\/p>\n<p>Se realiz\u00f3 en la jornada del domingo la Fiesta de \u00abLa Vieja Estancia\u00bb organizado por \u00abLa Vieja Estancia\u00bb y la Fundaci\u00f3n \u00abSan Francisco\u00bb a beneficio de la Escuela Agropecuaria \u00abEustoquio D\u00edaz V\u00e9lez\u00bb.<\/p>\n<p>Por e y el l buen clima y el fin ben\u00e9fico de la Fiesta Criolla, la jornada tuvo una concurrencia muy importante, llegando p\u00fablico y jinetes de toda la zona.<\/p>\n<p>El evento se desarroll\u00f3 con total normalidad, pero a primera hora de la tarde comenzaron a sucederse los accidentes, siendo el m\u00e1s grave el de un jinete de Gral. Alvear, quien cay\u00f3 de su caballo y fue golpeado por el mismo en la zona craneal.<\/p>\n<p>Fue trasladado de inmediato al Hospital Municipal donde se comprob\u00f3 que hab\u00eda sufrido fractura m\u00faltiple en el cr\u00e1neo.<\/p>\n<p>El joven, de 24 a\u00f1os de edad, estuvo dos horas con respirador artificial, pero dej\u00f3 de existir aproximadamente a las 17 hs. del domingo.<\/p>\n<p>Otro jinete, proveniente de Las Flores, sufri\u00f3 otro accidente importante cuando se aprestaba a partir de su palo y el caballo sali\u00f3 despedido llev\u00e1ndolo arrastrado del estribo, pero tras recibir las atenciones y estudios necesarios en el Hospital Municipal, fue dado de alta.<\/p>\n","protected":false},"excerpt":{"rendered":"<p>Se trata del jinete Claudio Flores, puestero de estancia \u00abEl 9\u00bb, que\u00a0participaba como jinete en un espect\u00e1culo de doma en la ciudad de Rauch. El caballo que le toc\u00f3 montar lo despidi\u00f3 y los golpes recibidos motivaron su traslado al hospital de esa ciudad donde minutos despu\u00e9s falleci\u00f3.\u00a0<\/p>\n","protected":false},"author":4,"featured_media":0,"comment_status":"open","ping_status":"open","sticky":false,"template":"","format":"standard","meta":{"_jetpack_newsletter_access":"","_jetpack_dont_email_post_to_subs":false,"_jetpack_newsletter_tier_id":0,"_jetpack_memberships_contains_paywalled_content":false,"_jetpack_memberships_contains_paid_content":false,"footnotes":""},"categories":[1],"tags":[],"class_list":["post-7818","post","type-post","status-publish","format-standard","hentry","category-sociedad"],"jetpack_featured_media_url":"","jetpack_shortlink":"https:\/\/wp.me\/p2JWE0-226","jetpack-related-posts":[{"id":32222,"url":"https:\/\/www.24baires.com\/?p=32222","url_meta":{"origin":7818,"position":0},"title":"Ya comenz\u00f3 la Peregrinaci\u00f3n Gaucha a Luj\u00e1n","author":"AF","date":"21\/09\/2013","format":false,"excerpt":"De cara a la pr\u00f3xima convocatoria tradicionalista, el martes pasado cinco gauchos a caballos partieron de Tandil, en tanto que ayer hicieron lo propio 15 jinetes desde Olavarr\u00eda. Por su parte, el Municipio inici\u00f3 un trabajo conjunto con el Senasa y las fuerzas de seguridad para garantizar controles a las\u2026","rel":"","context":"En \u00abSociedad\u00bb","block_context":{"text":"Sociedad","link":"https:\/\/www.24baires.com\/?cat=1"},"img":{"alt_text":"","src":"","width":0,"height":0},"classes":[]},{"id":33049,"url":"https:\/\/www.24baires.com\/?p=33049","url_meta":{"origin":7818,"position":1},"title":"Presentaron en Bragado la 42\u00aa edici\u00f3n de la Fiesta Provincial del Caballo","author":"AF","date":"05\/10\/2013","format":false,"excerpt":"El evento tendr\u00e1 lugar entre el 9 y el 13 de octubre, con numerosas atracciones relacionadas con la tradici\u00f3n de los pueblos. El gran desfile con la participaci\u00f3n de unos 2 mil jinetes y el impactante asado criollo ser\u00e1n los platos fuertes. El cierre estar\u00e1 a cargo de Los Carabajal.\u2026","rel":"","context":"En \u00abLocales\u00bb","block_context":{"text":"Locales","link":"https:\/\/www.24baires.com\/?cat=38"},"img":{"alt_text":"","src":"","width":0,"height":0},"classes":[]},{"id":7436,"url":"https:\/\/www.24baires.com\/?p=7436","url_meta":{"origin":7818,"position":2},"title":"Olavarr\u00eda se prepara para realizar el Festival de Doma y Folklore","author":"AF","date":"01\/12\/2012","format":false,"excerpt":"En este 2012, a\u00f1o en el que se festejan las diez ediciones de esta Fiesta Nacional, la organizaci\u00f3n est\u00e1 trabajando para renovar las presentaciones de los artistas y la Gran Jineteada, a fin de seguir brindando calidad en sus espect\u00e1culos. La d\u00e9cima edici\u00f3n se llevar\u00e1 a cabo desde el 5\u2026","rel":"","context":"En \u00abLocales\u00bb","block_context":{"text":"Locales","link":"https:\/\/www.24baires.com\/?cat=38"},"img":{"alt_text":"","src":"https:\/\/i0.wp.com\/www.24baires.com\/wp-content\/uploads\/2012\/12\/la-sole-300x199.jpg?resize=350%2C200","width":350,"height":200},"classes":[]},{"id":5967,"url":"https:\/\/www.24baires.com\/?p=5967","url_meta":{"origin":7818,"position":3},"title":"Se viene la fiesta criolla de la liga rauchense de f\u00fatbol","author":"AF","date":"19\/11\/2012","format":false,"excerpt":"Como viene ocurriendo desde hace m\u00e1s de 10 a\u00f1os, la Liga Rauchense de F\u00fatbol realizar\u00e1 su Fiesta Criolla de fin de a\u00f1o. Pero a diferencia de otras oportunidades, en esta ocasi\u00f3n se realizar\u00e1 en dos d\u00edas y el escenario de las destrezas criollas ser\u00e1 el Parque Municipal \"Juan Silva\", mientras\u2026","rel":"","context":"En \u00abLocales\u00bb","block_context":{"text":"Locales","link":"https:\/\/www.24baires.com\/?cat=38"},"img":{"alt_text":"","src":"https:\/\/i0.wp.com\/www.24baires.com\/wp-content\/uploads\/2012\/11\/caballo-300x198.jpg?resize=350%2C200","width":350,"height":200},"classes":[]},{"id":38404,"url":"https:\/\/www.24baires.com\/?p=38404","url_meta":{"origin":7818,"position":4},"title":"Falleci\u00f3 una yegua en Jes\u00fas Mar\u00eda y piden terminar con las jineteadas","author":"Grupo Sierra","date":"13\/01\/2014","format":false,"excerpt":"La abogada Andrea Heredia de Olazabal indic\u00f3 que present\u00f3 un amparo ante la Justicia para que no se realicen este tipo de espect\u00e1culos ya que \"legitiman la crueldad\" En la primera noche del Festival de Jes\u00fas Mar\u00eda en C\u00f3rdoba, falleci\u00f3 nuevamente una yegua en medio de la jineteada y esto\u2026","rel":"","context":"En \u00abSociedad\u00bb","block_context":{"text":"Sociedad","link":"https:\/\/www.24baires.com\/?cat=1"},"img":{"alt_text":"","src":"","width":0,"height":0},"classes":[]},{"id":5108,"url":"https:\/\/www.24baires.com\/?p=5108","url_meta":{"origin":7818,"position":5},"title":"Muri\u00f3 un jinete mientras intentaba domar su caballo","author":"AF","date":"12\/11\/2012","format":false,"excerpt":"Fue durante los festejos en conmemoraci\u00f3n del 99\u00ba aniversario de la localidad de Stroeder, que finalizaron de la peor manera. El tradicional evento tuvo que suspenderse, ayer domingo por al tarde, debido a un fatal accidente en el que el jinete Juan Mart\u00edn Re\u00f1ones perdi\u00f3 la vida. El joven de\u2026","rel":"","context":"En \u00abPoliciales\u00bb","block_context":{"text":"Policiales","link":"https:\/\/www.24baires.com\/?cat=49"},"img":{"alt_text":"","src":"https:\/\/i0.wp.com\/www.24baires.com\/wp-content\/uploads\/2012\/11\/jinete-300x219.jpg?resize=350%2C200","width":350,"height":200},"classes":[]}],"jetpack_sharing_enabled":true,"jetpack_likes_enabled":true,"_links":{"self":[{"href":"https:\/\/www.24baires.com\/index.php?rest_route=\/wp\/v2\/posts\/7818","targetHints":{"allow":["GET"]}}],"collection":[{"href":"https:\/\/www.24baires.com\/index.php?rest_route=\/wp\/v2\/posts"}],"about":[{"href":"https:\/\/www.24baires.com\/index.php?rest_route=\/wp\/v2\/types\/post"}],"author":[{"embeddable":true,"href":"https:\/\/www.24baires.com\/index.php?rest_route=\/wp\/v2\/users\/4"}],"replies":[{"embeddable":true,"href":"https:\/\/www.24baires.com\/index.php?rest_route=%2Fwp%2Fv2%2Fcomments&post=7818"}],"version-history":[{"count":2,"href":"https:\/\/www.24baires.com\/index.php?rest_route=\/wp\/v2\/posts\/7818\/revisions"}],"predecessor-version":[{"id":7823,"href":"https:\/\/www.24baires.com\/index.php?rest_route=\/wp\/v2\/posts\/7818\/revisions\/7823"}],"wp:attachment":[{"href":"https:\/\/www.24baires.com\/index.php?rest_route=%2Fwp%2Fv2%2Fmedia&parent=7818"}],"wp:term":[{"taxonomy":"category","embeddable":true,"href":"https:\/\/www.24baires.com\/index.php?rest_route=%2Fwp%2Fv2%2Fcategories&post=7818"},{"taxonomy":"post_tag","embeddable":true,"href":"https:\/\/www.24baires.com\/index.php?rest_route=%2Fwp%2Fv2%2Ftags&post=7818"}],"curies":[{"name":"wp","href":"https:\/\/api.w.org\/{rel}","templated":true}]}}