{"id":7815,"date":"2012-12-04T10:40:36","date_gmt":"2012-12-04T13:40:36","guid":{"rendered":"http:\/\/www.24baires.com\/?p=7815"},"modified":"2012-12-04T10:40:36","modified_gmt":"2012-12-04T13:40:36","slug":"autonomistas-de-quequen-advierten-sin-autonomia-no-hay-verano","status":"publish","type":"post","link":"https:\/\/www.24baires.com\/?p=7815","title":{"rendered":"Autonomistas de Quequ\u00e9n advierten: \u201csin autonom\u00eda no hay verano\u201d"},"content":{"rendered":"<p><img data-recalc-dims=\"1\" loading=\"lazy\" decoding=\"async\" class=\"aligncenter size-full wp-image-6384\" title=\"autonomistas quequ\u00e9n\" src=\"https:\/\/i0.wp.com\/www.24baires.com\/wp-content\/uploads\/2012\/11\/autonomistas-quequ%C3%A9n.jpg?resize=560%2C357\" alt=\"\" width=\"560\" height=\"357\" srcset=\"https:\/\/i0.wp.com\/www.24baires.com\/wp-content\/uploads\/2012\/11\/autonomistas-quequ%C3%A9n.jpg?w=560&amp;ssl=1 560w, https:\/\/i0.wp.com\/www.24baires.com\/wp-content\/uploads\/2012\/11\/autonomistas-quequ%C3%A9n.jpg?resize=300%2C191&amp;ssl=1 300w\" sizes=\"auto, (max-width: 560px) 100vw, 560px\" \/>El resurgimiento de los pedidos de autonom\u00eda, luego de que Lezama lograra transformarse en 2009 en el municipio n\u00famero 135 va en aumento. Vecinos de Quequ\u00e9n esperan tener novedades en la Legislatura antes de que finalice el a\u00f1o y amenazan con endurecer sus reclamos si no son escuchados.<!--more--><\/p>\n<p>El caso de Quequ\u00e9n es complicado. Hist\u00f3ricamente perteneci\u00f3 a Lober\u00eda, pero en 1979 el entonces Gobernador de facto, Ib\u00e9rico Saint Jean la anex\u00f3 mediante decreto al distrito de Necochea. Desde ese a\u00f1o, los vecinos piden una reparaci\u00f3n hist\u00f3rica.<\/p>\n<p>Interrogado sobre el balance realizado por vecinos de esa localidad del sudeste bonaerense, el integrante de la Comisi\u00f3n para el Reconocimiento del Municipio de Quequ\u00e9n, Mat\u00edas Afife manifest\u00f3 a 24 Baires que \u201ces positivo, ya que se han unido otros pueblos a la protesta de Quequ\u00e9n, como Huanguel\u00e9n, Bat\u00e1n, Santa Clara del Mar, Nicanor Otamendi y otras localidades del gran Buenos Aires\u201d.<\/p>\n<p>\u201cQueremos saber si antes de fin de a\u00f1o vamos a tener novedades sobre la Ley Marco, que podr\u00eda tener media sanci\u00f3n de diputados antes de fin de a\u00f1o o en marzo. Ya cuenta con la aprobaci\u00f3n de senadores\u201d, afirm\u00f3.<\/p>\n<p>Sobre los pasos a seguir, teniendo en cuenta la proximidad del pr\u00f3ximo receso veraniego, el vecino, asegur\u00f3 que \u201cvamos a seguir con las marchas, los cortes y las panfleteadas. La realidad es que se barajan todo tipo de alternativas. En la \u00faltima manifestaci\u00f3n (el 26 de noviembre pasado) se cort\u00f3 la autov\u00eda 2. Estamos en contacto con otros pueblos, incluso hubo sondeos de la gente de Caril\u00f3, que quieren dejar de pertenecer a Pinamar\u201d.<\/p>\n<p>Por \u00faltimo, el referente de los autonomistas quequenenses advirti\u00f3 que \u201cno se descarta estar el 24 de diciembre y el 1\u00b0 de enero de nuevo en la ruta, porque sin autonom\u00eda no hay verano\u201d, concluy\u00f3.<\/p>\n","protected":false},"excerpt":{"rendered":"<p>El resurgimiento de los pedidos de autonom\u00eda, luego de que Lezama lograra transformarse en 2009 en el municipio n\u00famero 135 va en aumento. Vecinos de Quequ\u00e9n esperan tener novedades en la Legislatura antes de que finalice el a\u00f1o y amenazan con endurecer sus reclamos si no son escuchados.<\/p>\n","protected":false},"author":4,"featured_media":0,"comment_status":"open","ping_status":"open","sticky":false,"template":"","format":"standard","meta":{"_jetpack_newsletter_access":"","_jetpack_dont_email_post_to_subs":false,"_jetpack_newsletter_tier_id":0,"_jetpack_memberships_contains_paywalled_content":false,"_jetpack_memberships_contains_paid_content":false,"footnotes":""},"categories":[1],"tags":[],"class_list":["post-7815","post","type-post","status-publish","format-standard","hentry","category-sociedad"],"jetpack_featured_media_url":"","jetpack_shortlink":"https:\/\/wp.me\/p2JWE0-223","jetpack-related-posts":[{"id":6794,"url":"https:\/\/www.24baires.com\/?p=6794","url_meta":{"origin":7815,"position":0},"title":"Demoras en ruta 2 por reclamo de autonomistas","author":"AF","date":"26\/11\/2012","format":false,"excerpt":"A la altura de Mar del Plata, vecinos de Quequ\u00e9n, Huanguel\u00e9n, Santa Clara del Mar, Bat\u00e1n y Otamendi reducen la velocidad de los veh\u00edculos y reparten volantes. Vecinos de las localidades de Quequ\u00e9n, Huanguel\u00e9n, Santa Clara del Mar, Bat\u00e1n, Otamendi, entre otros lugares reclaman sobre la ruta 2 a la\u2026","rel":"","context":"En \u00abMunicipios\u00bb","block_context":{"text":"Municipios","link":"https:\/\/www.24baires.com\/?cat=44"},"img":{"alt_text":"","src":"","width":0,"height":0},"classes":[]},{"id":113942,"url":"https:\/\/www.24baires.com\/?p=113942","url_meta":{"origin":7815,"position":1},"title":"Ministerio de Trabajo dict\u00f3 conciliaci\u00f3n obligatoria y el paro de guardavidas qued\u00f3 sin efecto","author":"GB","date":"29\/01\/2020","format":false,"excerpt":"NECOCHEA-La Municipalidad de la ciudad balnearia y la Asociaci\u00f3n de Guardavidas de Necochea y Quequ\u00e9n (AGNQ) no llegan a un acuerdo y el reclamo se extiende en el tiempo. El Ministerio de Trabajo bonaerense intervino nuevamente en el conflicto entre la municipalidad de Necochea y los guardavidas. Ante un nuevo\u2026","rel":"","context":"En \u00abMunicipios\u00bb","block_context":{"text":"Municipios","link":"https:\/\/www.24baires.com\/?cat=44"},"img":{"alt_text":"","src":"https:\/\/i0.wp.com\/www.24baires.com\/wp-content\/uploads\/2016\/01\/guardavidas.jpg?resize=350%2C200","width":350,"height":200,"srcset":"https:\/\/i0.wp.com\/www.24baires.com\/wp-content\/uploads\/2016\/01\/guardavidas.jpg?resize=350%2C200 1x, https:\/\/i0.wp.com\/www.24baires.com\/wp-content\/uploads\/2016\/01\/guardavidas.jpg?resize=525%2C300 1.5x"},"classes":[]},{"id":1489,"url":"https:\/\/www.24baires.com\/?p=1489","url_meta":{"origin":7815,"position":2},"title":"Autonomistas de Quequ\u00e9n satisfechos por su reclamo en la Autov\u00eda 2","author":"AF","date":"09\/10\/2012","format":false,"excerpt":"Los autonomistas de Quequ\u00e9n volvieron a publicitar su reclamo para la creaci\u00f3n de un nuevo municipio y los principales receptores del pedido fueron todos los turistas que regresaban ayer de la Costa Atl\u00e1ntica, luego de pasar el fin de semana largo correspondiente al 12 de octubre. El grupo de manifestantes\u2026","rel":"","context":"En \u00abMunicipios\u00bb","block_context":{"text":"Municipios","link":"https:\/\/www.24baires.com\/?cat=44"},"img":{"alt_text":"","src":"https:\/\/i0.wp.com\/www.24baires.com\/wp-content\/uploads\/2012\/10\/autonomistasquequen.jpg?resize=350%2C200","width":350,"height":200},"classes":[]},{"id":22298,"url":"https:\/\/www.24baires.com\/?p=22298","url_meta":{"origin":7815,"position":3},"title":"Autonomistas de Quequ\u00e9n se reunieron con el Presidente de los Diputados provinciales","author":"Grupo Sierra","date":"30\/04\/2013","format":false,"excerpt":"Fueron recibidos por el titular de la c\u00e1mara baja bonaerense en La Plata. El legislador se mostr\u00f3 interesado en el reclamo de los vecinos que pretenden escindirse de Necochea. Adem\u00e1s se comprometi\u00f3 a visitar la Carpa de la Esperanza. Pidieron que Lober\u00eda les ceda 130 mil hect\u00e1reas. \u00a0 \u00a0 El\u2026","rel":"","context":"En \u00abProvincia\u00bb","block_context":{"text":"Provincia","link":"https:\/\/www.24baires.com\/?cat=40"},"img":{"alt_text":"autonomistas quequ\u00e9n 4","src":"https:\/\/i0.wp.com\/www.24baires.com\/wp-content\/uploads\/2013\/01\/autonomistas-quequ%C3%A9n-4.jpg?resize=350%2C200","width":350,"height":200},"classes":[]},{"id":18370,"url":"https:\/\/www.24baires.com\/?p=18370","url_meta":{"origin":7815,"position":4},"title":"Quequ\u00e9n m\u00e1s cerca de lograr su autonom\u00eda: ya tiene personer\u00eda jur\u00eddica la ONG","author":"AF","date":"14\/03\/2013","format":false,"excerpt":"Ya est\u00e1 aprobada la personer\u00eda jur\u00eddica de la Asociaci\u00f3n Civil Quequ\u00e9n Libre. Nacida de la necesidad de los vecinos auto convocados en la Carpa de la Esperanza. Como objeto fundamental plantea la lucha por la Autonom\u00eda de Quequ\u00e9n. Los vecinos nucleados en el seno de la Carpa de la Esperanza,\u2026","rel":"","context":"En \u00abLocales\u00bb","block_context":{"text":"Locales","link":"https:\/\/www.24baires.com\/?cat=38"},"img":{"alt_text":"","src":"","width":0,"height":0},"classes":[]},{"id":947,"url":"https:\/\/www.24baires.com\/?p=947","url_meta":{"origin":7815,"position":5},"title":"Quequ\u00e9n vuelve a la ruta 2 pidiendo por su autonom\u00eda","author":"AF","date":"04\/10\/2012","format":false,"excerpt":"Cuando a\u00fan no se han acallado los ecos de la reciente protesta en la ruta 2, que consigui\u00f3 una repercusi\u00f3n a nivel nacional, los vecinos que integran el grupo de los Autoconvocados en La Carpa de la Esperanza y la Comisi\u00f3n para el Reconocimiento del Municipio de Quequ\u00e9n, anunciaron una\u2026","rel":"","context":"En \u00abSociedad\u00bb","block_context":{"text":"Sociedad","link":"https:\/\/www.24baires.com\/?cat=1"},"img":{"alt_text":"","src":"https:\/\/i0.wp.com\/www.24baires.com\/wp-content\/uploads\/2012\/10\/quequenruta2-300x163.jpg?resize=350%2C200","width":350,"height":200},"classes":[]}],"jetpack_sharing_enabled":true,"jetpack_likes_enabled":true,"_links":{"self":[{"href":"https:\/\/www.24baires.com\/index.php?rest_route=\/wp\/v2\/posts\/7815","targetHints":{"allow":["GET"]}}],"collection":[{"href":"https:\/\/www.24baires.com\/index.php?rest_route=\/wp\/v2\/posts"}],"about":[{"href":"https:\/\/www.24baires.com\/index.php?rest_route=\/wp\/v2\/types\/post"}],"author":[{"embeddable":true,"href":"https:\/\/www.24baires.com\/index.php?rest_route=\/wp\/v2\/users\/4"}],"replies":[{"embeddable":true,"href":"https:\/\/www.24baires.com\/index.php?rest_route=%2Fwp%2Fv2%2Fcomments&post=7815"}],"version-history":[{"count":2,"href":"https:\/\/www.24baires.com\/index.php?rest_route=\/wp\/v2\/posts\/7815\/revisions"}],"predecessor-version":[{"id":7817,"href":"https:\/\/www.24baires.com\/index.php?rest_route=\/wp\/v2\/posts\/7815\/revisions\/7817"}],"wp:attachment":[{"href":"https:\/\/www.24baires.com\/index.php?rest_route=%2Fwp%2Fv2%2Fmedia&parent=7815"}],"wp:term":[{"taxonomy":"category","embeddable":true,"href":"https:\/\/www.24baires.com\/index.php?rest_route=%2Fwp%2Fv2%2Fcategories&post=7815"},{"taxonomy":"post_tag","embeddable":true,"href":"https:\/\/www.24baires.com\/index.php?rest_route=%2Fwp%2Fv2%2Ftags&post=7815"}],"curies":[{"name":"wp","href":"https:\/\/api.w.org\/{rel}","templated":true}]}}