{"id":7812,"date":"2012-12-04T10:14:27","date_gmt":"2012-12-04T13:14:27","guid":{"rendered":"http:\/\/www.24baires.com\/?p=7812"},"modified":"2012-12-04T10:14:27","modified_gmt":"2012-12-04T13:14:27","slug":"aseguran-que-los-aguinaldos-seran-pagados-en-tiempo-y-forma","status":"publish","type":"post","link":"https:\/\/www.24baires.com\/?p=7812","title":{"rendered":"Aseguran que los aguinaldos ser\u00e1n pagados en tiempo y forma"},"content":{"rendered":"<p>El ministro de Trabajo bonaerense, Oscar Cuartango, sostuvo que el pago de los sueldos de diciembre y el medio aguinaldo para los empleados p\u00fablicos de la provincia \u201cest\u00e1n asegurados\u201d.<!--more--><\/p>\n<p>\u201cEst\u00e1 asegurado el pago en tiempo de sueldos y aguinaldos. Le pueden llevar tranquilidad a todo el sector p\u00fablico\u201d, indic\u00f3 el funcionario.<\/p>\n<p>Cuartango se\u00f1al\u00f3 que \u201cse cuenta con los recursos\u201d necesarios para afrontar los pagos de fin de a\u00f1o y agreg\u00f3 que, en ese sentido, \u201cfue muy importante el aumento de recaudaci\u00f3n de noviembre que nos dio una gran tranquilidad\u201d.<\/p>\n<p>La ministra de Econom\u00eda Silvina Batakis inform\u00f3 que la recaudaci\u00f3n de impuestos de la Provincia creci\u00f3 un 40 por ciento en noviembre respecto del mismo mes de 2011.<\/p>\n<p>De acuerdo a lo informado por Batakis, los ingresos tributarios alcanzaron los 4.550 millones de pesos en el ante\u00faltimo mes del 2012.<\/p>\n<p>El gobierno de Daniel Scioli necesita mantener un buen ritmo de recaudaci\u00f3n para reducir as\u00ed su nivel de dependencia financiera con la Casa Rosada, que en junio destin\u00f3 un monto sensiblemente inferior a lo esperado por la Provincia y \u00e9sta, por su parte, debi\u00f3 demorar y cancelar en cuotas el sueldo anual complementario.<\/p>\n","protected":false},"excerpt":{"rendered":"<p>El ministro de Trabajo bonaerense, Oscar Cuartango, sostuvo que el pago de los sueldos de diciembre y el medio aguinaldo para los empleados p\u00fablicos de la provincia \u201cest\u00e1n asegurados\u201d.<\/p>\n","protected":false},"author":4,"featured_media":0,"comment_status":"open","ping_status":"open","sticky":false,"template":"","format":"standard","meta":{"_jetpack_newsletter_access":"","_jetpack_dont_email_post_to_subs":false,"_jetpack_newsletter_tier_id":0,"_jetpack_memberships_contains_paywalled_content":false,"_jetpack_memberships_contains_paid_content":false,"footnotes":""},"categories":[45],"tags":[],"class_list":["post-7812","post","type-post","status-publish","format-standard","hentry","category-economia"],"jetpack_featured_media_url":"","jetpack_shortlink":"https:\/\/wp.me\/p2JWE0-220","jetpack-related-posts":[{"id":27168,"url":"https:\/\/www.24baires.com\/?p=27168","url_meta":{"origin":7812,"position":0},"title":"La Provincia paga sueldos junto con los aguinaldos desde el lunes","author":"Grupo Sierra","date":"29\/06\/2013","format":false,"excerpt":"Si bien lo ven\u00eda anticipando, ayer lo termin\u00f3 por confirmar oficialmente. El gobierno bonaerense pagar\u00e1 a los empleados estatales, a partir del pr\u00f3ximo lunes, sueldo y aguinaldo. El anuncio fue formulado por la ministra de Econom\u00eda Silvina Batakis, quien asegur\u00f3 que ambos conceptos salariales se cancelar\u00e1n en un \u00fanico pago,\u2026","rel":"","context":"En \u00abProvincia\u00bb","block_context":{"text":"Provincia","link":"https:\/\/www.24baires.com\/?cat=40"},"img":{"alt_text":"","src":"","width":0,"height":0},"classes":[]},{"id":25478,"url":"https:\/\/www.24baires.com\/?p=25478","url_meta":{"origin":7812,"position":1},"title":"Aseguran que Provincia pagar\u00e1 aguinaldos en tiempo y forma","author":"AF","date":"10\/06\/2013","format":false,"excerpt":"La ministra de Econom\u00eda bonaerense,Silvina Batakis, rechaz\u00f3 las imputaciones del gobernador de Entre R\u00edos, Sergio Urribarri, contra Daniel Scioli, destac\u00f3 el car\u00e1cter progresivo del sistema tributario y asegur\u00f3 que la Provincia pagar\u00e1 el medio aguinaldo \u201cen tiempo y forma\u201d. Por Radio Provincia destac\u00f3 que la transferencia a los municipios creci\u00f3\u2026","rel":"","context":"En \u00abEconom\u00eda\u00bb","block_context":{"text":"Econom\u00eda","link":"https:\/\/www.24baires.com\/?cat=45"},"img":{"alt_text":"batakis","src":"https:\/\/i0.wp.com\/www.24baires.com\/wp-content\/uploads\/2013\/01\/batakis-300x194.jpg?resize=350%2C200","width":350,"height":200},"classes":[]},{"id":46035,"url":"https:\/\/www.24baires.com\/?p=46035","url_meta":{"origin":7812,"position":2},"title":"Batakis asegur\u00f3 que la Provincia pagar\u00e1 el aguinaldo en tiempo y forma","author":"AF","date":"15\/05\/2014","format":false,"excerpt":"La ministra de Econom\u00eda de la provincia de Buenos Aires, Silvina Batakis, afirm\u00f3 hoy que \"el aguinaldo se va a pagar en tiempo y forma\" en el distrito. \"Es cierto que en el 2012 hubo algunos inconvenientes (para el pago del aguinaldo), pero luego se orden\u00f3 y este a\u00f1o no\u2026","rel":"","context":"En \u00abEconom\u00eda\u00bb","block_context":{"text":"Econom\u00eda","link":"https:\/\/www.24baires.com\/?cat=45"},"img":{"alt_text":"Silvina-Batakis","src":"https:\/\/i0.wp.com\/www.24baires.com\/wp-content\/uploads\/2014\/01\/Silvina-Batakis.jpg?resize=350%2C200","width":350,"height":200,"srcset":"https:\/\/i0.wp.com\/www.24baires.com\/wp-content\/uploads\/2014\/01\/Silvina-Batakis.jpg?resize=350%2C200 1x, https:\/\/i0.wp.com\/www.24baires.com\/wp-content\/uploads\/2014\/01\/Silvina-Batakis.jpg?resize=525%2C300 1.5x"},"classes":[]},{"id":75642,"url":"https:\/\/www.24baires.com\/?p=75642","url_meta":{"origin":7812,"position":3},"title":"Lacunza: \u201cLa prioridad es pagar aguinaldos\u201d","author":"AF","date":"26\/11\/2015","format":false,"excerpt":"El pr\u00f3ximo ministro de Econom\u00eda de la provincia de Buenos Aires, Hern\u00e1n Lacunza, habl\u00f3 sobre las prioridades del futuro gobierno de Mar\u00eda Eugenia Vidal. \u201cHay una agenda urgente que es cubrir el bache en diciembre, y despu\u00e9s trabajar con un poco m\u00e1s de horizonte\u201d. As\u00ed resumi\u00f3 el futuro ministro de\u2026","rel":"","context":"En \u00abEconom\u00eda\u00bb","block_context":{"text":"Econom\u00eda","link":"https:\/\/www.24baires.com\/?cat=45"},"img":{"alt_text":"lacunza","src":"https:\/\/i0.wp.com\/www.24baires.com\/wp-content\/uploads\/2015\/11\/lacunza.jpg?resize=350%2C200","width":350,"height":200,"srcset":"https:\/\/i0.wp.com\/www.24baires.com\/wp-content\/uploads\/2015\/11\/lacunza.jpg?resize=350%2C200 1x, https:\/\/i0.wp.com\/www.24baires.com\/wp-content\/uploads\/2015\/11\/lacunza.jpg?resize=525%2C300 1.5x"},"classes":[]},{"id":120702,"url":"https:\/\/www.24baires.com\/?p=120702","url_meta":{"origin":7812,"position":4},"title":"Massa garantiz\u00f3 los fondos a las provincias para el pago de sueldos y aguinaldos","author":"AF","date":"29\/11\/2023","format":false,"excerpt":"La cita fue la continuidad de la convocatoria que el funcionario hiciera el martes con mandatarios de Uni\u00f3n por la Patria. El ministro se comprometi\u00f3 con la asistencia de las arcas nacionales para hacer frente a esos compromisos. El ministro de Econom\u00eda, Sergio Massa, afirm\u00f3 que est\u00e1n garantizados los fondos\u2026","rel":"","context":"En \u00abPol\u00edtica\u00bb","block_context":{"text":"Pol\u00edtica","link":"https:\/\/www.24baires.com\/?cat=51"},"img":{"alt_text":"","src":"https:\/\/i0.wp.com\/www.24baires.com\/wp-content\/uploads\/2023\/11\/a.jpg?resize=350%2C200","width":350,"height":200,"srcset":"https:\/\/i0.wp.com\/www.24baires.com\/wp-content\/uploads\/2023\/11\/a.jpg?resize=350%2C200 1x, https:\/\/i0.wp.com\/www.24baires.com\/wp-content\/uploads\/2023\/11\/a.jpg?resize=525%2C300 1.5x, https:\/\/i0.wp.com\/www.24baires.com\/wp-content\/uploads\/2023\/11\/a.jpg?resize=700%2C400 2x"},"classes":[]},{"id":120708,"url":"https:\/\/www.24baires.com\/?p=120708","url_meta":{"origin":7812,"position":5},"title":"Los gobernadores provinciales propusieron coparticipar el impuesto al cheque","author":"GB","date":"30\/11\/2023","format":false,"excerpt":"Mientras ped\u00edan los fondos para garantizar el pago de aguinaldos, los gobernadores provinciales presentaron un proyecto de consenso. Los gobernadores provinciales de las distintas fuerzas pol\u00edticas se encontraron ayer en la Ciudad de Buenos Aires. El principal motivo fue reunirse con Sergio Massa para destrabar los fondos que necesitan para\u2026","rel":"","context":"En \u00abPol\u00edtica\u00bb","block_context":{"text":"Pol\u00edtica","link":"https:\/\/www.24baires.com\/?cat=51"},"img":{"alt_text":"","src":"https:\/\/i0.wp.com\/www.24baires.com\/wp-content\/uploads\/2023\/11\/gobernadores.webp?resize=350%2C200","width":350,"height":200,"srcset":"https:\/\/i0.wp.com\/www.24baires.com\/wp-content\/uploads\/2023\/11\/gobernadores.webp?resize=350%2C200 1x, https:\/\/i0.wp.com\/www.24baires.com\/wp-content\/uploads\/2023\/11\/gobernadores.webp?resize=525%2C300 1.5x, https:\/\/i0.wp.com\/www.24baires.com\/wp-content\/uploads\/2023\/11\/gobernadores.webp?resize=700%2C400 2x"},"classes":[]}],"jetpack_sharing_enabled":true,"jetpack_likes_enabled":true,"_links":{"self":[{"href":"https:\/\/www.24baires.com\/index.php?rest_route=\/wp\/v2\/posts\/7812","targetHints":{"allow":["GET"]}}],"collection":[{"href":"https:\/\/www.24baires.com\/index.php?rest_route=\/wp\/v2\/posts"}],"about":[{"href":"https:\/\/www.24baires.com\/index.php?rest_route=\/wp\/v2\/types\/post"}],"author":[{"embeddable":true,"href":"https:\/\/www.24baires.com\/index.php?rest_route=\/wp\/v2\/users\/4"}],"replies":[{"embeddable":true,"href":"https:\/\/www.24baires.com\/index.php?rest_route=%2Fwp%2Fv2%2Fcomments&post=7812"}],"version-history":[{"count":2,"href":"https:\/\/www.24baires.com\/index.php?rest_route=\/wp\/v2\/posts\/7812\/revisions"}],"predecessor-version":[{"id":7814,"href":"https:\/\/www.24baires.com\/index.php?rest_route=\/wp\/v2\/posts\/7812\/revisions\/7814"}],"wp:attachment":[{"href":"https:\/\/www.24baires.com\/index.php?rest_route=%2Fwp%2Fv2%2Fmedia&parent=7812"}],"wp:term":[{"taxonomy":"category","embeddable":true,"href":"https:\/\/www.24baires.com\/index.php?rest_route=%2Fwp%2Fv2%2Fcategories&post=7812"},{"taxonomy":"post_tag","embeddable":true,"href":"https:\/\/www.24baires.com\/index.php?rest_route=%2Fwp%2Fv2%2Ftags&post=7812"}],"curies":[{"name":"wp","href":"https:\/\/api.w.org\/{rel}","templated":true}]}}