{"id":7805,"date":"2012-12-04T13:47:08","date_gmt":"2012-12-04T16:47:08","guid":{"rendered":"http:\/\/www.24baires.com\/?p=7805"},"modified":"2012-12-04T11:34:07","modified_gmt":"2012-12-04T14:34:07","slug":"mas-de-200-colegios-privados-van-a-tribunales-por-deudas-previsionales","status":"publish","type":"post","link":"https:\/\/www.24baires.com\/?p=7805","title":{"rendered":"M\u00e1s de 200 colegios privados van a Tribunales por deudas previsionales"},"content":{"rendered":"<p><img data-recalc-dims=\"1\" loading=\"lazy\" decoding=\"async\" class=\"alignleft size-medium wp-image-7806\" title=\"colegios deudas\" src=\"https:\/\/i0.wp.com\/www.24baires.com\/wp-content\/uploads\/2012\/12\/colegios-deudas.jpg?resize=300%2C225\" alt=\"\" width=\"300\" height=\"225\" srcset=\"https:\/\/i0.wp.com\/www.24baires.com\/wp-content\/uploads\/2012\/12\/colegios-deudas.jpg?resize=300%2C225&amp;ssl=1 300w, https:\/\/i0.wp.com\/www.24baires.com\/wp-content\/uploads\/2012\/12\/colegios-deudas.jpg?w=500&amp;ssl=1 500w\" sizes=\"auto, (max-width: 300px) 100vw, 300px\" \/>En la Provincia funcionan 6.719 niveles educativos privados, de los cuales 1.663 mantienen deuda no regularizada. En los \u00faltimos meses se regularizaron mediante diferentes v\u00edas (planes de pago o cancelaci\u00f3n al contado) 274.350.491 pesos. Los colegios que ingresaron en etapa prejudicial adeudan 106.948.474 pesos. <!--more--><br \/>\nEl Instituto de Previsi\u00f3n Social (IPS) lanz\u00f3 la segunda tanda de juicios de apremio contra 103 niveles educativos que se niegan a efectivizar los aportes de sus trabajadores, pese a haberles efectuado los descuentos previsionales. Con estos nuevos casos, ya suman 203 los colegios llevados a la Justicia.<\/p>\n<p>El organismo aclar\u00f3 que, tal como ya se hab\u00eda anunciado, a medida que se analice caso por caso se ir\u00e1n multiplicando las tandas de juicios, y destac\u00f3 que los mismos llegan luego de la posibilidad que tuvieron las instituciones de acogerse al Plan Cuentas Previsionales al D\u00eda, como tambi\u00e9n de innumerables intimaciones, avisos e inspecciones realizadas por la Provincia.<\/p>\n<p>Pese a todas estas acciones, el 26% de los establecimientos deudores que est\u00e1n funcionando se muestra reticente al pago, por lo que el IPS ingres\u00f3 en etapa prejudicial a 203 de ellos elevando los respectivos expedientes a la Fiscal\u00eda de Estado.<br \/>\nA partir de la fuerte decisi\u00f3n de recuperar los recursos, el Instituto determin\u00f3 la deuda de oficio y en los citados casos se proceder\u00e1 al cobro ejecutivo por v\u00eda del apremio.<\/p>\n<p>En la Provincia de Buenos Aires funcionan 6.719 niveles educativos privados, de los cuales 1.663 mantienen deuda no regularizada. En los \u00faltimos meses se regularizaron mediante diferentes v\u00edas (planes de pago o cancelaci\u00f3n al contado) $274.350.491. Los colegios que ingresaron en etapa prejudicial adeudan $106.948.474 a los que apunta el IPS.<\/p>\n<p>\u201cLa intenci\u00f3n no es perjudicar a las entidades educativas. Nuestra responsabilidad es recuperar esos aportes que se les retuvieron a los docentes pero que nunca se depositaron en nuestra caja previsional. Esa es la l\u00ednea de trabajo que nos marc\u00f3 el gobernador Daniel Scioli: defender los intereses del Instituto y de los trabajadores\u201d, se\u00f1al\u00f3 Mariano Cascallares, presidente del IPS.<\/p>\n<p>Paralelamente a la judicializaci\u00f3n del proceso, la Provincia profundiza otras acciones que viene desarrollando sin pausa desde diciembre pasado como las inspecciones conjuntas con el Ministerio de Trabajo, el env\u00edo de cartas documento (se acaban de distribuir otras 2400) y las notificaciones personalizadas a los docentes.<\/p>\n<p>Adem\u00e1s, se concretaron citaciones en sede central del IPS a trav\u00e9s de los CAPs, el escrache de los deudores que se niegan a regularizar en el portal de Internet del Instituto con comunicaci\u00f3n oficial a la Dipregep de los listados de morosos, y numerosos avisos oficiales.<\/p>\n<p>Desde el inicio de la gesti\u00f3n de Mariano Cascallares al frente del IPS, se le dio un marcado impulso a las acciones destinadas a recuperar las deudas previsionales que manten\u00edan miles de niveles educativos privados con sus empleados docentes.<\/p>\n<p>Para exigir el cobro de lo adeudado el Instituto de Previsi\u00f3n Social puso en marcha el \u201cPlan Cuentas Previsionales al D\u00eda\u201d que fue consensuado con los colegios privados y con las autoridades educativas.<\/p>\n","protected":false},"excerpt":{"rendered":"<p>En la Provincia funcionan 6.719 niveles educativos privados, de los cuales 1.663 mantienen deuda no regularizada. En los \u00faltimos meses se regularizaron mediante diferentes v\u00edas (planes de pago o cancelaci\u00f3n al contado) 274.350.491 pesos. Los colegios que ingresaron en etapa prejudicial adeudan 106.948.474 pesos.<\/p>\n","protected":false},"author":4,"featured_media":0,"comment_status":"open","ping_status":"open","sticky":false,"template":"","format":"standard","meta":{"_jetpack_newsletter_access":"","_jetpack_dont_email_post_to_subs":false,"_jetpack_newsletter_tier_id":0,"_jetpack_memberships_contains_paywalled_content":false,"_jetpack_memberships_contains_paid_content":false,"footnotes":""},"categories":[45],"tags":[],"class_list":["post-7805","post","type-post","status-publish","format-standard","hentry","category-economia"],"jetpack_featured_media_url":"","jetpack_shortlink":"https:\/\/wp.me\/p2JWE0-21T","jetpack-related-posts":[{"id":5285,"url":"https:\/\/www.24baires.com\/?p=5285","url_meta":{"origin":7805,"position":0},"title":"30 colegios privados se resisten a pagar los aportes de sus docentes","author":"Grupo Sierra","date":"13\/11\/2012","format":false,"excerpt":"El Instituto de Previsi\u00f3n Social de la provincia de Buenos Aires difundi\u00f3 la lista completa de los establecimientos que constituyen \u201cel n\u00facleo duro de la morosidad\u201d. Sus deudas ascienden a m\u00e1s de 51 millones de pesos. Si bien el IPS logr\u00f3 reducir la morosidad previsional de los establecimientos educativos bonaerenses\u2026","rel":"","context":"En \u00abProvincia\u00bb","block_context":{"text":"Provincia","link":"https:\/\/www.24baires.com\/?cat=40"},"img":{"alt_text":"","src":"https:\/\/i0.wp.com\/www.24baires.com\/wp-content\/uploads\/2012\/11\/deudores-IPS.jpg?resize=350%2C200","width":350,"height":200},"classes":[]},{"id":120251,"url":"https:\/\/www.24baires.com\/?p=120251","url_meta":{"origin":7805,"position":1},"title":"La Anses habilit\u00f3 el plan de pago de deuda previsional","author":"GB","date":"05\/07\/2023","format":false,"excerpt":"La Administraci\u00f3n Nacional de la Seguridad Social (Anses), comunic\u00f3 que ya est\u00e1 habilitado el plan de pago de deuda previsional para trabajadores en actividad. La Administraci\u00f3n Nacional de la Seguridad Social (Anses), inform\u00f3 que en el marco de la Resoluci\u00f3n N\u00b0 131\/2023 publicada en el Bolet\u00edn Oficial, las personas que\u2026","rel":"","context":"En \u00abSociedad\u00bb","block_context":{"text":"Sociedad","link":"https:\/\/www.24baires.com\/?cat=1"},"img":{"alt_text":"","src":"https:\/\/i0.wp.com\/www.24baires.com\/wp-content\/uploads\/2023\/07\/raberta-anses.jpg?resize=350%2C200","width":350,"height":200,"srcset":"https:\/\/i0.wp.com\/www.24baires.com\/wp-content\/uploads\/2023\/07\/raberta-anses.jpg?resize=350%2C200 1x, https:\/\/i0.wp.com\/www.24baires.com\/wp-content\/uploads\/2023\/07\/raberta-anses.jpg?resize=525%2C300 1.5x, https:\/\/i0.wp.com\/www.24baires.com\/wp-content\/uploads\/2023\/07\/raberta-anses.jpg?resize=700%2C400 2x"},"classes":[]},{"id":49153,"url":"https:\/\/www.24baires.com\/?p=49153","url_meta":{"origin":7805,"position":2},"title":"El nuevo Plan de Inclusi\u00f3n Previsional ya tiene la media sanci\u00f3n del Senado","author":"Grupo Sierra","date":"02\/07\/2014","format":false,"excerpt":"La C\u00e1mara alta aprob\u00f3 y envi\u00f3 a Diputados el proyecto de Ley para implementar la segunda etapa del plan a trav\u00e9s de la regularizaci\u00f3n de las deudas de trabajadores aut\u00f3nomos y monotributistas que les permita acceder al sistema previsional. La iniciativa fue votada por unanimidad de todos los bloques que\u2026","rel":"","context":"En \u00abSociedad\u00bb","block_context":{"text":"Sociedad","link":"https:\/\/www.24baires.com\/?cat=1"},"img":{"alt_text":"senado nacional","src":"https:\/\/i0.wp.com\/www.24baires.com\/wp-content\/uploads\/2013\/04\/senado-nacional.jpg?resize=350%2C200","width":350,"height":200,"srcset":"https:\/\/i0.wp.com\/www.24baires.com\/wp-content\/uploads\/2013\/04\/senado-nacional.jpg?resize=350%2C200 1x, https:\/\/i0.wp.com\/www.24baires.com\/wp-content\/uploads\/2013\/04\/senado-nacional.jpg?resize=525%2C300 1.5x"},"classes":[]},{"id":15877,"url":"https:\/\/www.24baires.com\/?p=15877","url_meta":{"origin":7805,"position":3},"title":"Las Escuelas Privadas en la mira del IPS bonaerense","author":"Grupo Sierra","date":"17\/02\/2013","format":false,"excerpt":"LA PLATA.- El Instituto de Previsi\u00f3n Social (IPS) puso en marcha una serie de acciones con el objetivo de atacar el \u201cn\u00facleo duro\u201d de la evasi\u00f3n previsional de parte de algunos colegios privados en la provincia de Buenos Aires. \u00a0 \u00a0 Es inaceptable que muchos colegios privados contin\u00faen reteni\u00e9ndoles los\u2026","rel":"","context":"En \u00abProvincia\u00bb","block_context":{"text":"Provincia","link":"https:\/\/www.24baires.com\/?cat=40"},"img":{"alt_text":"estudiantescolegiosprivados","src":"https:\/\/i0.wp.com\/www.24baires.com\/wp-content\/uploads\/2013\/02\/estudiantescolegiosprivados-300x200.jpg?resize=350%2C200","width":350,"height":200},"classes":[]},{"id":45138,"url":"https:\/\/www.24baires.com\/?p=45138","url_meta":{"origin":7805,"position":4},"title":"Arba anunci\u00f3 \u00abfacilidades\u00bb para contribuyentes en juicio","author":"AF","date":"02\/05\/2014","format":false,"excerpt":"A partir de ahora, los contribuyentes que tengan deudas impositivas en instancia judicial con el fisco de la provincia de Buenos Aires tendr\u00e1n la opci\u00f3n de cancelar en hasta 18 cuotas el pago de honorarios de los apoderados fiscales que intervengan en el procedimiento de cobro. El financiamiento regir\u00e1 en\u2026","rel":"","context":"En \u00abEconom\u00eda\u00bb","block_context":{"text":"Econom\u00eda","link":"https:\/\/www.24baires.com\/?cat=45"},"img":{"alt_text":"arba logo","src":"https:\/\/i0.wp.com\/www.24baires.com\/wp-content\/uploads\/2013\/03\/arba-logo.jpg?resize=350%2C200","width":350,"height":200},"classes":[]},{"id":121678,"url":"https:\/\/www.24baires.com\/?p=121678","url_meta":{"origin":7805,"position":5},"title":"Milei reglament\u00f3 la reforma laboral y ya entr\u00f3 en vigencia","author":"GB","date":"26\/09\/2024","format":false,"excerpt":"La reforma laboral impulsada por Javier Milei introduce cambios significativos. Busca reducir la informalidad y flexibilizar las condiciones. El Gobierno de Javier Milei implement\u00f3 la reglamentaci\u00f3n de la reforma laboral aprobada en julio. El cap\u00edtulo de la Ley Bases sali\u00f3 reglamentado este jueves en el Bolet\u00edn Oficial por lo que\u2026","rel":"","context":"En \u00abLocales\u00bb","block_context":{"text":"Locales","link":"https:\/\/www.24baires.com\/?cat=38"},"img":{"alt_text":"","src":"https:\/\/i0.wp.com\/www.24baires.com\/wp-content\/uploads\/2024\/09\/milei-reforma.webp?resize=350%2C200","width":350,"height":200,"srcset":"https:\/\/i0.wp.com\/www.24baires.com\/wp-content\/uploads\/2024\/09\/milei-reforma.webp?resize=350%2C200 1x, https:\/\/i0.wp.com\/www.24baires.com\/wp-content\/uploads\/2024\/09\/milei-reforma.webp?resize=525%2C300 1.5x, https:\/\/i0.wp.com\/www.24baires.com\/wp-content\/uploads\/2024\/09\/milei-reforma.webp?resize=700%2C400 2x"},"classes":[]}],"jetpack_sharing_enabled":true,"jetpack_likes_enabled":true,"_links":{"self":[{"href":"https:\/\/www.24baires.com\/index.php?rest_route=\/wp\/v2\/posts\/7805","targetHints":{"allow":["GET"]}}],"collection":[{"href":"https:\/\/www.24baires.com\/index.php?rest_route=\/wp\/v2\/posts"}],"about":[{"href":"https:\/\/www.24baires.com\/index.php?rest_route=\/wp\/v2\/types\/post"}],"author":[{"embeddable":true,"href":"https:\/\/www.24baires.com\/index.php?rest_route=\/wp\/v2\/users\/4"}],"replies":[{"embeddable":true,"href":"https:\/\/www.24baires.com\/index.php?rest_route=%2Fwp%2Fv2%2Fcomments&post=7805"}],"version-history":[{"count":2,"href":"https:\/\/www.24baires.com\/index.php?rest_route=\/wp\/v2\/posts\/7805\/revisions"}],"predecessor-version":[{"id":7839,"href":"https:\/\/www.24baires.com\/index.php?rest_route=\/wp\/v2\/posts\/7805\/revisions\/7839"}],"wp:attachment":[{"href":"https:\/\/www.24baires.com\/index.php?rest_route=%2Fwp%2Fv2%2Fmedia&parent=7805"}],"wp:term":[{"taxonomy":"category","embeddable":true,"href":"https:\/\/www.24baires.com\/index.php?rest_route=%2Fwp%2Fv2%2Fcategories&post=7805"},{"taxonomy":"post_tag","embeddable":true,"href":"https:\/\/www.24baires.com\/index.php?rest_route=%2Fwp%2Fv2%2Ftags&post=7805"}],"curies":[{"name":"wp","href":"https:\/\/api.w.org\/{rel}","templated":true}]}}