{"id":78033,"date":"2016-01-23T21:00:14","date_gmt":"2016-01-24T00:00:14","guid":{"rendered":"http:\/\/www.24baires.com\/?p=78033"},"modified":"2016-01-23T13:25:02","modified_gmt":"2016-01-23T16:25:02","slug":"con-aguantar-no-alcanza","status":"publish","type":"post","link":"https:\/\/www.24baires.com\/?p=78033","title":{"rendered":"Con aguantar no alcanza"},"content":{"rendered":"<p><img data-recalc-dims=\"1\" loading=\"lazy\" decoding=\"async\" class=\"aligncenter size-full wp-image-78034\" src=\"https:\/\/i0.wp.com\/www.24baires.com\/wp-content\/uploads\/2016\/01\/ring-boxeo.jpg?resize=560%2C315\" alt=\"ring boxeo\" width=\"560\" height=\"315\" srcset=\"https:\/\/i0.wp.com\/www.24baires.com\/wp-content\/uploads\/2016\/01\/ring-boxeo.jpg?w=560&amp;ssl=1 560w, https:\/\/i0.wp.com\/www.24baires.com\/wp-content\/uploads\/2016\/01\/ring-boxeo.jpg?resize=300%2C169&amp;ssl=1 300w\" sizes=\"auto, (max-width: 560px) 100vw, 560px\" \/>De boxeo no entiendo nada, pero se me ocurre una analog\u00eda, m\u00e1s por literatura que por correlato con la realidad. Porque la literatura siempre es mi refugio posible. <!--more--><\/p>\n<p>Es as\u00ed: somos un peso pesado que ha logrado grandes cosas, pero que ahora se encuentra en un rinc\u00f3n del cuadril\u00e1tero, recibiendo trompadas en toda la cara. A veces atinamos a levantar alg\u00fan guante, para buscar protegernos el rostro machucado. Otras veces tiramos alg\u00fan golpe, con m\u00e1s esperanza que punter\u00eda. Y hasta acertamos alguna mano en la nariz de nuestro rival, porque la esperanza de cambiar el resultado es, justamente, la que impulsa nuestro brazo con firmeza, olvidando que ya empez\u00f3 a cansarse de pegar. Porque sabemos que podemos, que podr\u00edamos. La esperanza se parece mucho a la memoria, s\u00f3lo que va para adelante. Bueno, la memoria que nosotros practicamos, tambi\u00e9n.<br \/>\nLo cierto es que cuando logramos esas grandes cosas tambi\u00e9n tuvimos que pelear mucho, a veces con el guante protector y acolchonado, y otras a mano pelada, destroz\u00e1ndonos los nudillos. Somos un peso pesado un tanto callejero, ver\u00e1n.<br \/>\nEntonces estamos ah\u00ed. Ligando de todos lados. La mayor\u00eda son golpes bajos que el \u00e1rbitro no quiere ver. Parece que siempre es el mismo: cuando nos iba bien ese refer\u00ed ve\u00eda lo que quer\u00eda, siempre hab\u00eda que reclamarle justicia.<br \/>\nTenemos los ojos hinchados por las pi\u00f1as, y nos parece ver que a veces el que nos pega es el que tendr\u00eda que detener los golpes bajos, descalificarlos. Pero quiz\u00e1 sea la ilusi\u00f3n de nuestros ojos que han visto mejor, con la perspectiva l\u00edmpida, sin la inflamaci\u00f3n de estas horas. Si no estuvi\u00e9ramos en un cuadril\u00e1tero, cualquiera dir\u00eda que tenemos los ojos abultados de quien ha llorado bastante. Lo cierto es que lagrimean a causa de los golpes. Y eso es un peligro, en nuestra situaci\u00f3n, porque eso puede hacer que veamos peor.<br \/>\nPero aunque ahora estamos en el rinc\u00f3n, ligando de lo lindo, no olvidamos lo fundamental: somos un peso pesado que logr\u00f3 grandes cosas. Y no pensamos en triunfos, en ganar. Sino en lo que logramos, en los hechos que cambian realidades. Porque parece que boxeamos solos, pero nadie llega solo a ning\u00fan lado. Y sabemos que todos nuestros logros fueron colectivos.<br \/>\nEntonces afirmamos nuestros pies en el rinc\u00f3n, que es ahora nuestra trinchera. Vamos a aguantar desde ah\u00ed y vamos a arremeter con fuerza, porque parece que el adversario olvid\u00f3 quienes somos, pero ese error no lo vamos a cometer nosotros.<br \/>\nY podr\u00eda seguir el derrotero de esta analog\u00eda que pens\u00e9. Podr\u00eda condimentar la escena, hacerla m\u00e1s literaria. Hablar de cuando ese boxeador de cae a la lona y se levanta con ayuda de la lona. Esa ser\u00eda una linda met\u00e1fora para las pr\u00f3ximas elecciones, s\u00f3lo que aun falta mucho para las pr\u00f3ximas elecciones. Es que van 40 d\u00edas de macrismo y todos los d\u00edas nos llueven trompadas de todos los costados, la mayor\u00eda por debajo del cintur\u00f3n.<br \/>\nY debemos salir del estupor que nos da esa catarata de golpes. Porque van a seguir pegando, porque con s\u00f3lo aguantar no avanzamos nada, cada pi\u00f1a nos puede empujar hacia atr\u00e1s. Y eso es algo que no nos podemos permitir, retroceder es la \u00fanica derrota de la que no podr\u00edamos volver. Porque eso nada tendr\u00eda que ver con coyunturas electorales, porque si todo lo que logramos y todo lo que queremos lograr no nos alcanza para seguir, por haber perdido una elecci\u00f3n, ese boxeador que imagino, merece caerse en la lona, todo machucado, y no levantarse m\u00e1s.<br \/>\nHoy parece que todo lo que avanzamos y conquistamos est\u00e1 en malas manos, manos que no lo van a cuidar. Y cada d\u00eda confirmamos ese parecer. Pero eso ya lo sab\u00edamos. Pero nuestras propias manos tienen que servir para algo m\u00e1s que bloquear trompadas, tienen que servir para proteger y seguir construyendo. Porque el adversario es grande y poderoso, siempre lo es. Que el miedo a los golpes no nos coma. Que el miedo a retroceder nos haga avanzar.<\/p>\n","protected":false},"excerpt":{"rendered":"<p>De boxeo no entiendo nada, pero se me ocurre una analog\u00eda, m\u00e1s por literatura que por correlato con la realidad. Porque la literatura siempre es mi refugio posible.<\/p>\n","protected":false},"author":4,"featured_media":0,"comment_status":"open","ping_status":"open","sticky":false,"template":"","format":"standard","meta":{"_jetpack_newsletter_access":"","_jetpack_dont_email_post_to_subs":false,"_jetpack_newsletter_tier_id":0,"_jetpack_memberships_contains_paywalled_content":false,"_jetpack_memberships_contains_paid_content":false,"footnotes":""},"categories":[64],"tags":[],"class_list":["post-78033","post","type-post","status-publish","format-standard","hentry","category-opinion"],"jetpack_featured_media_url":"","jetpack_shortlink":"https:\/\/wp.me\/p2JWE0-kiB","jetpack-related-posts":[{"id":53132,"url":"https:\/\/www.24baires.com\/?p=53132","url_meta":{"origin":78033,"position":0},"title":"No pudo llegar a ser el L\u00e1zaro del Rock","author":"GB","date":"05\/09\/2014","format":false,"excerpt":"\u00bfPor qu\u00e9 no se muri\u00f3 hace cuatro a\u00f1os, cuando tuvo el ACV? Quiz\u00e1 obtenga algunas respuestas a esa pregunta. Los religiosos dir\u00e1n que no era su hora, que el plan de Dios, -que deben entender tan poco como yo-, estaba escrito as\u00ed. Los que se vuelquen a la ciencia me\u2026","rel":"","context":"En \u00abOpini\u00f3n\u00bb","block_context":{"text":"Opini\u00f3n","link":"https:\/\/www.24baires.com\/?cat=64"},"img":{"alt_text":"cerati2","src":"https:\/\/i0.wp.com\/www.24baires.com\/wp-content\/uploads\/2014\/09\/cerati2.jpg?resize=350%2C200","width":350,"height":200,"srcset":"https:\/\/i0.wp.com\/www.24baires.com\/wp-content\/uploads\/2014\/09\/cerati2.jpg?resize=350%2C200 1x, https:\/\/i0.wp.com\/www.24baires.com\/wp-content\/uploads\/2014\/09\/cerati2.jpg?resize=525%2C300 1.5x"},"classes":[]},{"id":35682,"url":"https:\/\/www.24baires.com\/?p=35682","url_meta":{"origin":78033,"position":1},"title":"&#8216;Chicha&#8217; Mariani a los 90 a\u00f1os a\u00fan sigue esperando a su nieta","author":"Grupo Sierra","date":"24\/11\/2013","format":false,"excerpt":"La ex presidenta de la asociaci\u00f3n Abuelas de Plaza de Mayo, Mar\u00eda Isabel \"Chicha\" Chorobick de Mariani, dijo hoy que pese a que transcurrieron 37 a\u00f1os del ataque por parte de fuerzas militares y policiales a la casa donde viv\u00eda su hijo Daniel, su nuera Diana Teruggi, y la hija\u2026","rel":"","context":"En \u00abMemoria\u00bb","block_context":{"text":"Memoria","link":"https:\/\/www.24baires.com\/?cat=50"},"img":{"alt_text":"chicha mariani","src":"https:\/\/i0.wp.com\/www.24baires.com\/wp-content\/uploads\/2013\/11\/chicha-mariani.jpg?resize=350%2C200","width":350,"height":200,"srcset":"https:\/\/i0.wp.com\/www.24baires.com\/wp-content\/uploads\/2013\/11\/chicha-mariani.jpg?resize=350%2C200 1x, https:\/\/i0.wp.com\/www.24baires.com\/wp-content\/uploads\/2013\/11\/chicha-mariani.jpg?resize=525%2C300 1.5x"},"classes":[]},{"id":28589,"url":"https:\/\/www.24baires.com\/?p=28589","url_meta":{"origin":78033,"position":2},"title":"Lanzan el primer museo de arte virtual de la Argentina","author":"AF","date":"19\/07\/2013","format":false,"excerpt":"Se trata de Espacio Byte que funcionar\u00e1 en www.espaciobyte.org y que har\u00e1 lugar a las diversas expresiones del arte digital tales como videojuegos, arte generativo, software art, animaci\u00f3n, net.art, ciber-literatura, y proyectos colaborativos en red entre otras manifestaciones. Es el primer museo de este tipo en lengua hispana y el\u2026","rel":"","context":"En \u00abTecnolog\u00eda\u00bb","block_context":{"text":"Tecnolog\u00eda","link":"https:\/\/www.24baires.com\/?cat=46"},"img":{"alt_text":"espacio byte","src":"https:\/\/i0.wp.com\/www.24baires.com\/wp-content\/uploads\/2013\/07\/espacio-byte-300x190.jpg?resize=350%2C200","width":350,"height":200},"classes":[]},{"id":44718,"url":"https:\/\/www.24baires.com\/?p=44718","url_meta":{"origin":78033,"position":3},"title":"2697 p\u00e1ginas que no hay que leer","author":"Grupo Sierra","date":"25\/04\/2014","format":false,"excerpt":"(Por Irene Victoria Massimino y Karina Andrade*) Hace algunos d\u00edas la Agencia de Noticias del Poder Judicial (CIJ) inform\u00f3 que el Tribunal Oral en lo Criminal Federal N\u00b0 3 dio finalmente a conocer los fundamentos de la sentencia que hab\u00eda dictado el 23 de diciembre pasado, mediante la cual absolvi\u00f3\u2026","rel":"","context":"En \u00abOpini\u00f3n\u00bb","block_context":{"text":"Opini\u00f3n","link":"https:\/\/www.24baires.com\/?cat=64"},"img":{"alt_text":"justicia","src":"https:\/\/i0.wp.com\/www.24baires.com\/wp-content\/uploads\/2014\/02\/justicia.jpg?resize=350%2C200","width":350,"height":200,"srcset":"https:\/\/i0.wp.com\/www.24baires.com\/wp-content\/uploads\/2014\/02\/justicia.jpg?resize=350%2C200 1x, https:\/\/i0.wp.com\/www.24baires.com\/wp-content\/uploads\/2014\/02\/justicia.jpg?resize=525%2C300 1.5x"},"classes":[]},{"id":42835,"url":"https:\/\/www.24baires.com\/?p=42835","url_meta":{"origin":78033,"position":4},"title":"Testigo clave compromete al juez Hooft","author":"GB","date":"26\/03\/2014","format":false,"excerpt":"Continuaron las audiencias del jury contra el juez Pedro F. Hooft acusado de part\u00edcipe durante su cargo como magistrado de delitos de lesa humanidad. En la jornada del mi\u00e9rcoles declar\u00f3 la testigo clave que compromete y mucho la situaci\u00f3n de Hooft. Marta Garc\u00eda de Candeloro se expuso ante el tribunal\u2026","rel":"","context":"En \u00abMemoria\u00bb","block_context":{"text":"Memoria","link":"https:\/\/www.24baires.com\/?cat=50"},"img":{"alt_text":"marta garc\u00eda","src":"https:\/\/i0.wp.com\/www.24baires.com\/wp-content\/uploads\/2014\/03\/marta-garc%C3%ADa.jpg?resize=350%2C200","width":350,"height":200,"srcset":"https:\/\/i0.wp.com\/www.24baires.com\/wp-content\/uploads\/2014\/03\/marta-garc%C3%ADa.jpg?resize=350%2C200 1x, https:\/\/i0.wp.com\/www.24baires.com\/wp-content\/uploads\/2014\/03\/marta-garc%C3%ADa.jpg?resize=525%2C300 1.5x"},"classes":[]},{"id":111186,"url":"https:\/\/www.24baires.com\/?p=111186","url_meta":{"origin":78033,"position":5},"title":"El d\u00f3lar recuper\u00f3 la ca\u00edda que hab\u00eda acumulado durante dos semanas","author":"AF","date":"15\/07\/2019","format":false,"excerpt":"Ante una escasez de oferta, la divisa estadounidense se dispar\u00f3 56 centavos a 43,41 pesos y registr\u00f3 el alza m\u00e1s importante en dos meses y medio en una sola rueda. El Banco Central volvi\u00f3 a recortar la tasa de referencia. Ante la falta de oferta el d\u00f3lar rebot\u00f3 fuerte y\u2026","rel":"","context":"En \u00abEconom\u00eda\u00bb","block_context":{"text":"Econom\u00eda","link":"https:\/\/www.24baires.com\/?cat=45"},"img":{"alt_text":"","src":"https:\/\/i0.wp.com\/www.24baires.com\/wp-content\/uploads\/2018\/03\/d%C3%B3lar.jpg?resize=350%2C200","width":350,"height":200,"srcset":"https:\/\/i0.wp.com\/www.24baires.com\/wp-content\/uploads\/2018\/03\/d%C3%B3lar.jpg?resize=350%2C200 1x, https:\/\/i0.wp.com\/www.24baires.com\/wp-content\/uploads\/2018\/03\/d%C3%B3lar.jpg?resize=525%2C300 1.5x"},"classes":[]}],"jetpack_sharing_enabled":true,"jetpack_likes_enabled":true,"_links":{"self":[{"href":"https:\/\/www.24baires.com\/index.php?rest_route=\/wp\/v2\/posts\/78033","targetHints":{"allow":["GET"]}}],"collection":[{"href":"https:\/\/www.24baires.com\/index.php?rest_route=\/wp\/v2\/posts"}],"about":[{"href":"https:\/\/www.24baires.com\/index.php?rest_route=\/wp\/v2\/types\/post"}],"author":[{"embeddable":true,"href":"https:\/\/www.24baires.com\/index.php?rest_route=\/wp\/v2\/users\/4"}],"replies":[{"embeddable":true,"href":"https:\/\/www.24baires.com\/index.php?rest_route=%2Fwp%2Fv2%2Fcomments&post=78033"}],"version-history":[{"count":1,"href":"https:\/\/www.24baires.com\/index.php?rest_route=\/wp\/v2\/posts\/78033\/revisions"}],"predecessor-version":[{"id":78035,"href":"https:\/\/www.24baires.com\/index.php?rest_route=\/wp\/v2\/posts\/78033\/revisions\/78035"}],"wp:attachment":[{"href":"https:\/\/www.24baires.com\/index.php?rest_route=%2Fwp%2Fv2%2Fmedia&parent=78033"}],"wp:term":[{"taxonomy":"category","embeddable":true,"href":"https:\/\/www.24baires.com\/index.php?rest_route=%2Fwp%2Fv2%2Fcategories&post=78033"},{"taxonomy":"post_tag","embeddable":true,"href":"https:\/\/www.24baires.com\/index.php?rest_route=%2Fwp%2Fv2%2Ftags&post=78033"}],"curies":[{"name":"wp","href":"https:\/\/api.w.org\/{rel}","templated":true}]}}