{"id":7803,"date":"2012-12-04T09:43:27","date_gmt":"2012-12-04T12:43:27","guid":{"rendered":"http:\/\/www.24baires.com\/?p=7803"},"modified":"2012-12-04T09:54:58","modified_gmt":"2012-12-04T12:54:58","slug":"nino-indigo-explicara-que-sucedera-en-tandil-el-12-12-12","status":"publish","type":"post","link":"https:\/\/www.24baires.com\/?p=7803","title":{"rendered":"Ni\u00f1o \u00edndigo explicar\u00e1 qu\u00e9 suceder\u00e1 en Tandil el 12-12-12"},"content":{"rendered":"<p>Mucho se habla del fin del mundo en 2012. Pero a d\u00edas de llegar a la fecha indicada, las teor\u00edas explican otra historia, indican que no ser\u00e1 el fin de todo sino el comienzo de una Nueva Era.<!--more--><\/p>\n<p>Mat\u00edas De Stefano es un joven de 25 a\u00f1os de la provincia de Santa Fe que desde hace once meses recorre el mundo, dando charlas gratuitas en plazas e instituciones explicando c\u00f3mo adaptarse siendo conscientes de los cambios.<\/p>\n<p>Y como el momento m\u00e1s importante y m\u00e1s anunciado alrededor del mundo suceder\u00e1 pr\u00f3ximamente en Tandil, desde la Secretar\u00eda de Extensi\u00f3n de UNICEN convocaron a Mat\u00edas De Stefano a la Universidad para conocerlo, para que cuente de qu\u00e9 se tratan estos cambios.<\/p>\n<p>La entrevista abierta y gratuita se realizar\u00e1 en el Sal\u00f3n de los Espejos del Centro Cultural Universitario de Tandil, el pr\u00f3ximo jueves 6 de diciembre, de 19 a 21 horas donde contar\u00e1 su historia de ni\u00f1o \u00edndigo, su Pedagog\u00eda 3000, su menci\u00f3n en la pel\u00edcula \u00abLa Educaci\u00f3n Prohibida\u00bb, y que pasar\u00e1 el 12-12-12 en Tandil.<\/p>\n","protected":false},"excerpt":{"rendered":"<p>Mucho se habla del fin del mundo en 2012. Pero a d\u00edas de llegar a la fecha indicada, las teor\u00edas explican otra historia, indican que no ser\u00e1 el fin de todo sino el comienzo de una Nueva Era.<\/p>\n","protected":false},"author":4,"featured_media":0,"comment_status":"open","ping_status":"open","sticky":false,"template":"","format":"standard","meta":{"_jetpack_newsletter_access":"","_jetpack_dont_email_post_to_subs":false,"_jetpack_newsletter_tier_id":0,"_jetpack_memberships_contains_paywalled_content":false,"_jetpack_memberships_contains_paid_content":false,"footnotes":""},"categories":[1],"tags":[],"class_list":["post-7803","post","type-post","status-publish","format-standard","hentry","category-sociedad"],"jetpack_featured_media_url":"","jetpack_shortlink":"https:\/\/wp.me\/p2JWE0-21R","jetpack-related-posts":[{"id":117337,"url":"https:\/\/www.24baires.com\/?p=117337","url_meta":{"origin":7803,"position":0},"title":"Se realiz\u00f3 el primer aborto legal en Tandil","author":"GB","date":"22\/03\/2021","format":false,"excerpt":"En el Hospital Municipal \u201cRam\u00f3n Santamarina\u201d de Tandil se realiz\u00f3 la primera Interrupci\u00f3n Voluntaria del Embarazo (IVE), luego de la entrada en vigencia la Ley 27.610, que legaliza el aborto en todo el pa\u00eds. El procedimiento estuvo a cargo de un especialista que recientemente se incorpor\u00f3 al equipo y que\u2026","rel":"","context":"En \u00abSociedad\u00bb","block_context":{"text":"Sociedad","link":"https:\/\/www.24baires.com\/?cat=1"},"img":{"alt_text":"","src":"https:\/\/i0.wp.com\/www.24baires.com\/wp-content\/uploads\/2021\/03\/0003264515.jpg?resize=350%2C200","width":350,"height":200,"srcset":"https:\/\/i0.wp.com\/www.24baires.com\/wp-content\/uploads\/2021\/03\/0003264515.jpg?resize=350%2C200 1x, https:\/\/i0.wp.com\/www.24baires.com\/wp-content\/uploads\/2021\/03\/0003264515.jpg?resize=525%2C300 1.5x"},"classes":[]},{"id":65206,"url":"https:\/\/www.24baires.com\/?p=65206","url_meta":{"origin":7803,"position":1},"title":"Presentaron en Tandil el Tren Tur\u00edstico Cervecero","author":"GB","date":"30\/04\/2015","format":false,"excerpt":"El tren partir\u00e1 el 9 de mayo a las 9.45 y durante el trayecto hasta Gardey habr\u00e1 charlas con cerveceros artesanales locales en las que se hablar\u00e1 del proceso de producci\u00f3n. Luego seguir\u00e1 hasta Vela. La organizaci\u00f3n de evento est\u00e1 a cargo de la empresa tandilense de cerveza artesanal Quarryman.\u2026","rel":"","context":"En \u00abTurismo\u00bb","block_context":{"text":"Turismo","link":"https:\/\/www.24baires.com\/?cat=69"},"img":{"alt_text":"","src":"","width":0,"height":0},"classes":[]},{"id":105111,"url":"https:\/\/www.24baires.com\/?p=105111","url_meta":{"origin":7803,"position":2},"title":"Tandil: buscan a un joven cuyo auto apareci\u00f3 incendiado y con restos de sangre","author":"AF","date":"25\/10\/2018","format":false,"excerpt":"Jorge Bustamante sali\u00f3 el mi\u00e9rcoles por la madrugada hacia la Ciudad de Buenos Aires pero el coche apareci\u00f3 apuntando hacia otra direcci\u00f3n. Tandil es escenario de un fuerte operativo de b\u00fasqueda de un joven de 24 a\u00f1os que sali\u00f3 el mi\u00e9rcoles a la 1.30 de la madrugada hacia la Ciudad\u2026","rel":"","context":"En \u00abPoliciales\u00bb","block_context":{"text":"Policiales","link":"https:\/\/www.24baires.com\/?cat=49"},"img":{"alt_text":"","src":"https:\/\/i0.wp.com\/www.24baires.com\/wp-content\/uploads\/2018\/10\/b%C3%BAsqueda.jpeg?resize=350%2C200","width":350,"height":200,"srcset":"https:\/\/i0.wp.com\/www.24baires.com\/wp-content\/uploads\/2018\/10\/b%C3%BAsqueda.jpeg?resize=350%2C200 1x, https:\/\/i0.wp.com\/www.24baires.com\/wp-content\/uploads\/2018\/10\/b%C3%BAsqueda.jpeg?resize=525%2C300 1.5x"},"classes":[]},{"id":119166,"url":"https:\/\/www.24baires.com\/?p=119166","url_meta":{"origin":7803,"position":3},"title":"M\u00e1s de 5 millones de turistas viajaron por el pa\u00eds durante las vacaciones","author":"AF","date":"31\/07\/2022","format":false,"excerpt":"\"Como sucedi\u00f3 con la temporada de verano, en los fines de semana largos de Carnaval, de Semana Santa y el \u00faltimo de junio, volvimos a superar las cifras de movimiento tur\u00edstico de la prepandemia\", destac\u00f3 el ministro de Turismo y Deportes, Mat\u00edas Lammens. M\u00e1s de 5 millones de turistas viajaron\u2026","rel":"","context":"En \u00abSociedad\u00bb","block_context":{"text":"Sociedad","link":"https:\/\/www.24baires.com\/?cat=1"},"img":{"alt_text":"","src":"https:\/\/i0.wp.com\/www.24baires.com\/wp-content\/uploads\/2022\/07\/cataratas.jpg?resize=350%2C200","width":350,"height":200,"srcset":"https:\/\/i0.wp.com\/www.24baires.com\/wp-content\/uploads\/2022\/07\/cataratas.jpg?resize=350%2C200 1x, https:\/\/i0.wp.com\/www.24baires.com\/wp-content\/uploads\/2022\/07\/cataratas.jpg?resize=525%2C300 1.5x, https:\/\/i0.wp.com\/www.24baires.com\/wp-content\/uploads\/2022\/07\/cataratas.jpg?resize=700%2C400 2x"},"classes":[]},{"id":13927,"url":"https:\/\/www.24baires.com\/?p=13927","url_meta":{"origin":7803,"position":4},"title":"Tandil trabaja en un proyecto de ordenanza que regular\u00e1 la carteler\u00eda publicitaria","author":"AF","date":"29\/01\/2013","format":false,"excerpt":"En el Concejo Deliberante de Tandil trabajan para adaptar la legislaci\u00f3n a los nuevos usos y costumbres y a las novedades tecnol\u00f3gicas. Buscan proteger a los vecinos de la contaminaci\u00f3n visual. Y quieren que la se\u00f1al\u00e9tica publicitaria no sea un obst\u00e1culo para observar el paisaje. Los ediles Roberto Mart\u00edn y\u2026","rel":"","context":"En \u00abLocales\u00bb","block_context":{"text":"Locales","link":"https:\/\/www.24baires.com\/?cat=38"},"img":{"alt_text":"carteler\u00eda tandil","src":"https:\/\/i0.wp.com\/www.24baires.com\/wp-content\/uploads\/2013\/01\/carteler%C3%ADa-tandil-300x202.jpg?resize=350%2C200","width":350,"height":200},"classes":[]},{"id":29317,"url":"https:\/\/www.24baires.com\/?p=29317","url_meta":{"origin":7803,"position":5},"title":"Arranc\u00f3 en Tandil la 10\u00aa Feria del Libro","author":"AF","date":"01\/08\/2013","format":false,"excerpt":"La Feria est\u00e1 abierta al p\u00fablico en el horario de 16 a 22, con acceso libre y gratuito, con una disposici\u00f3n horaria especial durante la ma\u00f1ana para la visita de instituciones educativas. \u201cS\u00ed. El libro contin\u00faa vivo. Por eso en Tandil estamos en la antesala de otra Feria. La D\u00e9cima.\u2026","rel":"","context":"En \u00abLocales\u00bb","block_context":{"text":"Locales","link":"https:\/\/www.24baires.com\/?cat=38"},"img":{"alt_text":"","src":"","width":0,"height":0},"classes":[]}],"jetpack_sharing_enabled":true,"jetpack_likes_enabled":true,"_links":{"self":[{"href":"https:\/\/www.24baires.com\/index.php?rest_route=\/wp\/v2\/posts\/7803","targetHints":{"allow":["GET"]}}],"collection":[{"href":"https:\/\/www.24baires.com\/index.php?rest_route=\/wp\/v2\/posts"}],"about":[{"href":"https:\/\/www.24baires.com\/index.php?rest_route=\/wp\/v2\/types\/post"}],"author":[{"embeddable":true,"href":"https:\/\/www.24baires.com\/index.php?rest_route=\/wp\/v2\/users\/4"}],"replies":[{"embeddable":true,"href":"https:\/\/www.24baires.com\/index.php?rest_route=%2Fwp%2Fv2%2Fcomments&post=7803"}],"version-history":[{"count":1,"href":"https:\/\/www.24baires.com\/index.php?rest_route=\/wp\/v2\/posts\/7803\/revisions"}],"predecessor-version":[{"id":7804,"href":"https:\/\/www.24baires.com\/index.php?rest_route=\/wp\/v2\/posts\/7803\/revisions\/7804"}],"wp:attachment":[{"href":"https:\/\/www.24baires.com\/index.php?rest_route=%2Fwp%2Fv2%2Fmedia&parent=7803"}],"wp:term":[{"taxonomy":"category","embeddable":true,"href":"https:\/\/www.24baires.com\/index.php?rest_route=%2Fwp%2Fv2%2Fcategories&post=7803"},{"taxonomy":"post_tag","embeddable":true,"href":"https:\/\/www.24baires.com\/index.php?rest_route=%2Fwp%2Fv2%2Ftags&post=7803"}],"curies":[{"name":"wp","href":"https:\/\/api.w.org\/{rel}","templated":true}]}}