{"id":77995,"date":"2016-01-22T17:54:24","date_gmt":"2016-01-22T20:54:24","guid":{"rendered":"http:\/\/www.24baires.com\/?p=77995"},"modified":"2016-01-22T17:54:24","modified_gmt":"2016-01-22T20:54:24","slug":"mar-del-plata-justicia-fallo-en-contra-del-dnu-de-macri-para-eliminar-la-afsca","status":"publish","type":"post","link":"https:\/\/www.24baires.com\/?p=77995","title":{"rendered":"Mar del Plata: Justicia fall\u00f3 en contra del DNU de Macri para eliminar la AFSCA"},"content":{"rendered":"<p><img data-recalc-dims=\"1\" loading=\"lazy\" decoding=\"async\" class=\"aligncenter wp-image-14270\" src=\"https:\/\/i0.wp.com\/www.24baires.com\/wp-content\/uploads\/2013\/02\/afsca-cordoba.jpg?resize=560%2C373\" alt=\"afsca cordoba\" width=\"560\" height=\"373\" srcset=\"https:\/\/i0.wp.com\/www.24baires.com\/wp-content\/uploads\/2013\/02\/afsca-cordoba.jpg?w=510&amp;ssl=1 510w, https:\/\/i0.wp.com\/www.24baires.com\/wp-content\/uploads\/2013\/02\/afsca-cordoba.jpg?resize=300%2C200&amp;ssl=1 300w\" sizes=\"auto, (max-width: 560px) 100vw, 560px\" \/>As\u00ed lo determin\u00f3 la justicia de la C\u00e1mara Federal de Mar del Plata y advirti\u00f3 que \u00abla entidad de los derechos constitucionales\u00bb violados por los decretos presidenciales \u00abameritan la apertura de la v\u00eda del amparo\u00bb.<!--more--><\/p>\n<p>El decreto de Mauricio Macri que pidi\u00f3 la disoluci\u00f3n de la Autoridad Federal de Servicios de Comunicaci\u00f3n Audiovisual (AFSCA) y cre\u00f3 el Ente Nacional de Comunicaciones (ENaCom) fue revisado por la justicia y habilit\u00f3 el pedido de amparo de Osvaldo Guillermo Franc\u00e9s, integrante de la Asociaci\u00f3n de Radiodifusoras Bonaerenses y del Interior de la Rep\u00fablica Argentina (Arbia) y vicepresidente del disuelto Consejo Federal de Comunicaci\u00f3n Audiovisual (Cofeca).<\/p>\n<p>\u00abLa entidad de los derechos constitucionales cuya violaci\u00f3n es aqu\u00ed aducida, ameritan la apertura de la v\u00eda del amparo, pues no s\u00f3lo se relacionan con el derecho a la libertad de expresi\u00f3n, sino que incluso se encuentran vinculados con la forma republicana de gobierno\u00bb, sostuvo la C\u00e1mara marplatense con las firmas de los jueces Jorge Ferro y Eduardo Pablo Jim\u00e9nez.<\/p>\n<p>\u00abEs claro aqu\u00ed que los decretos impugnados disuelven el organismo integrado por el amparista, afect\u00e1ndose as\u00ed n\u00edtidamente facultades de actuaci\u00f3n que hab\u00edan sido alcanzadas mediante la designaci\u00f3n leg\u00edtima como representante en el Cofeca\u00bb, argumentaron los jueces.<\/p>\n<p>Franc\u00e9s se\u00f1al\u00f3 que los decretos presidenciales \u00abm\u00e1s all\u00e1 de la intervenci\u00f3n del AFSCA, crearon una nueva autoridad de aplicaci\u00f3n de normativa audiovisual y de telecomunicaciones\u00bb y subray\u00f3 su cuestionamiento a \u00abla utilizaci\u00f3n de los decretos de necesidad y urgencia para sobrepasar la voluntad del Poder Legislativo\u00bb.<\/p>\n<p>&nbsp;<\/p>\n<p>&nbsp;<\/p>\n<p>&nbsp;<\/p>\n<p>&nbsp;<\/p>\n<p>&nbsp;<\/p>\n<p>&nbsp;<\/p>\n<p>&nbsp;<\/p>\n","protected":false},"excerpt":{"rendered":"<p>As\u00ed lo determin\u00f3 la justicia de la C\u00e1mara Federal de Mar del Plata y advirti\u00f3 que \u00abla entidad de los derechos constitucionales\u00bb violados por los decretos presidenciales \u00abameritan la apertura de la v\u00eda del amparo\u00bb.<\/p>\n","protected":false},"author":8,"featured_media":0,"comment_status":"open","ping_status":"open","sticky":false,"template":"","format":"standard","meta":{"_jetpack_newsletter_access":"","_jetpack_dont_email_post_to_subs":false,"_jetpack_newsletter_tier_id":0,"_jetpack_memberships_contains_paywalled_content":false,"_jetpack_memberships_contains_paid_content":false,"footnotes":""},"categories":[54],"tags":[],"class_list":["post-77995","post","type-post","status-publish","format-standard","hentry","category-medios"],"jetpack_featured_media_url":"","jetpack_shortlink":"https:\/\/wp.me\/p2JWE0-khZ","jetpack-related-posts":[{"id":76991,"url":"https:\/\/www.24baires.com\/?p=76991","url_meta":{"origin":77995,"position":0},"title":"Amparos y cautelares en todo el pa\u00eds contra la intervenci\u00f3n de la AFSCA","author":"GB","date":"29\/12\/2015","format":false,"excerpt":"Funcionarios de todo el pa\u00eds vinculados a los medios y la comunicaci\u00f3n presentaron ante la Justicia recursos de amparo y cautelares contra la intervenci\u00f3n de la AFSCA. La Senadora Nacional del Frente para la Victoria, Liliana Fellner, arremeti\u00f3 contra Macri y asegur\u00f3 que \u201cel presidente se llev\u00f3 puesto a los\u2026","rel":"","context":"En \u00abMedios\u00bb","block_context":{"text":"Medios","link":"https:\/\/www.24baires.com\/?cat=54"},"img":{"alt_text":"AFSCA","src":"https:\/\/i0.wp.com\/www.24baires.com\/wp-content\/uploads\/2015\/12\/AFSCA.jpg?resize=350%2C200","width":350,"height":200,"srcset":"https:\/\/i0.wp.com\/www.24baires.com\/wp-content\/uploads\/2015\/12\/AFSCA.jpg?resize=350%2C200 1x, https:\/\/i0.wp.com\/www.24baires.com\/wp-content\/uploads\/2015\/12\/AFSCA.jpg?resize=525%2C300 1.5x"},"classes":[]},{"id":76806,"url":"https:\/\/www.24baires.com\/?p=76806","url_meta":{"origin":77995,"position":1},"title":"\u00abPresentar\u00e9 un amparo, voy a cumplir con mi mandato\u00bb, advirti\u00f3 Sabbatella","author":"AF","date":"23\/12\/2015","format":false,"excerpt":"El titular de la AFSCA quiere frenar por v\u00eda judicial el decreto de intervenci\u00f3n que dispuso el Gobierno. Presentar\u00e1 tambi\u00e9n un habeas corpus. Tras el decreto que dispuso la intervenci\u00f3n de la Autoridad Federal de Servicios de Comunicaci\u00f3n Audiovisual (AFSCA), el desplazado titular del organismo, Mart\u00edn Sabbatella, expres\u00f3 ante la\u2026","rel":"","context":"En \u00abJUDICIALES\u00bb","block_context":{"text":"JUDICIALES","link":"https:\/\/www.24baires.com\/?cat=68"},"img":{"alt_text":"sabbatella media empresa","src":"https:\/\/i0.wp.com\/www.24baires.com\/wp-content\/uploads\/2012\/12\/sabbatella-media-empresa.jpg?resize=350%2C200","width":350,"height":200,"srcset":"https:\/\/i0.wp.com\/www.24baires.com\/wp-content\/uploads\/2012\/12\/sabbatella-media-empresa.jpg?resize=350%2C200 1x, https:\/\/i0.wp.com\/www.24baires.com\/wp-content\/uploads\/2012\/12\/sabbatella-media-empresa.jpg?resize=525%2C300 1.5x"},"classes":[]},{"id":77506,"url":"https:\/\/www.24baires.com\/?p=77506","url_meta":{"origin":77995,"position":2},"title":"El macrismo proh\u00edbe la entrada de Sabbatella a la AFSCA","author":"AF","date":"12\/01\/2016","format":false,"excerpt":"El titular de la Autoridad Federal de Servicios de Comunicaci\u00f3n Audiovisual intent\u00f3 regresar a su oficina luego de que dos jueces aceptaran los amparos presentados contra el decreto presidencial que modifica la norma. La infanter\u00eda, apostada frente al edificio, aleg\u00f3 que ten\u00eda \u00f3rdenes del nuevo interventor de no dejarlo entrar.\u2026","rel":"","context":"En \u00abJUDICIALES\u00bb","block_context":{"text":"JUDICIALES","link":"https:\/\/www.24baires.com\/?cat=68"},"img":{"alt_text":"sabbatella media empresa","src":"https:\/\/i0.wp.com\/www.24baires.com\/wp-content\/uploads\/2012\/12\/sabbatella-media-empresa.jpg?resize=350%2C200","width":350,"height":200,"srcset":"https:\/\/i0.wp.com\/www.24baires.com\/wp-content\/uploads\/2012\/12\/sabbatella-media-empresa.jpg?resize=350%2C200 1x, https:\/\/i0.wp.com\/www.24baires.com\/wp-content\/uploads\/2012\/12\/sabbatella-media-empresa.jpg?resize=525%2C300 1.5x"},"classes":[]},{"id":77453,"url":"https:\/\/www.24baires.com\/?p=77453","url_meta":{"origin":77995,"position":3},"title":"Jueces Federales aceptaron amparo contra los DNU de Macri por la Ley de Medios y la AFSCA","author":"GB","date":"11\/01\/2016","format":false,"excerpt":"Dos jueces federales de Ciudad de Buenos Aires y San Mart\u00edn aceptaron, respectivamente, los amparos presentados por una asociaci\u00f3n de consumidores y una organizaci\u00f3n de comunicaci\u00f3n popular, dejando interinamente sin efecto los decretos 13\/15, 236\/15 y 267\/15 mediante los cuales el presidente Mauricio Macri intervino la AFSCA, desplaz\u00f3 a su\u2026","rel":"","context":"En \u00abPol\u00edtica\u00bb","block_context":{"text":"Pol\u00edtica","link":"https:\/\/www.24baires.com\/?cat=51"},"img":{"alt_text":"","src":"","width":0,"height":0},"classes":[]},{"id":58545,"url":"https:\/\/www.24baires.com\/?p=58545","url_meta":{"origin":77995,"position":4},"title":"Afsca present\u00f3 su descargo a la cautelar solicitada por el Grupo Clar\u00edn","author":"GB","date":"12\/12\/2014","format":false,"excerpt":"La Autoridad Federal de Servicios de Comunicaci\u00f3n Audiovisual (Afsca) present\u00f3 ante la justicia su descargo al pedido de amparo solicitado la semana pasada por periodistas del Grupo Clar\u00edn, quienes objetaron la adecuaci\u00f3n de oficio de la empresa a la ley de medios por considerarla un acto de censura indirecta. En\u2026","rel":"","context":"En \u00abMedios\u00bb","block_context":{"text":"Medios","link":"https:\/\/www.24baires.com\/?cat=54"},"img":{"alt_text":"AFSCA","src":"https:\/\/i0.wp.com\/www.24baires.com\/wp-content\/uploads\/2012\/11\/AFSCA.jpg?resize=350%2C200","width":350,"height":200},"classes":[]},{"id":77038,"url":"https:\/\/www.24baires.com\/?p=77038","url_meta":{"origin":77995,"position":5},"title":"El juez Luis Arias dej\u00f3 sin efecto las medidas tras la intervenci\u00f3n de la AFSCA","author":"GB","date":"30\/12\/2015","format":false,"excerpt":"Luis Arias dict\u00f3 una medida precautelar mediante la cual orden\u00f3 al Ejecutivo que \u201cse abstenga de suprimir o afectar derechos adquiridos y\/u otorgar nuevos derechos vinculados al ejercicio de la competencia y funcionamiento\" de la Afsca. El juez en lo contencioso administrativo de La Plata, Luis Arias, dict\u00f3 una medida\u2026","rel":"","context":"En \u00abMedios\u00bb","block_context":{"text":"Medios","link":"https:\/\/www.24baires.com\/?cat=54"},"img":{"alt_text":"afsca","src":"https:\/\/i0.wp.com\/www.24baires.com\/wp-content\/uploads\/2015\/12\/afsca.jpg?resize=350%2C200","width":350,"height":200,"srcset":"https:\/\/i0.wp.com\/www.24baires.com\/wp-content\/uploads\/2015\/12\/afsca.jpg?resize=350%2C200 1x, https:\/\/i0.wp.com\/www.24baires.com\/wp-content\/uploads\/2015\/12\/afsca.jpg?resize=525%2C300 1.5x"},"classes":[]}],"jetpack_sharing_enabled":true,"jetpack_likes_enabled":true,"_links":{"self":[{"href":"https:\/\/www.24baires.com\/index.php?rest_route=\/wp\/v2\/posts\/77995","targetHints":{"allow":["GET"]}}],"collection":[{"href":"https:\/\/www.24baires.com\/index.php?rest_route=\/wp\/v2\/posts"}],"about":[{"href":"https:\/\/www.24baires.com\/index.php?rest_route=\/wp\/v2\/types\/post"}],"author":[{"embeddable":true,"href":"https:\/\/www.24baires.com\/index.php?rest_route=\/wp\/v2\/users\/8"}],"replies":[{"embeddable":true,"href":"https:\/\/www.24baires.com\/index.php?rest_route=%2Fwp%2Fv2%2Fcomments&post=77995"}],"version-history":[{"count":1,"href":"https:\/\/www.24baires.com\/index.php?rest_route=\/wp\/v2\/posts\/77995\/revisions"}],"predecessor-version":[{"id":77996,"href":"https:\/\/www.24baires.com\/index.php?rest_route=\/wp\/v2\/posts\/77995\/revisions\/77996"}],"wp:attachment":[{"href":"https:\/\/www.24baires.com\/index.php?rest_route=%2Fwp%2Fv2%2Fmedia&parent=77995"}],"wp:term":[{"taxonomy":"category","embeddable":true,"href":"https:\/\/www.24baires.com\/index.php?rest_route=%2Fwp%2Fv2%2Fcategories&post=77995"},{"taxonomy":"post_tag","embeddable":true,"href":"https:\/\/www.24baires.com\/index.php?rest_route=%2Fwp%2Fv2%2Ftags&post=77995"}],"curies":[{"name":"wp","href":"https:\/\/api.w.org\/{rel}","templated":true}]}}