{"id":77857,"date":"2016-01-19T21:06:37","date_gmt":"2016-01-20T00:06:37","guid":{"rendered":"http:\/\/www.24baires.com\/?p=77857"},"modified":"2016-01-19T21:06:37","modified_gmt":"2016-01-20T00:06:37","slug":"milagro-la-primera-presa-del-odio","status":"publish","type":"post","link":"https:\/\/www.24baires.com\/?p=77857","title":{"rendered":"Milagro, la primera presa del odio"},"content":{"rendered":"<p><img data-recalc-dims=\"1\" loading=\"lazy\" decoding=\"async\" class=\"aligncenter size-full wp-image-77720\" src=\"https:\/\/i0.wp.com\/www.24baires.com\/wp-content\/uploads\/2016\/01\/milagro-salas-1.jpg?resize=560%2C310\" alt=\"milagro salas\" width=\"560\" height=\"310\" srcset=\"https:\/\/i0.wp.com\/www.24baires.com\/wp-content\/uploads\/2016\/01\/milagro-salas-1.jpg?w=560&amp;ssl=1 560w, https:\/\/i0.wp.com\/www.24baires.com\/wp-content\/uploads\/2016\/01\/milagro-salas-1.jpg?resize=300%2C166&amp;ssl=1 300w\" sizes=\"auto, (max-width: 560px) 100vw, 560px\" \/><\/p>\n<p>El hecho es sabido: detienen a Milagro Sala imputada por tumulto e instigaci\u00f3n a cometer delitos y acusada de desviar fondos p\u00fablicos asignados para la obra de su organizaci\u00f3n.<!--more--><br \/>\nA poco de asumido Gerardo Morales a la gobernaci\u00f3n juje\u00f1a, la organizaci\u00f3n Tupac Amar\u00fa liderada por Milagro Sala decide acampar en la plaza que se halla frente a la gobernaci\u00f3n. El gobierno le quita la personer\u00eda jur\u00eddica a la organizaci\u00f3n e inicia una reestructuraci\u00f3n de la pol\u00edtica de cooperativas perseverando en la f\u00e9rrea idea de no darle nada a Milagro Sala, de \u201cno dejarse extorsionar por la organizaci\u00f3n\u201d, y anunciando una pol\u00edtica de cooperativas sin mediaciones como las de la Tupac.<br \/>\nImputada y detenida Milagro, el acampe persever\u00f3. Milagro anunci\u00f3 huelga de hambre. La gobernaci\u00f3n gestiona el desalojo de las calles e insta al menos discursivamente por un pronto desalojo y sin recurrir a \u201carmas letales\u201d.<\/p>\n<p>La detenci\u00f3n de Milagro Sala evidencia la pretensi\u00f3n gubernamental de criminalizar a las organizaciones populares y la protesta social. Pretenden desmontar las vinculaciones que muchas de las organizaciones sociales entablaron con el gobierno central y aplacar la organizaci\u00f3n y movilizaci\u00f3n popular. El nuevo gobierno ve quiz\u00e1s en los programas de ingreso social con trabajo un flanco de ataques, un terreno de ajuste para engrosar el n\u00famero de desempleados, reducir el Estado y debilitar parte de la organizaci\u00f3n popular. Claro que semejante embestida no puede no encontrar resistencias.<br \/>\nEl hecho tambi\u00e9n viene a evidenciar la connivencia pol\u00edtica \u2013 medi\u00e1tica \u2013 jur\u00eddica que con mayor fuerza emerge en los tiempos que corren.<\/p>\n<p>La cobertura y las opiniones medi\u00e1ticas que desat\u00f3 el hecho apuntan a seguir minando de difamaciones, enjuiciamientos y procesos de judicializaci\u00f3n al kirchnerismo. Corroer la imagen social del kirchnerismo tanto como puedan es un cometido en que perseveran a\u00fan llegados al gobierno y con la facilidad de actuar de facto.<\/p>\n<p>En verdad no nos consta ni la portaci\u00f3n de armas que han denunciado, ni la denuncia de \u201cchoreo\u201d de fondos p\u00fablicos asignados a la obra de la organizaci\u00f3n, ni conocemos con certeza de la gesti\u00f3n de los dineros p\u00fablicos girados a la organizaci\u00f3n. Nuevamente nos vemos frente a hechos de una naturaleza tal que no est\u00e1 a nuestro alcance poder constatar por nosotros mismos, esa clase de hechos a las que tanto han apelado y a la que siendo hoy gobierno siguen empleando con primac\u00eda.<br \/>\nCabe la posibilidad pero atinemos a descreer. Valga no ser ingenuos. Desde ya la apuesta a las organizaciones sociales tiene sus aristas criticables. La corrupci\u00f3n y las pr\u00e1cticas m\u00e1s desde\u00f1ables de la pol\u00edtica f\u00e1cilmente pueden darse con organizaciones sociales mediando. Pero tranquilamente podemos estar asistiendo a una operaci\u00f3n medi\u00e1tica, pol\u00edtica. Es muy probable que estamos frente a eso.<\/p>\n<p>Jujuy queda lejos y debemos conformarnos con atenernos a lo que reflejan y han reflejado los medios.<br \/>\nA muchos les sienta bien \u201ccomprar\u201d el relato medi\u00e1tico imperante, que no es nuevo y descansa en nociones comunes de un colectivo amplio que c\u00f3modamente atina a estigmatizar a los perceptores de las pol\u00edticas sociales como vagos que viven del Estado, a decir \u201cestos son unos par\u00e1sitos que a fuerza de movilizaci\u00f3n le arrancan dinero al Estado\u201d, a la vez que hablan de clientelismo y de las corruptas pr\u00e1cticas que supone la mediaci\u00f3n de \u201cpunteros\u201d entre \u201cEstado y beneficiarios\u201d y cobra fuerza la noci\u00f3n de que siempre hay algo turbio detr\u00e1s. Les basta con hacer mella en esas nociones e introducir difamaciones concretas.<br \/>\nLa figura de Milagro Sala resulta paradigm\u00e1tica: mujer, de origen humilde y rasgos ind\u00edgenas, lidera una organizaci\u00f3n social juje\u00f1a de notable envergadura y de predominancia femenina. Su organizaci\u00f3n excede el car\u00e1cter de mera organizaci\u00f3n y conoce de representaci\u00f3n pol\u00edtica en la legislatura provincial y en concejos deliberantes. En las pasadas elecciones, Milagro Sala fue electa diputada del Parlasur.<br \/>\nA juzgar por informes medi\u00e1ticos \u2013aunque no los de mayor repercusi\u00f3n- la obra de la Tupac Amar\u00fa ha sido notable. La Tupac es una organizaci\u00f3n que vali\u00e9ndose de transferencias dinerarias del Estado nacional, sum\u00f3 \u201ccompa\u00f1eros\u201d en el marco de las pol\u00edticas de cooperativas de trabajo a la tarea de realizar obras para la propia comunidad en lo referido a la vivienda, la salud, la educaci\u00f3n, la recreaci\u00f3n a la vez que se percibe un ingreso. Sin lugar a dudas se trata de una labor dignificante.<\/p>\n<p>Evidentemente que el kirchnerismo no ha sido el sumum de la institucionalidad y la democracia liberal \u2013 aunque quiz\u00e1s comparativamente haya estado bastante bien -. Queda de manifiesto en la decisi\u00f3n de transferir recursos a organizaciones populares como la Tupac con cierta discrecionalidad. Valga no ser defensores a ultranza de la democracia liberal pero teniendo pretensiones de mejores formas sin pretender excluir de la escena pol\u00edtica a las organizaciones sociales.<br \/>\nMucho puede hablarse de las formas de proceder de las organizaciones populares pero que esos aspectos no nos hagan perder de vista lo fundamental: la dignificadora obra de organizaciones como la Tupac.<br \/>\nPor cierto, se habr\u00e1n llenado la boca hablando de respeto a las instituciones pero el hoy siendo gobierno, \u201cCambiemos\u201d prescinde de avales parlamentarios recurriendo a m\u00faltiples a DNUs y desconoce de la legitimidad de ciertas disposiciones, y lejos est\u00e1 de ser expresi\u00f3n de respeto a las instituciones.<\/p>\n","protected":false},"excerpt":{"rendered":"<p>El hecho es sabido: detienen a Milagro Sala imputada por tumulto e instigaci\u00f3n a cometer delitos y acusada de desviar fondos p\u00fablicos asignados para la obra de su organizaci\u00f3n.<\/p>\n","protected":false},"author":11,"featured_media":0,"comment_status":"open","ping_status":"open","sticky":false,"template":"","format":"standard","meta":{"_jetpack_newsletter_access":"","_jetpack_dont_email_post_to_subs":false,"_jetpack_newsletter_tier_id":0,"_jetpack_memberships_contains_paywalled_content":false,"_jetpack_memberships_contains_paid_content":false,"footnotes":""},"categories":[64],"tags":[],"class_list":["post-77857","post","type-post","status-publish","format-standard","hentry","category-opinion"],"jetpack_featured_media_url":"","jetpack_shortlink":"https:\/\/wp.me\/p2JWE0-kfL","jetpack-related-posts":[{"id":77718,"url":"https:\/\/www.24baires.com\/?p=77718","url_meta":{"origin":77857,"position":0},"title":"Detenida en una Comisar\u00eda juje\u00f1a, Milagro Salas comenz\u00f3 una huelga de hambre","author":"Grupo Sierra","date":"16\/01\/2016","format":false,"excerpt":"JUJUY.- La l\u00edder de la organizaci\u00f3n Tupac Amaru fue arrestada hoy e imputada por tumulto e instigaci\u00f3n a cometer delito. Tambi\u00e9n se allan\u00f3 su domicilio. Tras ser detenida, Milagro Sala comenz\u00f3 una huelga de hambre. As\u00ed lo confirm\u00f3 su abogado, Luis Paz. \u00a0 La dirigente, que encabeza un acampe con\u2026","rel":"","context":"En \u00abPol\u00edtica\u00bb","block_context":{"text":"Pol\u00edtica","link":"https:\/\/www.24baires.com\/?cat=51"},"img":{"alt_text":"milagro salas","src":"https:\/\/i0.wp.com\/www.24baires.com\/wp-content\/uploads\/2016\/01\/milagro-salas-1.jpg?resize=350%2C200","width":350,"height":200,"srcset":"https:\/\/i0.wp.com\/www.24baires.com\/wp-content\/uploads\/2016\/01\/milagro-salas-1.jpg?resize=350%2C200 1x, https:\/\/i0.wp.com\/www.24baires.com\/wp-content\/uploads\/2016\/01\/milagro-salas-1.jpg?resize=525%2C300 1.5x"},"classes":[]},{"id":89515,"url":"https:\/\/www.24baires.com\/?p=89515","url_meta":{"origin":77857,"position":1},"title":"La Tupac Amaru denunci\u00f3 un ataque en su sede porte\u00f1a","author":"GB","date":"05\/11\/2016","format":false,"excerpt":"Desde la organizaci\u00f3n aseguraron que tres personas con armas ingresaron a la sede ubicada en San Jos\u00e9 y M\u00e9xico y dijeron: \"Dejen de joder con la Milagro\". Tres hombres armados ingresaron este viernes a la sede porte\u00f1a de la Tupac Amaru mientras se desarrollaba la movilizaci\u00f3n de las dos CTA\u2026","rel":"","context":"En \u00abSociedad\u00bb","block_context":{"text":"Sociedad","link":"https:\/\/www.24baires.com\/?cat=1"},"img":{"alt_text":"acampe tupac amaru","src":"https:\/\/i0.wp.com\/www.24baires.com\/wp-content\/uploads\/2016\/01\/acampe-tupac-amaru.jpg?resize=350%2C200","width":350,"height":200,"srcset":"https:\/\/i0.wp.com\/www.24baires.com\/wp-content\/uploads\/2016\/01\/acampe-tupac-amaru.jpg?resize=350%2C200 1x, https:\/\/i0.wp.com\/www.24baires.com\/wp-content\/uploads\/2016\/01\/acampe-tupac-amaru.jpg?resize=525%2C300 1.5x"},"classes":[]},{"id":78281,"url":"https:\/\/www.24baires.com\/?p=78281","url_meta":{"origin":77857,"position":2},"title":"Tercer d\u00eda de acampe en Plaza de Mayo por la liberaci\u00f3n de Milagro Sala","author":"AF","date":"29\/01\/2016","format":false,"excerpt":"La dirigente social Milagro Sala est\u00e1 detenida desde el 16 de enero en un penal de Jujuy por \"Instigaci\u00f3n a la violencia y tumulto\", seg\u00fan consta en el expediente, a ra\u00edz de la protesta que se lleva a cabo en la Plaza Belgrano. Al cumplirse el tercer d\u00eda de acampe,\u2026","rel":"","context":"En \u00abSociedad\u00bb","block_context":{"text":"Sociedad","link":"https:\/\/www.24baires.com\/?cat=1"},"img":{"alt_text":"campamento sala","src":"https:\/\/i0.wp.com\/www.24baires.com\/wp-content\/uploads\/2016\/01\/campamento-sala-300x199.jpg?resize=350%2C200","width":350,"height":200},"classes":[]},{"id":78008,"url":"https:\/\/www.24baires.com\/?p=78008","url_meta":{"origin":77857,"position":3},"title":"Tras el rechazo de habeas corpus, Milagro Sala seguir\u00e1 detenida","author":"GB","date":"22\/01\/2016","format":false,"excerpt":"El tribunal, con las firmas de los camaristas Guillermo Elias y Ernesto Sola, resolvi\u00f3 en un p\u00e1rrafo de apenas una carilla confirmar el fallo que mantiene en prisi\u00f3n a la dirigente juje\u00f1a y l\u00edder de la Tupac Amaru. La C\u00e1mara Federal de Salta confirm\u00f3 el rechazo a la acci\u00f3n de\u2026","rel":"","context":"En \u00abPol\u00edtica\u00bb","block_context":{"text":"Pol\u00edtica","link":"https:\/\/www.24baires.com\/?cat=51"},"img":{"alt_text":"milagro salas","src":"https:\/\/i0.wp.com\/www.24baires.com\/wp-content\/uploads\/2016\/01\/milagro-salas-1.jpg?resize=350%2C200","width":350,"height":200,"srcset":"https:\/\/i0.wp.com\/www.24baires.com\/wp-content\/uploads\/2016\/01\/milagro-salas-1.jpg?resize=350%2C200 1x, https:\/\/i0.wp.com\/www.24baires.com\/wp-content\/uploads\/2016\/01\/milagro-salas-1.jpg?resize=525%2C300 1.5x"},"classes":[]},{"id":77990,"url":"https:\/\/www.24baires.com\/?p=77990","url_meta":{"origin":77857,"position":4},"title":"Cortes en distintos puntos del pa\u00eds por la libertad de Milagro Sala","author":"GB","date":"22\/01\/2016","format":false,"excerpt":"Organizaciones sociales, pol\u00edticas y de Derechos Humanos se manifiestan a lo largo de la Argentina por la liberaci\u00f3n de la dirigente Milagro Sala detenida desde el 16 de enero en la provincia de Jujuy. La detenci\u00f3n de Milagro Sala tiene su m\u00e1xima repercusi\u00f3n en las calles de distintos puntos de\u2026","rel":"","context":"En \u00abSociedad\u00bb","block_context":{"text":"Sociedad","link":"https:\/\/www.24baires.com\/?cat=1"},"img":{"alt_text":"manifestacion por milagro sala","src":"https:\/\/i0.wp.com\/www.24baires.com\/wp-content\/uploads\/2016\/01\/manifestacion-por-milagro-sala.jpg?resize=350%2C200","width":350,"height":200,"srcset":"https:\/\/i0.wp.com\/www.24baires.com\/wp-content\/uploads\/2016\/01\/manifestacion-por-milagro-sala.jpg?resize=350%2C200 1x, https:\/\/i0.wp.com\/www.24baires.com\/wp-content\/uploads\/2016\/01\/manifestacion-por-milagro-sala.jpg?resize=525%2C300 1.5x"},"classes":[]},{"id":78222,"url":"https:\/\/www.24baires.com\/?p=78222","url_meta":{"origin":77857,"position":5},"title":"Segundo d\u00eda de acampe en Plaza de Mayo en reclamo de la libertad de Milagro Sala","author":"AF","date":"28\/01\/2016","format":false,"excerpt":"Un centenar de integrantes de organizaciones sociales y pol\u00edticas contin\u00faan con la protesta en la hist\u00f3rica plaza. Montaron ayer peque\u00f1as carpas en los alrededores y una m\u00e1s grande en el medio de ese espacio. La protesta frente a la Casa Rosada es para pedir la libertad de la l\u00edder de\u2026","rel":"","context":"En \u00abSociedad\u00bb","block_context":{"text":"Sociedad","link":"https:\/\/www.24baires.com\/?cat=1"},"img":{"alt_text":"milagro salas","src":"https:\/\/i0.wp.com\/www.24baires.com\/wp-content\/uploads\/2016\/01\/milagro-salas.jpg?resize=350%2C200","width":350,"height":200,"srcset":"https:\/\/i0.wp.com\/www.24baires.com\/wp-content\/uploads\/2016\/01\/milagro-salas.jpg?resize=350%2C200 1x, https:\/\/i0.wp.com\/www.24baires.com\/wp-content\/uploads\/2016\/01\/milagro-salas.jpg?resize=525%2C300 1.5x"},"classes":[]}],"jetpack_sharing_enabled":true,"jetpack_likes_enabled":true,"_links":{"self":[{"href":"https:\/\/www.24baires.com\/index.php?rest_route=\/wp\/v2\/posts\/77857","targetHints":{"allow":["GET"]}}],"collection":[{"href":"https:\/\/www.24baires.com\/index.php?rest_route=\/wp\/v2\/posts"}],"about":[{"href":"https:\/\/www.24baires.com\/index.php?rest_route=\/wp\/v2\/types\/post"}],"author":[{"embeddable":true,"href":"https:\/\/www.24baires.com\/index.php?rest_route=\/wp\/v2\/users\/11"}],"replies":[{"embeddable":true,"href":"https:\/\/www.24baires.com\/index.php?rest_route=%2Fwp%2Fv2%2Fcomments&post=77857"}],"version-history":[{"count":1,"href":"https:\/\/www.24baires.com\/index.php?rest_route=\/wp\/v2\/posts\/77857\/revisions"}],"predecessor-version":[{"id":77858,"href":"https:\/\/www.24baires.com\/index.php?rest_route=\/wp\/v2\/posts\/77857\/revisions\/77858"}],"wp:attachment":[{"href":"https:\/\/www.24baires.com\/index.php?rest_route=%2Fwp%2Fv2%2Fmedia&parent=77857"}],"wp:term":[{"taxonomy":"category","embeddable":true,"href":"https:\/\/www.24baires.com\/index.php?rest_route=%2Fwp%2Fv2%2Fcategories&post=77857"},{"taxonomy":"post_tag","embeddable":true,"href":"https:\/\/www.24baires.com\/index.php?rest_route=%2Fwp%2Fv2%2Ftags&post=77857"}],"curies":[{"name":"wp","href":"https:\/\/api.w.org\/{rel}","templated":true}]}}