{"id":7779,"date":"2012-12-03T21:57:21","date_gmt":"2012-12-04T00:57:21","guid":{"rendered":"http:\/\/www.24baires.com\/?p=7779"},"modified":"2012-12-03T21:57:21","modified_gmt":"2012-12-04T00:57:21","slug":"chela-anuncio-por-twitter-su-retiro-del-tenis","status":"publish","type":"post","link":"https:\/\/www.24baires.com\/?p=7779","title":{"rendered":"Chela anunci\u00f3 por Twitter su retiro del Tenis"},"content":{"rendered":"<p><img data-recalc-dims=\"1\" loading=\"lazy\" decoding=\"async\" class=\"aligncenter size-full wp-image-7780\" title=\"chela\" src=\"https:\/\/i0.wp.com\/www.24baires.com\/wp-content\/uploads\/2012\/12\/chela.jpg?resize=560%2C335\" alt=\"\" width=\"560\" height=\"335\" srcset=\"https:\/\/i0.wp.com\/www.24baires.com\/wp-content\/uploads\/2012\/12\/chela.jpg?w=560&amp;ssl=1 560w, https:\/\/i0.wp.com\/www.24baires.com\/wp-content\/uploads\/2012\/12\/chela.jpg?resize=300%2C179&amp;ssl=1 300w\" sizes=\"auto, (max-width: 560px) 100vw, 560px\" \/><\/p>\n<p>El tenista dej\u00f3 el circuito profesional luego de 14 a\u00f1os y nueve t\u00edtulos entre singles y dobles. \u00abDespu\u00e9s de muchos a\u00f1os lleg\u00f3 el momento de pasar a otra etapa, me retiro\u00bb, revel\u00f3 <strong>el bonaerense Juan Ignacio Chela.<\/strong><!--more--><br \/>\n\u00abDespu\u00e9s de muchos a\u00f1os lleg\u00f3 el momento de pasar a otra etapa en mi vida, me retiro del tenis profesional\u00bb, public\u00f3 el deportista nacido hace 33 a\u00f1os en Ciudad Evita, en su cuenta de Twitter @JuanIChela.<br \/>\nA lo largo de su carrera, el \u00abFlaco\u00bb consigui\u00f3 seis t\u00edtulos en single (2 ATP 500 y 4 ATP 250), tres en dobles (Vi\u00f1a del Mar, Estoril y Bucarest) y 9 Challengers, todos entre el a\u00f1o 2000 y 2010.<br \/>\nEl 9 de agosto de 2004 alcanz\u00f3 la mejor ubicaci\u00f3n de su carrera cuando fue 15 en el escalaf\u00f3n mundial de la ATP, y termin\u00f3 el 2012, luego de dos a\u00f1os de bajos rendimientos y alejado de la definici\u00f3n de los torneos, en la posici\u00f3n 176.<br \/>\nEn los Grand Slams no consigui\u00f3 grandes resultados y solo alcanz\u00f3 los cuartos de final en el Abierto de Roland Garros 2004 y 2011 y en el Abierto de Estados Unidos 2007.<br \/>\nChela, adem\u00e1s, form\u00f3 parte del equipo argentino de Copa Davis que perdi\u00f3 la final del 2001 ante Espa\u00f1a por 3-1.<br \/>\nEl bonaerense, que en su camino derrot\u00f3 a dos ex n\u00famero uno del mundo como Marat Safin y Carlos Moy\u00e1, se retira como el cuarto argentino con m\u00e1s victorias (326) en el circuito profesional, detr\u00e1s de Guillermo Vilas, David Nalbandian y Jos\u00e9 Luis Clerc.<\/p>\n","protected":false},"excerpt":{"rendered":"<p>El tenista dej\u00f3 el circuito profesional luego de 14 a\u00f1os y nueve t\u00edtulos entre singles y dobles. \u00abDespu\u00e9s de muchos a\u00f1os lleg\u00f3 el momento de pasar a otra etapa, me retiro\u00bb, revel\u00f3 el bonaerense Juan Ignacio Chela.<\/p>\n","protected":false},"author":11,"featured_media":0,"comment_status":"open","ping_status":"open","sticky":false,"template":"","format":"standard","meta":{"_jetpack_newsletter_access":"","_jetpack_dont_email_post_to_subs":false,"_jetpack_newsletter_tier_id":0,"_jetpack_memberships_contains_paywalled_content":false,"_jetpack_memberships_contains_paid_content":false,"footnotes":""},"categories":[12],"tags":[],"class_list":["post-7779","post","type-post","status-publish","format-standard","hentry","category-deportes"],"jetpack_featured_media_url":"","jetpack_shortlink":"https:\/\/wp.me\/p2JWE0-21t","jetpack-related-posts":[{"id":39742,"url":"https:\/\/www.24baires.com\/?p=39742","url_meta":{"origin":7779,"position":0},"title":"Grimaldi: \u00abHay que llegar a un acuerdo para tener a Del Potro en la Davis\u00bb","author":"Grupo Sierra","date":"03\/02\/2014","format":false,"excerpt":"La Asociaci\u00f3n Argentina de Tenis (AAT) se propuso \"modificar lo que haya que modificar\" para lograr la vuelta de Juan Mart\u00edn Del Potro al equipo de Copa Davis, seg\u00fan indic\u00f3 hoy su presidente Arturo Grimaldi. Un d\u00eda despu\u00e9s de la eliminaci\u00f3n ante Italia en la primera ronda del Grupo Mundial,\u2026","rel":"","context":"En \u00abDeportes\u00bb","block_context":{"text":"Deportes","link":"https:\/\/www.24baires.com\/?cat=12"},"img":{"alt_text":"del potro","src":"https:\/\/i0.wp.com\/www.24baires.com\/wp-content\/uploads\/2014\/02\/del-potro.jpg?resize=350%2C200","width":350,"height":200,"srcset":"https:\/\/i0.wp.com\/www.24baires.com\/wp-content\/uploads\/2014\/02\/del-potro.jpg?resize=350%2C200 1x, https:\/\/i0.wp.com\/www.24baires.com\/wp-content\/uploads\/2014\/02\/del-potro.jpg?resize=525%2C300 1.5x"},"classes":[]},{"id":737,"url":"https:\/\/www.24baires.com\/?p=737","url_meta":{"origin":7779,"position":1},"title":"El tandilense M\u00f3naco gan\u00f3 el ATP de Malasia","author":"Grupo Sierra","date":"30\/09\/2012","format":false,"excerpt":"Juan M\u00f3naco logr\u00f3 su cuarto t\u00edtulo en el a\u00f1o, s\u00e9ptimo de su carrera, al consagrarse en el ATP 250 de Malasia con su victoria sobre el franc\u00e9s Julien Benneteau por 7-5, 4-6 y 6-3. El tandilense, que desde ma\u00f1ana reingresar\u00e1 al \"top ten\" del ranking mundial, fue tambi\u00e9n campe\u00f3n de\u2026","rel":"","context":"En \u00abDeportes\u00bb","block_context":{"text":"Deportes","link":"https:\/\/www.24baires.com\/?cat=12"},"img":{"alt_text":"","src":"https:\/\/i0.wp.com\/www.24baires.com\/wp-content\/uploads\/2012\/09\/Monaco-tenis.jpg?resize=350%2C200","width":350,"height":200,"srcset":"https:\/\/i0.wp.com\/www.24baires.com\/wp-content\/uploads\/2012\/09\/Monaco-tenis.jpg?resize=350%2C200 1x, https:\/\/i0.wp.com\/www.24baires.com\/wp-content\/uploads\/2012\/09\/Monaco-tenis.jpg?resize=525%2C300 1.5x"},"classes":[]},{"id":40310,"url":"https:\/\/www.24baires.com\/?p=40310","url_meta":{"origin":7779,"position":2},"title":"\u00abPico\u00bb M\u00f3naco perdi\u00f3 y qued\u00f3 afuera del ATP de Buenos Aires","author":"Grupo Sierra","date":"12\/02\/2014","format":false,"excerpt":"El tenista argentino Juan M\u00f3naco, inmerso en una racha negativa de casi seis meses sin cantar victoria, acumul\u00f3 errores y qued\u00f3 eliminado en la ronda inicial del ATP de Buenos Aires, al perder con el espa\u00f1ol Albert Ramos por 6-7 (3-7), 6-4 y 6-2 en el partido que cerr\u00f3 la\u2026","rel":"","context":"En \u00abDeportes\u00bb","block_context":{"text":"Deportes","link":"https:\/\/www.24baires.com\/?cat=12"},"img":{"alt_text":"Monaco tenis","src":"https:\/\/i0.wp.com\/www.24baires.com\/wp-content\/uploads\/2012\/09\/Monaco-tenis.jpg?resize=350%2C200","width":350,"height":200,"srcset":"https:\/\/i0.wp.com\/www.24baires.com\/wp-content\/uploads\/2012\/09\/Monaco-tenis.jpg?resize=350%2C200 1x, https:\/\/i0.wp.com\/www.24baires.com\/wp-content\/uploads\/2012\/09\/Monaco-tenis.jpg?resize=525%2C300 1.5x"},"classes":[]},{"id":15299,"url":"https:\/\/www.24baires.com\/?p=15299","url_meta":{"origin":7779,"position":3},"title":"El marplatense Zeballos se llev\u00f3 puesto a Nadal en Vi\u00f1a del Mar","author":"Grupo Sierra","date":"10\/02\/2013","format":false,"excerpt":"El tenista espa\u00f1ol Rafael Nadal quinto en el ranking del ATP, perdi\u00f3 la final del Torneo de Vi\u00f1a del Mar en Chile, ante el marplatense Horacio Zeballos con parciales de 7-6, 6-7 y 4-6. El abierto de Vi\u00f1a del Mar, marc\u00f3 el regreso de Nadal al circuito profesional, y en\u2026","rel":"","context":"En \u00abDeportes\u00bb","block_context":{"text":"Deportes","link":"https:\/\/www.24baires.com\/?cat=12"},"img":{"alt_text":"zeballos","src":"https:\/\/i0.wp.com\/www.24baires.com\/wp-content\/uploads\/2013\/02\/zeballos.jpg?resize=350%2C200","width":350,"height":200,"srcset":"https:\/\/i0.wp.com\/www.24baires.com\/wp-content\/uploads\/2013\/02\/zeballos.jpg?resize=350%2C200 1x, https:\/\/i0.wp.com\/www.24baires.com\/wp-content\/uploads\/2013\/02\/zeballos.jpg?resize=525%2C300 1.5x"},"classes":[]},{"id":103813,"url":"https:\/\/www.24baires.com\/?p=103813","url_meta":{"origin":7779,"position":4},"title":"Del Potro es el nuevo n\u00famero 3 del mundo","author":"AF","date":"10\/08\/2018","format":false,"excerpt":"Alexander Zverev cay\u00f3 en el ATP de Toronto y, de esta manera, el tandilense finalmente ocupar\u00e1 un lugar en el podio de los mejores tenistas del mundo. Juan Mart\u00edn del Potro lleg\u00f3 al n\u00famero 3 del mundo, con lo que consigui\u00f3 el mejor ranking de su carrera. Su nueva posici\u00f3n\u2026","rel":"","context":"En \u00abDeportes\u00bb","block_context":{"text":"Deportes","link":"https:\/\/www.24baires.com\/?cat=12"},"img":{"alt_text":"","src":"https:\/\/i0.wp.com\/www.24baires.com\/wp-content\/uploads\/2012\/12\/del-potro.jpg?resize=350%2C200","width":350,"height":200,"srcset":"https:\/\/i0.wp.com\/www.24baires.com\/wp-content\/uploads\/2012\/12\/del-potro.jpg?resize=350%2C200 1x, https:\/\/i0.wp.com\/www.24baires.com\/wp-content\/uploads\/2012\/12\/del-potro.jpg?resize=525%2C300 1.5x"},"classes":[]},{"id":115938,"url":"https:\/\/www.24baires.com\/?p=115938","url_meta":{"origin":7779,"position":5},"title":"La asistencia para el pago de salarios llegar\u00e1 a 7 de cada 10 empresas solicitantes","author":"GB","date":"13\/08\/2020","format":false,"excerpt":"As\u00ed lo confirmaron fuentes oficiales luego de un nuevo encuentro del gabinete econ\u00f3mico, en la que se analiz\u00f3 la marcha del programa y la ampliaci\u00f3n de los criterios de ingreso. Santiago Cafiero, encabez\u00f3 una nueva reuni\u00f3n del gabinete econ\u00f3mico en la que se confirm\u00f3 que el ATP 4 llegar\u00e1 al\u2026","rel":"","context":"En \u00abPol\u00edtica\u00bb","block_context":{"text":"Pol\u00edtica","link":"https:\/\/www.24baires.com\/?cat=51"},"img":{"alt_text":"","src":"","width":0,"height":0},"classes":[]}],"jetpack_sharing_enabled":true,"jetpack_likes_enabled":true,"_links":{"self":[{"href":"https:\/\/www.24baires.com\/index.php?rest_route=\/wp\/v2\/posts\/7779","targetHints":{"allow":["GET"]}}],"collection":[{"href":"https:\/\/www.24baires.com\/index.php?rest_route=\/wp\/v2\/posts"}],"about":[{"href":"https:\/\/www.24baires.com\/index.php?rest_route=\/wp\/v2\/types\/post"}],"author":[{"embeddable":true,"href":"https:\/\/www.24baires.com\/index.php?rest_route=\/wp\/v2\/users\/11"}],"replies":[{"embeddable":true,"href":"https:\/\/www.24baires.com\/index.php?rest_route=%2Fwp%2Fv2%2Fcomments&post=7779"}],"version-history":[{"count":2,"href":"https:\/\/www.24baires.com\/index.php?rest_route=\/wp\/v2\/posts\/7779\/revisions"}],"predecessor-version":[{"id":7782,"href":"https:\/\/www.24baires.com\/index.php?rest_route=\/wp\/v2\/posts\/7779\/revisions\/7782"}],"wp:attachment":[{"href":"https:\/\/www.24baires.com\/index.php?rest_route=%2Fwp%2Fv2%2Fmedia&parent=7779"}],"wp:term":[{"taxonomy":"category","embeddable":true,"href":"https:\/\/www.24baires.com\/index.php?rest_route=%2Fwp%2Fv2%2Fcategories&post=7779"},{"taxonomy":"post_tag","embeddable":true,"href":"https:\/\/www.24baires.com\/index.php?rest_route=%2Fwp%2Fv2%2Ftags&post=7779"}],"curies":[{"name":"wp","href":"https:\/\/api.w.org\/{rel}","templated":true}]}}