{"id":7774,"date":"2012-12-03T21:17:34","date_gmt":"2012-12-04T00:17:34","guid":{"rendered":"http:\/\/www.24baires.com\/?p=7774"},"modified":"2012-12-03T21:20:57","modified_gmt":"2012-12-04T00:20:57","slug":"scioli-apelara-el-fallo-que-resolvio-no-descontar-los-dias-de-paro-a-docentes","status":"publish","type":"post","link":"https:\/\/www.24baires.com\/?p=7774","title":{"rendered":"El Gobernador apelar\u00e1 el fallo que resolvi\u00f3 no descontar los d\u00edas de paro a docentes"},"content":{"rendered":"<p><img data-recalc-dims=\"1\" loading=\"lazy\" decoding=\"async\" class=\"alignleft size-full wp-image-7775\" title=\"cuartango\" src=\"https:\/\/i0.wp.com\/www.24baires.com\/wp-content\/uploads\/2012\/12\/cuartango.jpg?resize=300%2C200\" alt=\"\" width=\"300\" height=\"200\" \/>El ministro de Trabajo, Oscar Cuartango, inform\u00f3 que rechazar\u00e1n la medida que resolvi\u00f3 a favor del recurso de amparo presentado por Suteba y FEB.<!--more--><br \/>\nEl ministro de Trabajo de la provincia de Buenos Aires, Oscar Cuartango, inform\u00f3 que apelar\u00e1n el fallo del juez en lo Contencioso Administrativo de La Plata, Luis Arias, quien resolvi\u00f3 a favor de un amparo presentado por los gremios Suteba y FEB para impedir que el gobierno bonaerense descuente los d\u00edas de paro de octubre y noviembre a los docentes.<\/p>\n<p>El funcionario indic\u00f3 que \u201cme informaron que hubo una medida cautelar que todav\u00eda no est\u00e1 notificada\u201d. Manifest\u00f3 que \u201cno es la primera vez que el doctor Arias concede una cautelar de este tipo que luego fue revocada por la C\u00e1mara de Apelaciones\u201d.<\/p>\n<p>En ese marco, Cuartango enfatiz\u00f3 que \u201cel gobierno de la provincia de Buenos Aires lo va a apelar y, como son los mismos integrantes de la C\u00e1mara en lo Contencioso Administrativo, no hay mucho margen para duda de que ello va a ser revocado\u201d.<\/p>\n","protected":false},"excerpt":{"rendered":"<p>El ministro de Trabajo, Oscar Cuartango, inform\u00f3 que rechazar\u00e1n la medida que resolvi\u00f3 a favor del recurso de amparo presentado por Suteba y FEB.<\/p>\n","protected":false},"author":4,"featured_media":0,"comment_status":"open","ping_status":"open","sticky":false,"template":"","format":"standard","meta":{"_jetpack_newsletter_access":"","_jetpack_dont_email_post_to_subs":false,"_jetpack_newsletter_tier_id":0,"_jetpack_memberships_contains_paywalled_content":false,"_jetpack_memberships_contains_paid_content":false,"footnotes":""},"categories":[1],"tags":[],"class_list":["post-7774","post","type-post","status-publish","format-standard","hentry","category-sociedad"],"jetpack_featured_media_url":"","jetpack_shortlink":"https:\/\/wp.me\/p2JWE0-21o","jetpack-related-posts":[{"id":42658,"url":"https:\/\/www.24baires.com\/?p=42658","url_meta":{"origin":7774,"position":0},"title":"Los docentes no levantar\u00e1n el paro","author":"Grupo Sierra","date":"24\/03\/2014","format":false,"excerpt":"El Frente Gremial Docente bonaerense ratific\u00f3 el paro por considerar que la medida cautelar que los obliga a dar clases viola el derecho a huelga. Cuartango afirm\u00f3 que \"quedar\u00e1n fuera de la ley\". El Frente Gremial Docente Bonaerense (FGDB) ratific\u00f3 hoy que no levantar\u00e1 el paro pese al fallo judicial\u2026","rel":"","context":"En \u00abSociedad\u00bb","block_context":{"text":"Sociedad","link":"https:\/\/www.24baires.com\/?cat=1"},"img":{"alt_text":"de luc\u00eda docentes","src":"https:\/\/i0.wp.com\/www.24baires.com\/wp-content\/uploads\/2013\/03\/de-luc%C3%ADa-docentes.jpg?resize=350%2C200","width":350,"height":200,"srcset":"https:\/\/i0.wp.com\/www.24baires.com\/wp-content\/uploads\/2013\/03\/de-luc%C3%ADa-docentes.jpg?resize=350%2C200 1x, https:\/\/i0.wp.com\/www.24baires.com\/wp-content\/uploads\/2013\/03\/de-luc%C3%ADa-docentes.jpg?resize=525%2C300 1.5x"},"classes":[]},{"id":56179,"url":"https:\/\/www.24baires.com\/?p=56179","url_meta":{"origin":7774,"position":1},"title":"Conflicto docente: quieren adelantar las paritarias","author":"Grupo Sierra","date":"28\/10\/2014","format":false,"excerpt":"El ministro de Trabajo bonaerense, Oscar Cuartango, manifest\u00f3 que se eval\u00faa adelantar la paritaria docente \"ante una \u201cinquietud que los gremios plantearon al gobernador Daniel Scioli\" pero adelant\u00f3 que se debe esperar a que cierre la paritaria nacional. \u201cHay un dato que no se puede soslayar: podemos anticipar la negociaci\u00f3n,\u2026","rel":"","context":"En \u00abPol\u00edtica\u00bb","block_context":{"text":"Pol\u00edtica","link":"https:\/\/www.24baires.com\/?cat=51"},"img":{"alt_text":"suteba conferencia","src":"https:\/\/i0.wp.com\/www.24baires.com\/wp-content\/uploads\/2013\/05\/suteba-conferencia.jpg?resize=350%2C200","width":350,"height":200,"srcset":"https:\/\/i0.wp.com\/www.24baires.com\/wp-content\/uploads\/2013\/05\/suteba-conferencia.jpg?resize=350%2C200 1x, https:\/\/i0.wp.com\/www.24baires.com\/wp-content\/uploads\/2013\/05\/suteba-conferencia.jpg?resize=525%2C300 1.5x"},"classes":[]},{"id":6762,"url":"https:\/\/www.24baires.com\/?p=6762","url_meta":{"origin":7774,"position":2},"title":"Cuartango confirm\u00f3 que descontar\u00e1n los d\u00edas de paro a los docentes y se tensa el conflicto","author":"Grupo Sierra","date":"25\/11\/2012","format":false,"excerpt":"El ministro de Trabajo cuestion\u00f3 este domingo a los maestros por haber llevado a cabo dos huelgas de 48 horas \u201ca pocos d\u00edas de terminar las clases\" y dijo que es \"una pol\u00edtica de Estado descontar los d\u00edas que no se trabaja\". El Frente Gremial se prepara para apelar ante\u2026","rel":"","context":"En \u00abProvincia\u00bb","block_context":{"text":"Provincia","link":"https:\/\/www.24baires.com\/?cat=40"},"img":{"alt_text":"","src":"https:\/\/i0.wp.com\/www.24baires.com\/wp-content\/uploads\/2012\/11\/cuartagno-ministro.jpg?resize=350%2C200","width":350,"height":200,"srcset":"https:\/\/i0.wp.com\/www.24baires.com\/wp-content\/uploads\/2012\/11\/cuartagno-ministro.jpg?resize=350%2C200 1x, https:\/\/i0.wp.com\/www.24baires.com\/wp-content\/uploads\/2012\/11\/cuartagno-ministro.jpg?resize=525%2C300 1.5x"},"classes":[]},{"id":42897,"url":"https:\/\/www.24baires.com\/?p=42897","url_meta":{"origin":7774,"position":3},"title":"Los docentes apelar\u00e1n el fallo pero concurrir\u00e1n a la audiencia del martes","author":"GB","date":"27\/03\/2014","format":false,"excerpt":"SUTEBA Y FEB decidieron apelar la medida cautelar dispuesta por el juzgado Civil y Comercial 2 de la ciudad de La Plata, que orden\u00f3 a los gremios retornar a las aulas y dejar sin efecto el paro que realizan. A pesar de ello, los gremios decicideron asistir a la audiencia\u2026","rel":"","context":"En \u00abSociedad\u00bb","block_context":{"text":"Sociedad","link":"https:\/\/www.24baires.com\/?cat=1"},"img":{"alt_text":"paritarias","src":"https:\/\/i0.wp.com\/www.24baires.com\/wp-content\/uploads\/2014\/03\/paritarias-300x178.jpg?resize=350%2C200","width":350,"height":200},"classes":[]},{"id":7836,"url":"https:\/\/www.24baires.com\/?p=7836","url_meta":{"origin":7774,"position":4},"title":"De Luc\u00eda ratific\u00f3 que apelar\u00e1n al fallo que establece no descontar los d\u00edas de paro","author":"AF","date":"04\/12\/2012","format":false,"excerpt":"El gobierno bonaerense apelar\u00e1 el fallo que proh\u00edbe descontar d\u00edas de paro a docentes, seg\u00fan confirm\u00f3 este martes la directora general de Cultura y Educaci\u00f3n, Nora de Luc\u00eda. \"Tenemos la obligaci\u00f3n de descontar porque hay una resoluci\u00f3n del a\u00f1o 2009 que dice que, si bien reconocemos el derecho a huelga,\u2026","rel":"","context":"En \u00abSociedad\u00bb","block_context":{"text":"Sociedad","link":"https:\/\/www.24baires.com\/?cat=1"},"img":{"alt_text":"","src":"","width":0,"height":0},"classes":[]},{"id":56532,"url":"https:\/\/www.24baires.com\/?p=56532","url_meta":{"origin":7774,"position":5},"title":"El Gobierno se re\u00fane con docentes para evitar un nuevo paro","author":"AF","date":"04\/11\/2014","format":false,"excerpt":"El jefe de Gabinete bonaerense, Alberto P\u00e9rez, y la directora general de Cultura y Educaci\u00f3n, Nora de Luc\u00eda, se reunir\u00e1n hoy con los gremios docentes en el marco del tratamiento del proyecto de Ley del Presupuesto provincial y ante el anuncio de paro realizado por los maestros. El objetivo del\u2026","rel":"","context":"En \u00abProvincia\u00bb","block_context":{"text":"Provincia","link":"https:\/\/www.24baires.com\/?cat=40"},"img":{"alt_text":"baradel denuncia inspectores","src":"https:\/\/i0.wp.com\/www.24baires.com\/wp-content\/uploads\/2013\/05\/baradel-denuncia-inspectores.jpg?resize=350%2C200","width":350,"height":200,"srcset":"https:\/\/i0.wp.com\/www.24baires.com\/wp-content\/uploads\/2013\/05\/baradel-denuncia-inspectores.jpg?resize=350%2C200 1x, https:\/\/i0.wp.com\/www.24baires.com\/wp-content\/uploads\/2013\/05\/baradel-denuncia-inspectores.jpg?resize=525%2C300 1.5x"},"classes":[]}],"jetpack_sharing_enabled":true,"jetpack_likes_enabled":true,"_links":{"self":[{"href":"https:\/\/www.24baires.com\/index.php?rest_route=\/wp\/v2\/posts\/7774","targetHints":{"allow":["GET"]}}],"collection":[{"href":"https:\/\/www.24baires.com\/index.php?rest_route=\/wp\/v2\/posts"}],"about":[{"href":"https:\/\/www.24baires.com\/index.php?rest_route=\/wp\/v2\/types\/post"}],"author":[{"embeddable":true,"href":"https:\/\/www.24baires.com\/index.php?rest_route=\/wp\/v2\/users\/4"}],"replies":[{"embeddable":true,"href":"https:\/\/www.24baires.com\/index.php?rest_route=%2Fwp%2Fv2%2Fcomments&post=7774"}],"version-history":[{"count":3,"href":"https:\/\/www.24baires.com\/index.php?rest_route=\/wp\/v2\/posts\/7774\/revisions"}],"predecessor-version":[{"id":7777,"href":"https:\/\/www.24baires.com\/index.php?rest_route=\/wp\/v2\/posts\/7774\/revisions\/7777"}],"wp:attachment":[{"href":"https:\/\/www.24baires.com\/index.php?rest_route=%2Fwp%2Fv2%2Fmedia&parent=7774"}],"wp:term":[{"taxonomy":"category","embeddable":true,"href":"https:\/\/www.24baires.com\/index.php?rest_route=%2Fwp%2Fv2%2Fcategories&post=7774"},{"taxonomy":"post_tag","embeddable":true,"href":"https:\/\/www.24baires.com\/index.php?rest_route=%2Fwp%2Fv2%2Ftags&post=7774"}],"curies":[{"name":"wp","href":"https:\/\/api.w.org\/{rel}","templated":true}]}}