{"id":7771,"date":"2012-12-03T20:55:32","date_gmt":"2012-12-03T23:55:32","guid":{"rendered":"http:\/\/www.24baires.com\/?p=7771"},"modified":"2012-12-03T20:55:32","modified_gmt":"2012-12-03T23:55:32","slug":"piden-a-scioli-la-aplicacion-de-una-reduccion-impositiva-sobre-el-sudoeste-bonaerense","status":"publish","type":"post","link":"https:\/\/www.24baires.com\/?p=7771","title":{"rendered":"Piden a Scioli la aplicaci\u00f3n de una reducci\u00f3n impositiva sobre el sudoeste bonaerense"},"content":{"rendered":"<p>Piden una reducci\u00f3n del Valor Fiscal para aquellos inmuebles rurales situados dentro de los doce distritos abarcados por el \u201cPlan de Desarrollo del Sudoeste\u201d.<!--more--><\/p>\n<p>Legisladores de la Sexta Secci\u00f3n bonaerense enviaron una carta al Gobernador de la provincia, Daniel Scioli, a fin de solicitarle una reducci\u00f3n del Valor Fiscal para aquellos inmuebles rurales situados dentro de los doce distritos abarcados por el \u201cPlan de Desarrollo del Sudoeste\u201d.<\/p>\n<p>\u201cSi bien es cierto que se ha contemplado la situaci\u00f3n de los productores del sudoeste bonaerense al momento de establecer el Impuesto Inmobiliario Rural, esta diferenciaci\u00f3n no se ha establecido en el reval\u00fao fiscal, y por lo tanto afectar\u00e1 en el aumento de los impuestos nacionales de Bienes Personales y Ganancia M\u00ednima Presunta, afectando a productores que antes no estaban alcanzados por dichos impuestos\u201d se\u00f1alaron los diputados.<\/p>\n<p>Seg\u00fan los legisladores el reval\u00fao previsto determina un incremento ficticio del capital de los contribuyentes lo que impacta negativamente en la actividad agropecuaria y condiciona la productividad.<\/p>\n<p>Por su parte, el diputado macrista Jorge Srodek destac\u00f3 que \u201cla nueva imposici\u00f3n pretendida acrecentar\u00e1 la crisis por la que atraviesa el sector\u201d y agreg\u00f3 que \u201cen muchos casos significar\u00e1 un endeudamiento ante la imposibilidad de pago de las nuevas cargas fiscales\u201d.<\/p>\n<p>Asimismo, Srodek afirm\u00f3 que \u201cesta medida tendr\u00e1 como consecuencia la desaparici\u00f3n de peque\u00f1os y medianos productores de la regi\u00f3n, que se sumaran a los m\u00e1s de mil que ya han sido expulsados en los \u00faltimos a\u00f1os\u201d.<\/p>\n<p>La carta fue firmada por la diputada nacional Virginia Linares, el senador nacional Jaime Linares, diputados y senadores provinciales y por varios intendentes.<\/p>\n","protected":false},"excerpt":{"rendered":"<p>Piden una reducci\u00f3n del Valor Fiscal para aquellos inmuebles rurales situados dentro de los doce distritos abarcados por el \u201cPlan de Desarrollo del Sudoeste\u201d.<\/p>\n","protected":false},"author":4,"featured_media":0,"comment_status":"open","ping_status":"open","sticky":false,"template":"","format":"standard","meta":{"_jetpack_newsletter_access":"","_jetpack_dont_email_post_to_subs":false,"_jetpack_newsletter_tier_id":0,"_jetpack_memberships_contains_paywalled_content":false,"_jetpack_memberships_contains_paid_content":false,"footnotes":""},"categories":[45],"tags":[],"class_list":["post-7771","post","type-post","status-publish","format-standard","hentry","category-economia"],"jetpack_featured_media_url":"","jetpack_shortlink":"https:\/\/wp.me\/p2JWE0-21l","jetpack-related-posts":[{"id":9469,"url":"https:\/\/www.24baires.com\/?p=9469","url_meta":{"origin":7771,"position":0},"title":"Productores del sudoeste bonaerense desmienten a Arl\u00eda y a Arrieta","author":"AF","date":"17\/12\/2012","format":false,"excerpt":"Productores del sudoeste bonaerense nucleados en la Federaci\u00f3n Agraria Argentina salieron a desmentir a los ministros de Agrarios de Naci\u00f3n y Provincia, Norberto Yauhar y Gustavo Arrieta, respectivamente, quienes hab\u00edan afirmado que \u201cel productor se siente acompa\u00f1ado, protegido por el Estado\u201d. Roberto Molini, director titular del distrito XI explic\u00f3 que\u2026","rel":"","context":"En \u00abPol\u00edtica\u00bb","block_context":{"text":"Pol\u00edtica","link":"https:\/\/www.24baires.com\/?cat=51"},"img":{"alt_text":"","src":"","width":0,"height":0},"classes":[]},{"id":53148,"url":"https:\/\/www.24baires.com\/?p=53148","url_meta":{"origin":7771,"position":1},"title":"Cada vez m\u00e1s distritos en emergencia agropecuaria","author":"Grupo Sierra","date":"05\/09\/2014","format":false,"excerpt":"M\u00e1s de la mitad de los partidos rurales de la Provincia quedaron abarcados por el estado de alerta a ra\u00edz de las inundaciones que afectan al territorio bonaerense. En las \u00faltimas horas fueron declarados en esa situaci\u00f3n siete nuevos distritos: Chascom\u00fas, Necochea, Balcarce, Benito Ju\u00e1rez, Maip\u00fa, General Viamonte y Jun\u00edn.\u2026","rel":"","context":"En \u00abProvincia\u00bb","block_context":{"text":"Provincia","link":"https:\/\/www.24baires.com\/?cat=40"},"img":{"alt_text":"oeste bonaerense inundado","src":"https:\/\/i0.wp.com\/www.24baires.com\/wp-content\/uploads\/2012\/12\/oeste-bonaerense-inundado.jpg?resize=350%2C200","width":350,"height":200,"srcset":"https:\/\/i0.wp.com\/www.24baires.com\/wp-content\/uploads\/2012\/12\/oeste-bonaerense-inundado.jpg?resize=350%2C200 1x, https:\/\/i0.wp.com\/www.24baires.com\/wp-content\/uploads\/2012\/12\/oeste-bonaerense-inundado.jpg?resize=525%2C300 1.5x"},"classes":[]},{"id":82270,"url":"https:\/\/www.24baires.com\/?p=82270","url_meta":{"origin":7771,"position":2},"title":"Por las fuertes lluvias, declaran la emergencia en siete distritos bonaerenses","author":"AF","date":"04\/05\/2016","format":false,"excerpt":"Productores de siete distritos bonaerenses acceder\u00e1n a beneficios impositivos luego de que esos partidos recibieran la declaraci\u00f3n de emergencia agropecuaria debido a las sostenidas lluvias registradas durante los \u00faltimos meses. Se trata de San Pedro, Z\u00e1rate, General Villegas, Rivadavia, Pu\u00e1n, General Viamonte y Adolfo Alsina, distritos del norte, noroeste y\u2026","rel":"","context":"En \u00abProvincia\u00bb","block_context":{"text":"Provincia","link":"https:\/\/www.24baires.com\/?cat=40"},"img":{"alt_text":"campoinundado","src":"https:\/\/i0.wp.com\/www.24baires.com\/wp-content\/uploads\/2012\/10\/campoinundado.jpg?resize=350%2C200","width":350,"height":200,"srcset":"https:\/\/i0.wp.com\/www.24baires.com\/wp-content\/uploads\/2012\/10\/campoinundado.jpg?resize=350%2C200 1x, https:\/\/i0.wp.com\/www.24baires.com\/wp-content\/uploads\/2012\/10\/campoinundado.jpg?resize=525%2C300 1.5x"},"classes":[]},{"id":15430,"url":"https:\/\/www.24baires.com\/?p=15430","url_meta":{"origin":7771,"position":3},"title":"El campo se re\u00fane esta semana ante el malestar por el reval\u00fao bonaerense","author":"Grupo Sierra","date":"12\/02\/2013","format":false,"excerpt":"La Sociedad Rural de Pehuaj\u00f3 ser\u00e1 escenario, esta semana, de una reuni\u00f3n de las principales entidades del campo convocada para analizar con los productores la posibilidad de convocar a medidas de fuerza para expresar el malestar del sector ante la pol\u00edtica impositiva bonaerense. La asamblea fue organizada mientras la dirigencia\u2026","rel":"","context":"En \u00abPol\u00edtica\u00bb","block_context":{"text":"Pol\u00edtica","link":"https:\/\/www.24baires.com\/?cat=51"},"img":{"alt_text":"buzzi eduardo","src":"https:\/\/i0.wp.com\/www.24baires.com\/wp-content\/uploads\/2012\/11\/buzzi-eduardo-300x225.jpg?resize=350%2C200","width":350,"height":200},"classes":[]},{"id":100887,"url":"https:\/\/www.24baires.com\/?p=100887","url_meta":{"origin":7771,"position":4},"title":"Productores piden que Provincia convoque a la comisi\u00f3n de emergencias por la sequ\u00eda","author":"GB","date":"06\/03\/2018","format":false,"excerpt":"La Confederaci\u00f3n de Asociaciones Rurales de la Provincia de Buenos Aires y La Pampa (Carbap) reclam\u00f3 al Gobierno provincial que convoque a una reuni\u00f3n de la Comisi\u00f3n Provincial de Emergencia y Desastre Agropecuario (Cedaba) para evaluar las solicitudes presentadas por los productores afectados por la sequ\u00eda. \"Venimos reclamando que el\u2026","rel":"","context":"En \u00abProvincia\u00bb","block_context":{"text":"Provincia","link":"https:\/\/www.24baires.com\/?cat=40"},"img":{"alt_text":"","src":"https:\/\/i0.wp.com\/www.24baires.com\/wp-content\/uploads\/2018\/02\/campo-seco-300x200.jpeg?resize=350%2C200","width":350,"height":200},"classes":[]},{"id":39139,"url":"https:\/\/www.24baires.com\/?p=39139","url_meta":{"origin":7771,"position":5},"title":"Desde Salliquel\u00f3 piden con urgencia reformar la Ley de Emergencia Agropecuaria","author":"Grupo Sierra","date":"24\/01\/2014","format":false,"excerpt":"El intendente del municipio, Enrique Catt\u00e1neo, advirti\u00f3 que por la prolongada sequ\u00eda que afecta al sudoeste provincial \"se complica la situaci\u00f3n\" de la producci\u00f3n, por lo que reclam\u00f3 modificaciones en la normativa, por considerar que la actual ley \"es s\u00f3lo un formalismo\". El jefe comunal se\u00f1al\u00f3 tambi\u00e9n que \u201csi bien\u2026","rel":"","context":"En \u00abProvincia\u00bb","block_context":{"text":"Provincia","link":"https:\/\/www.24baires.com\/?cat=40"},"img":{"alt_text":"","src":"","width":0,"height":0},"classes":[]}],"jetpack_sharing_enabled":true,"jetpack_likes_enabled":true,"_links":{"self":[{"href":"https:\/\/www.24baires.com\/index.php?rest_route=\/wp\/v2\/posts\/7771","targetHints":{"allow":["GET"]}}],"collection":[{"href":"https:\/\/www.24baires.com\/index.php?rest_route=\/wp\/v2\/posts"}],"about":[{"href":"https:\/\/www.24baires.com\/index.php?rest_route=\/wp\/v2\/types\/post"}],"author":[{"embeddable":true,"href":"https:\/\/www.24baires.com\/index.php?rest_route=\/wp\/v2\/users\/4"}],"replies":[{"embeddable":true,"href":"https:\/\/www.24baires.com\/index.php?rest_route=%2Fwp%2Fv2%2Fcomments&post=7771"}],"version-history":[{"count":2,"href":"https:\/\/www.24baires.com\/index.php?rest_route=\/wp\/v2\/posts\/7771\/revisions"}],"predecessor-version":[{"id":7773,"href":"https:\/\/www.24baires.com\/index.php?rest_route=\/wp\/v2\/posts\/7771\/revisions\/7773"}],"wp:attachment":[{"href":"https:\/\/www.24baires.com\/index.php?rest_route=%2Fwp%2Fv2%2Fmedia&parent=7771"}],"wp:term":[{"taxonomy":"category","embeddable":true,"href":"https:\/\/www.24baires.com\/index.php?rest_route=%2Fwp%2Fv2%2Fcategories&post=7771"},{"taxonomy":"post_tag","embeddable":true,"href":"https:\/\/www.24baires.com\/index.php?rest_route=%2Fwp%2Fv2%2Ftags&post=7771"}],"curies":[{"name":"wp","href":"https:\/\/api.w.org\/{rel}","templated":true}]}}