{"id":7762,"date":"2012-12-03T09:50:40","date_gmt":"2012-12-03T12:50:40","guid":{"rendered":"http:\/\/www.24baires.com\/?p=7762"},"modified":"2012-12-03T20:23:32","modified_gmt":"2012-12-03T23:23:32","slug":"solo-el-5-de-los-asmaticos-tiene-la-enfermedad-controlada","status":"publish","type":"post","link":"https:\/\/www.24baires.com\/?p=7762","title":{"rendered":"Solo el 5% de los asm\u00e1ticos tiene la enfermedad controlada"},"content":{"rendered":"<p>El estudio AIM (Asthma Insights and Management in Latin America) desarrollado en pa\u00edses de la regi\u00f3n se\u00f1al\u00f3 que solo un 5 por ciento de los argentinos que padecen asma cuentan con su enfermedad controlada.<!--more--><\/p>\n<p>En este sentido, el Doctor Hugo Neffen, miembro de la Secci\u00f3n Obstructivas de la Asociaci\u00f3n Argentina de Medicina Respiratoria (AAMR), mediante un informe, advirti\u00f3 que \u201cesto ocurre porque existen factores que contribuyen al mal control del asma\u201d.<\/p>\n<p>As\u00ed, el informe argumenta que el 5 por ciento de los 4 millones de personas que padecen asma bronquial en Argentina est\u00e1n acudiendo a tratamientos no adecuados o solamente son medicados con broncodilatadores, lo cual no apunta a la inflamaci\u00f3n, causa esencial del asma bronquial.<\/p>\n<p>\u201cEl asma, al ser una enfermedad inflamatoria, debe ser tratada con antiinflamatorios y no solo con broncodilatadores\u201d, aconseja el documento, en tanto que detalla que los antileucotrienos son \u201cuno de los factores que contribuyen al asma no controlada, ya que esta enfermedad cr\u00f3nica requiere que el paciente contin\u00fae recibiendo los medicamentos antiinflamatorios a\u00fan cuando no se tengan s\u00edntomas\u201d.<\/p>\n<p>De esta forma, los especialistas del AAMR cuestionan a los m\u00e9dicos que deben brindar informaci\u00f3n al paciente y aseguran que -en la mayor\u00eda de los casos- los pacientes asm\u00e1ticos no est\u00e1n en manos de especialistas, sino bajo la supervisi\u00f3n de pediatras, m\u00e9dicos de familia y m\u00e9dicos generales.<\/p>\n<p>Adem\u00e1s, consideran que un \u201csubdiagn\u00f3tico del asma, y consecuentemente el tratamiento inadecuado, pueden acarrear consecuencias a futuro que perjudiquen la calidad de vida de los pacientes\u201d.<\/p>\n<p>Entre otras recomendaciones, aconsejan tambi\u00e9n incrementar la actividad f\u00edsica aer\u00f3bica y evitar los factores de riesgo, para que los enfermos puedan controlar el asma y tener una buena calidad de vida.<\/p>\n<p>&nbsp;<\/p>\n<p>&nbsp;<\/p>\n<p>&nbsp;<\/p>\n<p>&nbsp;<\/p>\n<p>&nbsp;<\/p>\n<p>&nbsp;<\/p>\n<p>&nbsp;<\/p>\n<p>&nbsp;<\/p>\n<p>&nbsp;<\/p>\n<p>&nbsp;<\/p>\n<p>&nbsp;<\/p>\n<p>&nbsp;<\/p>\n","protected":false},"excerpt":{"rendered":"<p>El estudio AIM (Asthma Insights and Management in Latin America) desarrollado en pa\u00edses de la regi\u00f3n se\u00f1al\u00f3 que solo un 5 por ciento de los argentinos que padecen asma cuentan con su enfermedad controlada.<\/p>\n","protected":false},"author":11,"featured_media":0,"comment_status":"open","ping_status":"open","sticky":false,"template":"","format":"standard","meta":{"_jetpack_newsletter_access":"","_jetpack_dont_email_post_to_subs":false,"_jetpack_newsletter_tier_id":0,"_jetpack_memberships_contains_paywalled_content":false,"_jetpack_memberships_contains_paid_content":false,"footnotes":""},"categories":[1],"tags":[],"class_list":["post-7762","post","type-post","status-publish","format-standard","hentry","category-sociedad"],"jetpack_featured_media_url":"","jetpack_shortlink":"https:\/\/wp.me\/p2JWE0-21c","jetpack-related-posts":[{"id":43363,"url":"https:\/\/www.24baires.com\/?p=43363","url_meta":{"origin":7762,"position":0},"title":"Aseguran que las alergias no tratadas pueden poner en riesgo la vida","author":"GB","date":"05\/04\/2014","format":false,"excerpt":"Tres de cada diez personas sufren alg\u00fan tipo de alergia, que puede poner en riesgo la vida si se llega a la \"anafilaxia\" -reacci\u00f3n m\u00e1s grave- o a una crisis asm\u00e1tica, por lo que especialistas advirtieron sobre la importancia de detectarla y tratarla en forma temprana y adecuada. \"La alergia\u2026","rel":"","context":"En \u00abSociedad\u00bb","block_context":{"text":"Sociedad","link":"https:\/\/www.24baires.com\/?cat=1"},"img":{"alt_text":"alergia","src":"https:\/\/i0.wp.com\/www.24baires.com\/wp-content\/uploads\/2014\/04\/alergia-300x225.jpg?resize=350%2C200","width":350,"height":200},"classes":[]},{"id":19741,"url":"https:\/\/www.24baires.com\/?p=19741","url_meta":{"origin":7762,"position":1},"title":"Hebe de Bonafini contin\u00faa estable y sin complicaciones por el asma","author":"AF","date":"30\/03\/2013","format":false,"excerpt":"LA PLATA - La titular de la Asociaci\u00f3n Madres de Plaza de Mayo, Hebe de Bonafini, contin\u00faa \"estable\" y sin presentar complicaciones en el centro de salud donde est\u00e1 internada desde el 23 de marzo por un cuadro de \"reagudizaci\u00f3n de asma cr\u00f3nica asociada con insuficiencia card\u00edaca\". Seg\u00fan el parte\u2026","rel":"","context":"En \u00abSociedad\u00bb","block_context":{"text":"Sociedad","link":"https:\/\/www.24baires.com\/?cat=1"},"img":{"alt_text":"HEBE2","src":"https:\/\/i0.wp.com\/www.24baires.com\/wp-content\/uploads\/2013\/02\/HEBE2-300x240.jpg?resize=350%2C200","width":350,"height":200},"classes":[]},{"id":20094,"url":"https:\/\/www.24baires.com\/?p=20094","url_meta":{"origin":7762,"position":2},"title":"Hebe de Bonafini, en buen estado de salud, espera recibir el alta","author":"AF","date":"03\/04\/2013","format":false,"excerpt":"La presidenta de la Asociaci\u00f3n Madres de Plaza de Mayo, Hebe de Bonafini, evoluciona favorablemente y espera recibir el alta en los pr\u00f3ximos d\u00edas, tras superar un cuadro de reagudizaci\u00f3n de su asma cr\u00f3nica. Est\u00e1 internada desde el 23 de marzo. \u201cLos \u00faltimos estudios pulmonares dieron muy bien y sigue\u2026","rel":"","context":"En \u00abSociedad\u00bb","block_context":{"text":"Sociedad","link":"https:\/\/www.24baires.com\/?cat=1"},"img":{"alt_text":"","src":"","width":0,"height":0},"classes":[]},{"id":19676,"url":"https:\/\/www.24baires.com\/?p=19676","url_meta":{"origin":7762,"position":3},"title":"Evoluciona la salud de Hebe de Bonafini","author":"AF","date":"29\/03\/2013","format":false,"excerpt":"La titular de la Asociaci\u00f3n Madres de Plaza de Mayo, Hebe de Bonafini, se encuentra internada en la ciudad de La Plata, a ra\u00edz de un cuadro de \"reagudizaci\u00f3n de asma cr\u00f3nica asociada a insuficiencia card\u00edaca\", y su evoluci\u00f3n, seg\u00fan los m\u00e9dicos, es \"favorable\". Seg\u00fan el parte m\u00e9dico emitido por\u2026","rel":"","context":"En \u00abSociedad\u00bb","block_context":{"text":"Sociedad","link":"https:\/\/www.24baires.com\/?cat=1"},"img":{"alt_text":"hebe3","src":"https:\/\/i0.wp.com\/www.24baires.com\/wp-content\/uploads\/2013\/03\/hebe3.jpg?resize=350%2C200","width":350,"height":200},"classes":[]},{"id":40858,"url":"https:\/\/www.24baires.com\/?p=40858","url_meta":{"origin":7762,"position":4},"title":"Encontraron una variante gen\u00e9tica para proteger el asma y la obesidad","author":"Grupo Sierra","date":"21\/02\/2014","format":false,"excerpt":"Investigadores de la Universidad Pompeu Fabra (UPF) de Barcelona descubrieron una variante com\u00fan del genoma humano que protege del asma y la obesidad, informaron hoy fuentes de esa alta casa de estudios. La UPF expres\u00f3 que es la primera vez que se consigue una prueba convincente de la existencia de\u2026","rel":"","context":"En \u00abGeneral\u00bb","block_context":{"text":"General","link":"https:\/\/www.24baires.com\/?cat=67"},"img":{"alt_text":"","src":"","width":0,"height":0},"classes":[]},{"id":20886,"url":"https:\/\/www.24baires.com\/?p=20886","url_meta":{"origin":7762,"position":5},"title":"Hebe de Bonafini expres\u00f3 su apoyo a Maduro envi\u00e1ndole una carta","author":"AF","date":"13\/04\/2013","format":false,"excerpt":"La titular de Madres de Plaza de Mayo le mand\u00f3 una carta de apoyo al presidente interino de Venezuela y candidato, antes de la elecciones presidenciales de ma\u00f1ana, tras recibir el alta m\u00e9dica por un cuadro de \"reagudizaci\u00f3n de asma cr\u00f3nica\". En la carta a Maduro, a quien llama \"futuro\u2026","rel":"","context":"En \u00abPol\u00edtica\u00bb","block_context":{"text":"Pol\u00edtica","link":"https:\/\/www.24baires.com\/?cat=51"},"img":{"alt_text":"hebe4","src":"https:\/\/i0.wp.com\/www.24baires.com\/wp-content\/uploads\/2013\/04\/hebe4.jpg?resize=350%2C200","width":350,"height":200,"srcset":"https:\/\/i0.wp.com\/www.24baires.com\/wp-content\/uploads\/2013\/04\/hebe4.jpg?resize=350%2C200 1x, https:\/\/i0.wp.com\/www.24baires.com\/wp-content\/uploads\/2013\/04\/hebe4.jpg?resize=525%2C300 1.5x"},"classes":[]}],"jetpack_sharing_enabled":true,"jetpack_likes_enabled":true,"_links":{"self":[{"href":"https:\/\/www.24baires.com\/index.php?rest_route=\/wp\/v2\/posts\/7762","targetHints":{"allow":["GET"]}}],"collection":[{"href":"https:\/\/www.24baires.com\/index.php?rest_route=\/wp\/v2\/posts"}],"about":[{"href":"https:\/\/www.24baires.com\/index.php?rest_route=\/wp\/v2\/types\/post"}],"author":[{"embeddable":true,"href":"https:\/\/www.24baires.com\/index.php?rest_route=\/wp\/v2\/users\/11"}],"replies":[{"embeddable":true,"href":"https:\/\/www.24baires.com\/index.php?rest_route=%2Fwp%2Fv2%2Fcomments&post=7762"}],"version-history":[{"count":2,"href":"https:\/\/www.24baires.com\/index.php?rest_route=\/wp\/v2\/posts\/7762\/revisions"}],"predecessor-version":[{"id":7764,"href":"https:\/\/www.24baires.com\/index.php?rest_route=\/wp\/v2\/posts\/7762\/revisions\/7764"}],"wp:attachment":[{"href":"https:\/\/www.24baires.com\/index.php?rest_route=%2Fwp%2Fv2%2Fmedia&parent=7762"}],"wp:term":[{"taxonomy":"category","embeddable":true,"href":"https:\/\/www.24baires.com\/index.php?rest_route=%2Fwp%2Fv2%2Fcategories&post=7762"},{"taxonomy":"post_tag","embeddable":true,"href":"https:\/\/www.24baires.com\/index.php?rest_route=%2Fwp%2Fv2%2Ftags&post=7762"}],"curies":[{"name":"wp","href":"https:\/\/api.w.org\/{rel}","templated":true}]}}