{"id":77598,"date":"2016-01-14T12:30:53","date_gmt":"2016-01-14T15:30:53","guid":{"rendered":"http:\/\/www.24baires.com\/?p=77598"},"modified":"2016-01-14T12:31:59","modified_gmt":"2016-01-14T15:31:59","slug":"el-cofeca-celebro-los-fallos-de-la-justicia-federal-que-restituyen-la-ley-de-medios","status":"publish","type":"post","link":"https:\/\/www.24baires.com\/?p=77598","title":{"rendered":"El Cofeca celebr\u00f3 los fallos de la Justicia federal que restituyen la Ley de Medios"},"content":{"rendered":"<p><img data-recalc-dims=\"1\" loading=\"lazy\" decoding=\"async\" class=\"aligncenter size-full wp-image-77039\" src=\"https:\/\/i0.wp.com\/www.24baires.com\/wp-content\/uploads\/2015\/12\/afsca.jpg?resize=560%2C314\" alt=\"afsca\" width=\"560\" height=\"314\" srcset=\"https:\/\/i0.wp.com\/www.24baires.com\/wp-content\/uploads\/2015\/12\/afsca.jpg?w=560&amp;ssl=1 560w, https:\/\/i0.wp.com\/www.24baires.com\/wp-content\/uploads\/2015\/12\/afsca.jpg?resize=300%2C168&amp;ssl=1 300w\" sizes=\"auto, (max-width: 560px) 100vw, 560px\" \/>Los miembros del Consejo Federal de Comunicaci\u00f3n Audiovisual celebraron las medidas de los jueces Garbarino y Forns que suspenden los decretos presidenciales a trav\u00e9s de los cuales se atropell\u00f3 y modific\u00f3 la Ley de Servicios de Comunicaci\u00f3n Audiovisual llegando incluso a derogar el Consejo Federal y su conformaci\u00f3n, as\u00ed como sus representantes en el Directorio de AFSCA.<!--more--><\/p>\n<p>\u201cEs un alivio que la justicia tome parte en esto y reviertan semejantes atropellos al estado de derecho\u201d, declar\u00f3 Osvaldo Franc\u00e9s, vicepresidente del organismo junto a su par, David Furland. No obstante, ambos resaltaron la preocupaci\u00f3n frente a un gobierno que act\u00faa con prepotencia y sin el m\u00e1s m\u00ednimo respeto a la ley y al Poder Judicial.<\/p>\n<p>La desaparici\u00f3n del Consejo elimina la participaci\u00f3n de las provincias y de los sectores en las pol\u00edticas p\u00fablicas de comunicaci\u00f3n. D\u00edas atr\u00e1s, el Presidente del Consejo, Ignacio Golobisky hab\u00eda advertido \u201cClausurar por decreto una de las leyes m\u00e1s discutidas y debatidas desde la apertura democr\u00e1tica a la actualidad no puede tener otro fin que el de reforzar la centralismo geogr\u00e1fico y econ\u00f3mico propio de una estructura monop\u00f3lica de la comunicaci\u00f3n audiovisual y silenciar a las voces emergentes, alternativas y anti corporativas que resistieron durante la dictadura militar y crecieron con fuerza al calor de una ley inclusiva y federal\u201d.<\/p>\n<p>&nbsp;<\/p>\n<p>&nbsp;<\/p>\n<p>&nbsp;<\/p>\n<p>&nbsp;<\/p>\n<p>&nbsp;<\/p>\n<p>&nbsp;<\/p>\n<p>&nbsp;<\/p>\n<p>&nbsp;<\/p>\n<p>&nbsp;<\/p>\n<p>&nbsp;<\/p>\n<p>&nbsp;<\/p>\n<p>&nbsp;<\/p>\n","protected":false},"excerpt":{"rendered":"<p>Los miembros del Consejo Federal de Comunicaci\u00f3n Audiovisual celebraron las medidas de los jueces Garbarino y Forns que suspenden los decretos presidenciales a trav\u00e9s de los cuales se atropell\u00f3 y modific\u00f3 la Ley de Servicios de Comunicaci\u00f3n Audiovisual llegando incluso a derogar el Consejo Federal y su conformaci\u00f3n, as\u00ed como sus representantes en el Directorio de AFSCA.<\/p>\n","protected":false},"author":4,"featured_media":0,"comment_status":"open","ping_status":"open","sticky":false,"template":"","format":"standard","meta":{"_jetpack_newsletter_access":"","_jetpack_dont_email_post_to_subs":false,"_jetpack_newsletter_tier_id":0,"_jetpack_memberships_contains_paywalled_content":false,"_jetpack_memberships_contains_paid_content":false,"footnotes":""},"categories":[68,54],"tags":[],"class_list":["post-77598","post","type-post","status-publish","format-standard","hentry","category-judiciales","category-medios"],"jetpack_featured_media_url":"","jetpack_shortlink":"https:\/\/wp.me\/p2JWE0-kbA","jetpack-related-posts":[{"id":115787,"url":"https:\/\/www.24baires.com\/?p=115787","url_meta":{"origin":77598,"position":0},"title":"El Presidente present\u00f3 el proyecto de reforma judicial: \u00abSin Justicia independiente no hay Rep\u00fablica\u00bb","author":"AF","date":"29\/07\/2020","format":false,"excerpt":"El presidente Alberto Fern\u00e1ndez detall\u00f3 el proyecto de reforma judicial que enviar\u00e1 al Congreso para \"tener un mejor Estado de derecho\". \"Digamos nunca m\u00e1s a una pol\u00edtica que judicialice las diferencias\". As\u00ed argument\u00f3 el presidente Alberto Fern\u00e1ndez la presentaci\u00f3n del proyecto de ley de reforma judicial, que unificar\u00e1 y duplicar\u00e1\u2026","rel":"","context":"En \u00abSociedad\u00bb","block_context":{"text":"Sociedad","link":"https:\/\/www.24baires.com\/?cat=1"},"img":{"alt_text":"","src":"https:\/\/i0.wp.com\/www.24baires.com\/wp-content\/uploads\/2020\/07\/alberto-f.jpg?resize=350%2C200","width":350,"height":200,"srcset":"https:\/\/i0.wp.com\/www.24baires.com\/wp-content\/uploads\/2020\/07\/alberto-f.jpg?resize=350%2C200 1x, https:\/\/i0.wp.com\/www.24baires.com\/wp-content\/uploads\/2020\/07\/alberto-f.jpg?resize=525%2C300 1.5x"},"classes":[]},{"id":76991,"url":"https:\/\/www.24baires.com\/?p=76991","url_meta":{"origin":77598,"position":1},"title":"Amparos y cautelares en todo el pa\u00eds contra la intervenci\u00f3n de la AFSCA","author":"GB","date":"29\/12\/2015","format":false,"excerpt":"Funcionarios de todo el pa\u00eds vinculados a los medios y la comunicaci\u00f3n presentaron ante la Justicia recursos de amparo y cautelares contra la intervenci\u00f3n de la AFSCA. La Senadora Nacional del Frente para la Victoria, Liliana Fellner, arremeti\u00f3 contra Macri y asegur\u00f3 que \u201cel presidente se llev\u00f3 puesto a los\u2026","rel":"","context":"En \u00abMedios\u00bb","block_context":{"text":"Medios","link":"https:\/\/www.24baires.com\/?cat=54"},"img":{"alt_text":"AFSCA","src":"https:\/\/i0.wp.com\/www.24baires.com\/wp-content\/uploads\/2015\/12\/AFSCA.jpg?resize=350%2C200","width":350,"height":200,"srcset":"https:\/\/i0.wp.com\/www.24baires.com\/wp-content\/uploads\/2015\/12\/AFSCA.jpg?resize=350%2C200 1x, https:\/\/i0.wp.com\/www.24baires.com\/wp-content\/uploads\/2015\/12\/AFSCA.jpg?resize=525%2C300 1.5x"},"classes":[]},{"id":1621,"url":"https:\/\/www.24baires.com\/?p=1621","url_meta":{"origin":77598,"position":2},"title":"Ley de Medios: \u00abHay sectores que quieren desconocer decisiones democr\u00e1ticas\u00bb","author":"AF","date":"10\/10\/2012","format":false,"excerpt":"Al cumplirse tres a\u00f1os de la ley, el titular del Consejo Federal de Comunicaci\u00f3n Audiovisual, Pedro B\u00e1ez, critic\u00f3 a los sectores que las desconocen . La Presidenta encabezar\u00e1 el acto por el aniversario. El flamante titular del Consejo Federal de Comunicaci\u00f3n Audiovisual (COFECA), Pedro B\u00e1ez, critic\u00f3 a los sectores que\u2026","rel":"","context":"En \u00abMedios\u00bb","block_context":{"text":"Medios","link":"https:\/\/www.24baires.com\/?cat=54"},"img":{"alt_text":"","src":"","width":0,"height":0},"classes":[]},{"id":6114,"url":"https:\/\/www.24baires.com\/?p=6114","url_meta":{"origin":77598,"position":3},"title":"Audiencia p\u00fablica de AFSCA sobre los \u201cacontecimientos de inter\u00e9s general\u201d para 2013","author":"AF","date":"20\/11\/2012","format":false,"excerpt":"Se realiza una audiencia en Diputados para que ciudadanos y organizaciones propongan los acontecimientos a los que deber\u00eda garantizarse el acceso universal. El Consejo Federal de Comunicaci\u00f3n Audiovisual (COFECA) de la Autoridad Federal de Servicios de Comunicaci\u00f3n Audiovisual realiza una audiencia p\u00fablica en el Sal\u00f3n Delia Parodi de la C\u00e1mara\u2026","rel":"","context":"En \u00abSociedad\u00bb","block_context":{"text":"Sociedad","link":"https:\/\/www.24baires.com\/?cat=1"},"img":{"alt_text":"","src":"https:\/\/i0.wp.com\/www.24baires.com\/wp-content\/uploads\/2012\/11\/AFSCA.jpg?resize=350%2C200","width":350,"height":200},"classes":[]},{"id":116007,"url":"https:\/\/www.24baires.com\/?p=116007","url_meta":{"origin":77598,"position":4},"title":"La Reforma Judicial llegar\u00e1 al recinto la semana que viene","author":"GB","date":"20\/08\/2020","format":false,"excerpt":"La iniciativa cont\u00f3 con el apoyo de los legisladores del Frente de Todos, en tanto que el interbloque de Juntos por el Cambio y sus aliados se opusieron, lo que gener\u00f3 varios cruces con el oficialismo. El proyecto de Ley de Reforma Judicial enviado por el Poder Ejecutivo y que\u2026","rel":"","context":"En \u00abPol\u00edtica\u00bb","block_context":{"text":"Pol\u00edtica","link":"https:\/\/www.24baires.com\/?cat=51"},"img":{"alt_text":"","src":"https:\/\/i0.wp.com\/www.24baires.com\/wp-content\/uploads\/2020\/05\/diputados-virtual.jpg?resize=350%2C200","width":350,"height":200,"srcset":"https:\/\/i0.wp.com\/www.24baires.com\/wp-content\/uploads\/2020\/05\/diputados-virtual.jpg?resize=350%2C200 1x, https:\/\/i0.wp.com\/www.24baires.com\/wp-content\/uploads\/2020\/05\/diputados-virtual.jpg?resize=525%2C300 1.5x"},"classes":[]},{"id":113517,"url":"https:\/\/www.24baires.com\/?p=113517","url_meta":{"origin":77598,"position":5},"title":"Presentan cuatro denuncias penales contra las autoridades salientes del INCAA","author":"AF","date":"19\/12\/2019","format":false,"excerpt":"Implican al ex presidente de la instituci\u00f3n, Ralph Douglas Haiek, y al ex gerente general, Juan Francisco Victorino Garc\u00eda Aramburo. Las posibles penas abarcan hasta dos a\u00f1os de prisi\u00f3n. Este jueves se presentaron cuatro denuncias penales contra el presidente saliente del Instituto Nacional de Cine y Artes Audiovisuales (INCAA), Ralph\u2026","rel":"","context":"En \u00abJUDICIALES\u00bb","block_context":{"text":"JUDICIALES","link":"https:\/\/www.24baires.com\/?cat=68"},"img":{"alt_text":"","src":"https:\/\/i0.wp.com\/www.24baires.com\/wp-content\/uploads\/2017\/04\/incaa-300x200.jpg?resize=350%2C200","width":350,"height":200},"classes":[]}],"jetpack_sharing_enabled":true,"jetpack_likes_enabled":true,"_links":{"self":[{"href":"https:\/\/www.24baires.com\/index.php?rest_route=\/wp\/v2\/posts\/77598","targetHints":{"allow":["GET"]}}],"collection":[{"href":"https:\/\/www.24baires.com\/index.php?rest_route=\/wp\/v2\/posts"}],"about":[{"href":"https:\/\/www.24baires.com\/index.php?rest_route=\/wp\/v2\/types\/post"}],"author":[{"embeddable":true,"href":"https:\/\/www.24baires.com\/index.php?rest_route=\/wp\/v2\/users\/4"}],"replies":[{"embeddable":true,"href":"https:\/\/www.24baires.com\/index.php?rest_route=%2Fwp%2Fv2%2Fcomments&post=77598"}],"version-history":[{"count":1,"href":"https:\/\/www.24baires.com\/index.php?rest_route=\/wp\/v2\/posts\/77598\/revisions"}],"predecessor-version":[{"id":77599,"href":"https:\/\/www.24baires.com\/index.php?rest_route=\/wp\/v2\/posts\/77598\/revisions\/77599"}],"wp:attachment":[{"href":"https:\/\/www.24baires.com\/index.php?rest_route=%2Fwp%2Fv2%2Fmedia&parent=77598"}],"wp:term":[{"taxonomy":"category","embeddable":true,"href":"https:\/\/www.24baires.com\/index.php?rest_route=%2Fwp%2Fv2%2Fcategories&post=77598"},{"taxonomy":"post_tag","embeddable":true,"href":"https:\/\/www.24baires.com\/index.php?rest_route=%2Fwp%2Fv2%2Ftags&post=77598"}],"curies":[{"name":"wp","href":"https:\/\/api.w.org\/{rel}","templated":true}]}}