{"id":7759,"date":"2012-12-03T20:20:04","date_gmt":"2012-12-03T23:20:04","guid":{"rendered":"http:\/\/www.24baires.com\/?p=7759"},"modified":"2012-12-04T13:09:51","modified_gmt":"2012-12-04T16:09:51","slug":"el-juez-alfonso-reconocio-a-la-afsca-como-autoridad-de-aplicacion-de-la-ley-de-medios","status":"publish","type":"post","link":"https:\/\/www.24baires.com\/?p=7759","title":{"rendered":"El juez Alfonso reconoci\u00f3 a la AFSCA como autoridad de aplicaci\u00f3n de la Ley de Medios"},"content":{"rendered":"<p>El juez civil y comercial federal Horacio Alfonso hizo lugar al pedido de la Autoridad Federal de Servicios de Comunicaci\u00f3n Audiovisual (AFSCA) e incorpor\u00f3 al organismo como parte en el juicio por la constitucionalidad del art\u00edculo 161 de la Ley de Medios.<!--more--><br \/>\nEl magistrado dict\u00f3 esa resoluci\u00f3n cuatro d\u00edas antes del vencimiento de la medida cautelar que beneficia al grupo Clar\u00edn desde hace m\u00e1s de 3 a\u00f1os, y dispuso la habilitaci\u00f3n de d\u00edas y horas para la continuidad del tr\u00e1mite procesal.<\/p>\n<p>En su resoluci\u00f3n, Alfonso rechaz\u00f3 el planteo del Grupo Clar\u00edn, que hab\u00eda sostenido que la AFSCA no deb\u00eda ser parte en el expediente, pretendiendo limitar la representaci\u00f3n del Estado Nacional a la Jefatura de Gabinete.<\/p>\n<p>Asimismo, el juez dispuso que, una vez notificadas las partes de la resoluci\u00f3n favorable a la AFSCA, y previa vista al fiscal, llamar\u00e1 a autos para dictar sentencia.<\/p>\n<p>La Ley de Servicios de Comunicaci\u00f3n Audiovisual fue sancionada en octubre de 2009 por amplia mayor\u00eda en ambas c\u00e1maras del Congreso de la Naci\u00f3n, con el concurso de fuerzas del oficialismo y tambi\u00e9n de la oposici\u00f3n.<\/p>\n<p>No obstante, diversas medidas procesales dilatorias interpuestas por el Grupo Clar\u00edn trabaron la aplicaci\u00f3n plena de la norma, con el beneficio consecuente de mantener la posici\u00f3n dominante del multimedio durante estos tres a\u00f1os.<\/p>\n","protected":false},"excerpt":{"rendered":"<p>El juez civil y comercial federal Horacio Alfonso hizo lugar al pedido de la Autoridad Federal de Servicios de Comunicaci\u00f3n Audiovisual (AFSCA) e incorpor\u00f3 al organismo como parte en el juicio por la constitucionalidad del art\u00edculo 161 de la Ley de Medios.<\/p>\n","protected":false},"author":11,"featured_media":0,"comment_status":"open","ping_status":"open","sticky":false,"template":"","format":"standard","meta":{"_jetpack_newsletter_access":"","_jetpack_dont_email_post_to_subs":false,"_jetpack_newsletter_tier_id":0,"_jetpack_memberships_contains_paywalled_content":false,"_jetpack_memberships_contains_paid_content":false,"footnotes":""},"categories":[54],"tags":[],"class_list":["post-7759","post","type-post","status-publish","format-standard","hentry","category-medios"],"jetpack_featured_media_url":"","jetpack_shortlink":"https:\/\/wp.me\/p2JWE0-219","jetpack-related-posts":[{"id":58462,"url":"https:\/\/www.24baires.com\/?p=58462","url_meta":{"origin":7759,"position":0},"title":"Un juez fren\u00f3 la adecuaci\u00f3n de oficio de Clar\u00edn","author":"AF","date":"11\/12\/2014","format":false,"excerpt":"El juez civil Horacio Alfonso dict\u00f3 una medida cautelar en favor del multimedios. Se\u00f1al\u00f3 \"aparentes deficiencias\" en la decisi\u00f3n del directorio de AFSCA. La autoridad de aplicaci\u00f3n apelar\u00e1 la medida. El juez civil Horacio Alfonso concedi\u00f3 una nueva medida cautelar en favor del Grupo Clar\u00edn, para detener el proceso de\u2026","rel":"","context":"En \u00abJUDICIALES\u00bb","block_context":{"text":"JUDICIALES","link":"https:\/\/www.24baires.com\/?cat=68"},"img":{"alt_text":"clar\u00edn","src":"https:\/\/i0.wp.com\/www.24baires.com\/wp-content\/uploads\/2014\/10\/clar%C3%ADn.jpg?resize=350%2C200","width":350,"height":200,"srcset":"https:\/\/i0.wp.com\/www.24baires.com\/wp-content\/uploads\/2014\/10\/clar%C3%ADn.jpg?resize=350%2C200 1x, https:\/\/i0.wp.com\/www.24baires.com\/wp-content\/uploads\/2014\/10\/clar%C3%ADn.jpg?resize=525%2C300 1.5x"},"classes":[]},{"id":58440,"url":"https:\/\/www.24baires.com\/?p=58440","url_meta":{"origin":7759,"position":1},"title":"Una nueva cautelar traba la adecuaci\u00f3n de Clar\u00edn a la Ley de Medios","author":"Grupo Sierra","date":"10\/12\/2014","format":false,"excerpt":"El juez federal Horacio Alfonso dict\u00f3 hoy una medida cautelar que suspende la adecuaci\u00f3n de oficio del grupo, tal como lo hab\u00eda dispuesto la Afsca. El magistrado, a cargo del Juzgado Civil y Comercial Federal N\u00famero 1, estableci\u00f3 en un fallo que la adecuaci\u00f3n ordenada por el organismo que conduce\u2026","rel":"","context":"En \u00abJUDICIALES\u00bb","block_context":{"text":"JUDICIALES","link":"https:\/\/www.24baires.com\/?cat=68"},"img":{"alt_text":"clar\u00edn mitre","src":"https:\/\/i0.wp.com\/www.24baires.com\/wp-content\/uploads\/2014\/11\/clar%C3%ADn-mitre.jpg?resize=350%2C200","width":350,"height":200,"srcset":"https:\/\/i0.wp.com\/www.24baires.com\/wp-content\/uploads\/2014\/11\/clar%C3%ADn-mitre.jpg?resize=350%2C200 1x, https:\/\/i0.wp.com\/www.24baires.com\/wp-content\/uploads\/2014\/11\/clar%C3%ADn-mitre.jpg?resize=525%2C300 1.5x"},"classes":[]},{"id":10904,"url":"https:\/\/www.24baires.com\/?p=10904","url_meta":{"origin":7759,"position":2},"title":"El Gobierno solicitar\u00e1 la habilitaci\u00f3n de la feria judicial para tratar la Ley de Medios","author":"AF","date":"01\/01\/2013","format":false,"excerpt":"El gobierno pedir\u00e1 este mi\u00e9rcoles, en el primer d\u00eda h\u00e1bil del a\u00f1o, que la C\u00e1mara Federal Civil y Comercial Federal habilite la feria judicial de enero para resolver con \u201cceleridad\u201d la causa planteada por el grupo Clar\u00edn contra la Ley de Medios. La presentaci\u00f3n la har\u00e1 a primera hora la\u2026","rel":"","context":"En \u00abMedios\u00bb","block_context":{"text":"Medios","link":"https:\/\/www.24baires.com\/?cat=54"},"img":{"alt_text":"","src":"","width":0,"height":0},"classes":[]},{"id":33003,"url":"https:\/\/www.24baires.com\/?p=33003","url_meta":{"origin":7759,"position":3},"title":"Ordenan a Cablevisi\u00f3n que incorpore QM Noticias a su grilla","author":"GB","date":"04\/10\/2013","format":false,"excerpt":"LA PLATA-\u00a0El juez de primera instancia, Adolfo Gabino Ziulu, hizo lugar ayer a la medida cautelar presentada por los representantes de la se\u00f1al QM Noticias, que pertenece al Grupo Cielo, y dispuso \"ordenar a Cablevisi\u00f3n S.A., que en el plazo de cinco d\u00edas cumplimente la resoluci\u00f3n 77\/2013 de la AFSCA.\u2026","rel":"","context":"En \u00abMedios\u00bb","block_context":{"text":"Medios","link":"https:\/\/www.24baires.com\/?cat=54"},"img":{"alt_text":"Cable visi\u00f3n","src":"https:\/\/i0.wp.com\/www.24baires.com\/wp-content\/uploads\/2013\/10\/Cable-visi%C3%B3n-300x199.jpg?resize=350%2C200","width":350,"height":200},"classes":[]},{"id":65422,"url":"https:\/\/www.24baires.com\/?p=65422","url_meta":{"origin":7759,"position":4},"title":"Piden a la Justicia que no permita que se vendan m\u00e1s abonados de Cablevisi\u00f3n","author":"GB","date":"06\/05\/2015","format":false,"excerpt":"La presentaci\u00f3n de la AFSCA ante el juez Horacio Alfonso se basa en que la empresa ya alcanz\u00f3 el m\u00e1ximo de acaparaci\u00f3n del mercado, estipulado en el 35% por la Ley de Servicios de Comunicaci\u00f3n Audiovisual. La Autoridad Federal de Servicios de Comunicaci\u00f3n Audiovisual (AFSCA) solicit\u00f3 al juez federal Horacio\u2026","rel":"","context":"En \u00abSociedad\u00bb","block_context":{"text":"Sociedad","link":"https:\/\/www.24baires.com\/?cat=1"},"img":{"alt_text":"cablevision","src":"https:\/\/i0.wp.com\/www.24baires.com\/wp-content\/uploads\/2012\/12\/cablevision.jpg?resize=350%2C200","width":350,"height":200,"srcset":"https:\/\/i0.wp.com\/www.24baires.com\/wp-content\/uploads\/2012\/12\/cablevision.jpg?resize=350%2C200 1x, https:\/\/i0.wp.com\/www.24baires.com\/wp-content\/uploads\/2012\/12\/cablevision.jpg?resize=525%2C300 1.5x"},"classes":[]},{"id":62039,"url":"https:\/\/www.24baires.com\/?p=62039","url_meta":{"origin":7759,"position":5},"title":"Ley de Medios: confirmaron la suspensi\u00f3n de la adecuaci\u00f3n de Clar\u00edn","author":"Grupo Sierra","date":"20\/02\/2015","format":false,"excerpt":"La Sala I de la C\u00e1mara Nacional de Apelaciones en lo Civil y Comercial Federal ratific\u00f3 este viernes el fallo del juez Horacio Alfonso que, como medida cautelar, hab\u00eda dispuesto el 9 de diciembre pasado la suspensi\u00f3n de los efectos de la Resoluci\u00f3n N\u00ba 1121\/AFSCA\/2014 y, por ende, del \"Procedimiento\u2026","rel":"","context":"En \u00abJUDICIALES\u00bb","block_context":{"text":"JUDICIALES","link":"https:\/\/www.24baires.com\/?cat=68"},"img":{"alt_text":"clar\u00edn","src":"https:\/\/i0.wp.com\/www.24baires.com\/wp-content\/uploads\/2014\/10\/clar%C3%ADn.jpg?resize=350%2C200","width":350,"height":200,"srcset":"https:\/\/i0.wp.com\/www.24baires.com\/wp-content\/uploads\/2014\/10\/clar%C3%ADn.jpg?resize=350%2C200 1x, https:\/\/i0.wp.com\/www.24baires.com\/wp-content\/uploads\/2014\/10\/clar%C3%ADn.jpg?resize=525%2C300 1.5x"},"classes":[]}],"jetpack_sharing_enabled":true,"jetpack_likes_enabled":true,"_links":{"self":[{"href":"https:\/\/www.24baires.com\/index.php?rest_route=\/wp\/v2\/posts\/7759","targetHints":{"allow":["GET"]}}],"collection":[{"href":"https:\/\/www.24baires.com\/index.php?rest_route=\/wp\/v2\/posts"}],"about":[{"href":"https:\/\/www.24baires.com\/index.php?rest_route=\/wp\/v2\/types\/post"}],"author":[{"embeddable":true,"href":"https:\/\/www.24baires.com\/index.php?rest_route=\/wp\/v2\/users\/11"}],"replies":[{"embeddable":true,"href":"https:\/\/www.24baires.com\/index.php?rest_route=%2Fwp%2Fv2%2Fcomments&post=7759"}],"version-history":[{"count":3,"href":"https:\/\/www.24baires.com\/index.php?rest_route=\/wp\/v2\/posts\/7759\/revisions"}],"predecessor-version":[{"id":7848,"href":"https:\/\/www.24baires.com\/index.php?rest_route=\/wp\/v2\/posts\/7759\/revisions\/7848"}],"wp:attachment":[{"href":"https:\/\/www.24baires.com\/index.php?rest_route=%2Fwp%2Fv2%2Fmedia&parent=7759"}],"wp:term":[{"taxonomy":"category","embeddable":true,"href":"https:\/\/www.24baires.com\/index.php?rest_route=%2Fwp%2Fv2%2Fcategories&post=7759"},{"taxonomy":"post_tag","embeddable":true,"href":"https:\/\/www.24baires.com\/index.php?rest_route=%2Fwp%2Fv2%2Ftags&post=7759"}],"curies":[{"name":"wp","href":"https:\/\/api.w.org\/{rel}","templated":true}]}}