{"id":7751,"date":"2012-12-03T09:45:04","date_gmt":"2012-12-03T12:45:04","guid":{"rendered":"http:\/\/www.24baires.com\/?p=7751"},"modified":"2012-12-03T20:14:07","modified_gmt":"2012-12-03T23:14:07","slug":"mas-de-80-mil-personas-vibraron-con-el-chaqueno-palavecino-en-laferrere","status":"publish","type":"post","link":"https:\/\/www.24baires.com\/?p=7751","title":{"rendered":"M\u00e1s de 80 mil personas vibraron con el Chaque\u00f1o Palavecino en Laferrere"},"content":{"rendered":"<p><img data-recalc-dims=\"1\" loading=\"lazy\" decoding=\"async\" class=\"aligncenter size-full wp-image-7752\" title=\"chaque\u00f1o matanza\" src=\"https:\/\/i0.wp.com\/www.24baires.com\/wp-content\/uploads\/2012\/12\/chaque%C3%B1o-matanza.jpg?resize=560%2C350\" alt=\"\" width=\"560\" height=\"350\" srcset=\"https:\/\/i0.wp.com\/www.24baires.com\/wp-content\/uploads\/2012\/12\/chaque%C3%B1o-matanza.jpg?w=560&amp;ssl=1 560w, https:\/\/i0.wp.com\/www.24baires.com\/wp-content\/uploads\/2012\/12\/chaque%C3%B1o-matanza.jpg?resize=300%2C187&amp;ssl=1 300w\" sizes=\"auto, (max-width: 560px) 100vw, 560px\" \/><\/p>\n<p><strong>LA MATANZA &#8211;<\/strong> \u201cEsta es la fiesta de la cultura en La Matanza, aqu\u00ed en Gregorio de Laferrere, un d\u00eda que esperamos durante todo el a\u00f1o en un mega evento, con la presencia de un artista popular, el mejor de la Argentina, nuestro querido Chaque\u00f1o Palavecino\u201d, dijo el Intendente Fernando Espinoza.<!--more--><\/p>\n<p>Con un gran despliegue en el predio del Aeroclub Argentino de Laferrere, el gran folklorista cant\u00f3 ante unas 80.000 personas y deslumbr\u00f3 con todo su repertorio con temas como La Ley y La Trampa y Amor Salvaje, que se llevaron los aplausos de todos los presentes.<\/p>\n<p>\u201cEs el d\u00eda de la cultura en La Matanza y desde la presentaci\u00f3n del a\u00f1o pasado los vecinos me ped\u00edan que lo trajera. Viene desde lejos, desde Santa Fe, y va a ser un show espectacular e inolvidable que va a cerrar el a\u00f1o cultural en La Matanza\u201d, agreg\u00f3 el jefe comunal.<\/p>\n<p>Adem\u00e1s, sostuvo que \u201cen este predio se esta construyendo el hospital m\u00e1s grande de La Matanza, un hospital que va a ser de \u00faltima tecnolog\u00eda, con 200 camas de internaci\u00f3n, 75 especialidades, 20 mil metros cuadrados de construcci\u00f3n. Un mega hospital para toda la zona\u201d.<\/p>\n<p>Por otro lado, coment\u00f3 que la semana pasada firm\u00f3 un convenio con Naci\u00f3n para que en ese mismo predio se haga efectiva \u201cla construcci\u00f3n de 2200 viviendas del Plan Procrear que van a ser para clase media y clase media trabajadora, lo que hace claramente que tambi\u00e9n cumplamos otro sue\u00f1o de nuevas viviendas que se van a pagar a 30 a\u00f1os\u201d.<\/p>\n<p>El Chaque\u00f1o se mostr\u00f3 contento de presentarse nuevamente en el Distrito y dijo que \u201cdicen que el que vuelve es porque le fue bien la primera vez\u201d, y agreg\u00f3 que \u201cestamos ac\u00e1, en La Matanza, en este Municipio tan grande, el m\u00e1s grande de todos y agradecido por ser el privilegiado en esta fiesta\u201d.<\/p>\n<p>Adem\u00e1s, destac\u00f3 que \u201cquiero felicitarlo al intendente y a todos los que luchan por lo nuestro: al hacer una casa, un hospital y defender nuestra m\u00fasica\u201d.<\/p>\n<p>La jornada comenz\u00f3 temprano por la tarde con la presentaci\u00f3n de Daniel Arga\u00f1araz, el embajador cultural de la Matanza, y el baile de diversas agrupaciones locales. Por la noche, una vez terminado el show, el cielo se visti\u00f3 de fiesta con espectaculares fuegos artificiales.<\/p>\n<p>Estuvieron presentes tambi\u00e9n la Secretaria y el Subsecretario de Cultura y Educaci\u00f3n local, Silvia Francese y Alejandro Enrique.<\/p>\n","protected":false},"excerpt":{"rendered":"<p>LA MATANZA &#8211; \u201cEsta es la fiesta de la cultura en La Matanza, aqu\u00ed en Gregorio de Laferrere, un d\u00eda que esperamos durante todo el a\u00f1o en un mega evento, con la presencia de un artista popular, el mejor de la Argentina, nuestro querido Chaque\u00f1o Palavecino\u201d, dijo el Intendente Fernando Espinoza.<\/p>\n","protected":false},"author":11,"featured_media":0,"comment_status":"open","ping_status":"open","sticky":false,"template":"","format":"standard","meta":{"_jetpack_newsletter_access":"","_jetpack_dont_email_post_to_subs":false,"_jetpack_newsletter_tier_id":0,"_jetpack_memberships_contains_paywalled_content":false,"_jetpack_memberships_contains_paid_content":false,"footnotes":""},"categories":[38],"tags":[],"class_list":["post-7751","post","type-post","status-publish","format-standard","hentry","category-locales"],"jetpack_featured_media_url":"","jetpack_shortlink":"https:\/\/wp.me\/p2JWE0-211","jetpack-related-posts":[{"id":105969,"url":"https:\/\/www.24baires.com\/?p=105969","url_meta":{"origin":7751,"position":0},"title":"Se\u00f1alizar\u00e1n las comisar\u00edas de Laferrere y General Madariaga como centros de tortura","author":"AF","date":"17\/12\/2018","format":false,"excerpt":"El acto ser\u00e1 este martes y es impulsado por j\u00f3venes. Se marcar\u00e1n esas dependencias como lugares donde funcionaron centros clandestinos de detenci\u00f3n, tortura y exterminio durante la \u00faltima dictadura c\u00edvico-militar-eclesi\u00e1stica. Este martes se se\u00f1alizar\u00e1n las comisar\u00edas de Laferrere y General Madariaga como lugares donde funcionaron centros clandestinos de detenci\u00f3n durante\u2026","rel":"","context":"En \u00abMemoria\u00bb","block_context":{"text":"Memoria","link":"https:\/\/www.24baires.com\/?cat=50"},"img":{"alt_text":"","src":"https:\/\/i0.wp.com\/www.24baires.com\/wp-content\/uploads\/2018\/12\/comisar%C3%ADas.jpg?resize=350%2C200","width":350,"height":200,"srcset":"https:\/\/i0.wp.com\/www.24baires.com\/wp-content\/uploads\/2018\/12\/comisar%C3%ADas.jpg?resize=350%2C200 1x, https:\/\/i0.wp.com\/www.24baires.com\/wp-content\/uploads\/2018\/12\/comisar%C3%ADas.jpg?resize=525%2C300 1.5x"},"classes":[]},{"id":114430,"url":"https:\/\/www.24baires.com\/?p=114430","url_meta":{"origin":7751,"position":1},"title":"Alberto Fern\u00e1ndez anunci\u00f3 la construcci\u00f3n de 8 hospitales de emergencia","author":"GB","date":"18\/03\/2020","format":false,"excerpt":"Fue desde su cuenta de Twitter donde, mediante una serie de videos, adem\u00e1s destac\u00f3 que la \"prioridad es fortalecer el sistema p\u00fablico de salud para cuidar a todas y todos los argentinos ante la pandemia del coronavirus\". El presidente Alberto Fern\u00e1ndez anunci\u00f3 la construcci\u00f3n de ocho hospitales modulares de emergencia\u2026","rel":"","context":"En \u00abPol\u00edtica\u00bb","block_context":{"text":"Pol\u00edtica","link":"https:\/\/www.24baires.com\/?cat=51"},"img":{"alt_text":"","src":"https:\/\/i0.wp.com\/www.24baires.com\/wp-content\/uploads\/2019\/12\/alberto-fernandez.jpg?resize=350%2C200","width":350,"height":200,"srcset":"https:\/\/i0.wp.com\/www.24baires.com\/wp-content\/uploads\/2019\/12\/alberto-fernandez.jpg?resize=350%2C200 1x, https:\/\/i0.wp.com\/www.24baires.com\/wp-content\/uploads\/2019\/12\/alberto-fernandez.jpg?resize=525%2C300 1.5x"},"classes":[]},{"id":55628,"url":"https:\/\/www.24baires.com\/?p=55628","url_meta":{"origin":7751,"position":2},"title":"Dirigentes del FR se enojaron con Massa porque los ignor\u00f3 en su recorrido","author":"Grupo Sierra","date":"18\/10\/2014","format":false,"excerpt":"El jefe del Frente Renovador, Sergio Massa, recorri\u00f3 la localidad matancera de Gregorio Laferrere, en lo que su espacio consider\u00f3 la primera recorrida importante desde los incidentes en septiembre del a\u00f1o pasado, aunque en esta oportunidad enoj\u00f3 a algunos de sus aliado locales al saltearse su paso por San Justo.\u2026","rel":"","context":"En \u00abPol\u00edtica\u00bb","block_context":{"text":"Pol\u00edtica","link":"https:\/\/www.24baires.com\/?cat=51"},"img":{"alt_text":"massa","src":"https:\/\/i0.wp.com\/www.24baires.com\/wp-content\/uploads\/2013\/08\/massa.png?resize=350%2C200","width":350,"height":200,"srcset":"https:\/\/i0.wp.com\/www.24baires.com\/wp-content\/uploads\/2013\/08\/massa.png?resize=350%2C200 1x, https:\/\/i0.wp.com\/www.24baires.com\/wp-content\/uploads\/2013\/08\/massa.png?resize=525%2C300 1.5x"},"classes":[]},{"id":112512,"url":"https:\/\/www.24baires.com\/?p=112512","url_meta":{"origin":7751,"position":3},"title":"M\u00e1s de 5 mil personas siguen evacuadas en el Conurbano","author":"GB","date":"16\/10\/2019","format":false,"excerpt":"M\u00e1s de cinco mil personas continuaban evacuadas hoy en varios distritos del Conurbano bonaerense a ra\u00edz de las inundaciones provocadas a partir del temporal del s\u00e1bado pasado, que impact\u00f3 principalmente en La Matanza, Esteban Echeverr\u00eda, Quilmes, Ezeiza y Lomas de Zamora. La crecida del R\u00edo de la Plata, cuyas aguas\u2026","rel":"","context":"En \u00abProvincia\u00bb","block_context":{"text":"Provincia","link":"https:\/\/www.24baires.com\/?cat=40"},"img":{"alt_text":"","src":"https:\/\/i0.wp.com\/www.24baires.com\/wp-content\/uploads\/2019\/10\/inundacion-1-300x200.jpg?resize=350%2C200","width":350,"height":200},"classes":[]},{"id":101859,"url":"https:\/\/www.24baires.com\/?p=101859","url_meta":{"origin":7751,"position":4},"title":"Detuvieron a un profesor de danzas acusado de abusar de al menos dos menores","author":"GB","date":"27\/04\/2018","format":false,"excerpt":"Los padres de los ni\u00f1os realizaron la denuncia contra el sujeto de 27 a\u00f1os que daba clases en una escuela de baile ubicada en Gregorio de Laferrere, partido de La Matanza. Un profesor de danzas, de 27 a\u00f1os, fue detenido acusado de abusar al menos de dos nenes, de 8\u2026","rel":"","context":"En \u00abPoliciales\u00bb","block_context":{"text":"Policiales","link":"https:\/\/www.24baires.com\/?cat=49"},"img":{"alt_text":"","src":"https:\/\/i0.wp.com\/www.24baires.com\/wp-content\/uploads\/2014\/03\/polic%C3%ADa-300x164.jpg?resize=350%2C200","width":350,"height":200},"classes":[]},{"id":104133,"url":"https:\/\/www.24baires.com\/?p=104133","url_meta":{"origin":7751,"position":5},"title":"Cambiemos presenta nuevo proyecto para dividir La Matanza","author":"GB","date":"28\/08\/2018","format":false,"excerpt":"Cambiemos volvi\u00f3 a poner en discusi\u00f3n la divisi\u00f3n de La Matanza, con la presentaci\u00f3n de un nuevo proyecto de ley, similar a los presentados en a\u00f1os anteriores, que propone partir en cuatro el distrito gobernado por la kichnerista Ver\u00f3nica Magario. La nueva iniciativa fue ingresada por el diputado Mauricio Vivani,\u2026","rel":"","context":"En \u00abMunicipios\u00bb","block_context":{"text":"Municipios","link":"https:\/\/www.24baires.com\/?cat=44"},"img":{"alt_text":"","src":"https:\/\/i0.wp.com\/www.24baires.com\/wp-content\/uploads\/2016\/09\/magario-300x206.jpg?resize=350%2C200","width":350,"height":200},"classes":[]}],"jetpack_sharing_enabled":true,"jetpack_likes_enabled":true,"_links":{"self":[{"href":"https:\/\/www.24baires.com\/index.php?rest_route=\/wp\/v2\/posts\/7751","targetHints":{"allow":["GET"]}}],"collection":[{"href":"https:\/\/www.24baires.com\/index.php?rest_route=\/wp\/v2\/posts"}],"about":[{"href":"https:\/\/www.24baires.com\/index.php?rest_route=\/wp\/v2\/types\/post"}],"author":[{"embeddable":true,"href":"https:\/\/www.24baires.com\/index.php?rest_route=\/wp\/v2\/users\/11"}],"replies":[{"embeddable":true,"href":"https:\/\/www.24baires.com\/index.php?rest_route=%2Fwp%2Fv2%2Fcomments&post=7751"}],"version-history":[{"count":4,"href":"https:\/\/www.24baires.com\/index.php?rest_route=\/wp\/v2\/posts\/7751\/revisions"}],"predecessor-version":[{"id":7758,"href":"https:\/\/www.24baires.com\/index.php?rest_route=\/wp\/v2\/posts\/7751\/revisions\/7758"}],"wp:attachment":[{"href":"https:\/\/www.24baires.com\/index.php?rest_route=%2Fwp%2Fv2%2Fmedia&parent=7751"}],"wp:term":[{"taxonomy":"category","embeddable":true,"href":"https:\/\/www.24baires.com\/index.php?rest_route=%2Fwp%2Fv2%2Fcategories&post=7751"},{"taxonomy":"post_tag","embeddable":true,"href":"https:\/\/www.24baires.com\/index.php?rest_route=%2Fwp%2Fv2%2Ftags&post=7751"}],"curies":[{"name":"wp","href":"https:\/\/api.w.org\/{rel}","templated":true}]}}