{"id":77506,"date":"2016-01-12T14:00:56","date_gmt":"2016-01-12T17:00:56","guid":{"rendered":"http:\/\/www.24baires.com\/?p=77506"},"modified":"2016-01-12T13:49:32","modified_gmt":"2016-01-12T16:49:32","slug":"el-macrismo-prohibe-la-entrada-de-sabbatella-a-la-afsca","status":"publish","type":"post","link":"https:\/\/www.24baires.com\/?p=77506","title":{"rendered":"El macrismo proh\u00edbe la entrada de Sabbatella a la AFSCA"},"content":{"rendered":"<p><img data-recalc-dims=\"1\" loading=\"lazy\" decoding=\"async\" class=\"aligncenter size-full wp-image-8122\" src=\"https:\/\/i0.wp.com\/www.24baires.com\/wp-content\/uploads\/2012\/12\/sabbatella-media-empresa.jpg?resize=560%2C335\" alt=\"sabbatella media empresa\" width=\"560\" height=\"335\" srcset=\"https:\/\/i0.wp.com\/www.24baires.com\/wp-content\/uploads\/2012\/12\/sabbatella-media-empresa.jpg?w=560&amp;ssl=1 560w, https:\/\/i0.wp.com\/www.24baires.com\/wp-content\/uploads\/2012\/12\/sabbatella-media-empresa.jpg?resize=300%2C179&amp;ssl=1 300w\" sizes=\"auto, (max-width: 560px) 100vw, 560px\" \/>El titular de la Autoridad Federal de Servicios de Comunicaci\u00f3n Audiovisual intent\u00f3 regresar a su oficina luego de que dos jueces aceptaran los amparos presentados contra el decreto presidencial que modifica la norma. La infanter\u00eda, apostada frente al edificio, aleg\u00f3 que ten\u00eda \u00f3rdenes del nuevo interventor de no dejarlo entrar.<!--more--><\/p>\n<p>Mart\u00edn Sabbatella intent\u00f3, sin \u00e9xito, ingresar al edificio del AFSCA, ubicado en el centro porte\u00f1o. Fue luego de que dos jueces federales, uno de Ciudad de Buenos Aires y otro de San Mart\u00edn, aceptaran dos amparos presentados contra el decreto presidencial que modificaba la Ley de Medios. De este modo se suspender\u00eda la medida efectuada por el presidente Mauricio Macri \u2013que inclu\u00eda el desplazamiento de Sabbatella- hasta que se determine la constitucionalidad de los decretos.<\/p>\n<p>\u201cLos dos jueces han presentado estas medidas cautelares y la verdad que yo soy respetuoso de la investidura presidencial pero Macri est\u00e1 mal asesorado\u201d asegur\u00f3 el ex titular del AFSCA, organismo que qued\u00f3 intervenido por el decreto presidencial.<\/p>\n<p>\u201cEstamos muy preocupados por c\u00f3mo se violan las leyes, las normas. Este es un gobierno constitucional y act\u00faa como un gobierno de facto\u201d sostuvo el ex intendente de Mor\u00f3n en las inmediaciones del AFSCA, mientras intentaba ingresar al edificio que, desde ayer, y tras conocerse las resoluciones judiciales, qued\u00f3 rodeado por personal de infanter\u00eda, seg\u00fan consign\u00f3 InfoNews.<\/p>\n<p>\u201cAnalizamos los efectos de la resoluci\u00f3n con nuestro equipo. Y hoy estamos ac\u00e1 viniendo a cumplir con la resoluci\u00f3n judicial. \u00bfQu\u00e9 hace el gobierno? pone la infanter\u00eda\u201d sostuvo el dirigente del partido Nuevo Encuentro.<\/p>\n<p>-No puede ingresar \u2013le dijo a Sabbatella uno de los uniformados apostados en la puerta del edificio.<\/p>\n<p>-\u00bfPor qu\u00e9, qui\u00e9n lo dice? \u2013pregunt\u00f3 el ex intendente de Mor\u00f3n.<\/p>\n<p>-El interventor dijo que no puede ingresar -.<\/p>\n<p>&nbsp;<\/p>\n<p>&nbsp;<\/p>\n<p>&nbsp;<\/p>\n<p>&nbsp;<\/p>\n<p>&nbsp;<\/p>\n<p>&nbsp;<\/p>\n<p>&nbsp;<\/p>\n<p>&nbsp;<\/p>\n<p>&nbsp;<\/p>\n<p>&nbsp;<\/p>\n<p>&nbsp;<\/p>\n<p>&nbsp;<\/p>\n","protected":false},"excerpt":{"rendered":"<p>El titular de la Autoridad Federal de Servicios de Comunicaci\u00f3n Audiovisual intent\u00f3 regresar a su oficina luego de que dos jueces aceptaran los amparos presentados contra el decreto presidencial que modifica la norma. La infanter\u00eda, apostada frente al edificio, aleg\u00f3 que ten\u00eda \u00f3rdenes del nuevo interventor de no dejarlo entrar.<\/p>\n","protected":false},"author":4,"featured_media":0,"comment_status":"open","ping_status":"open","sticky":false,"template":"","format":"standard","meta":{"_jetpack_newsletter_access":"","_jetpack_dont_email_post_to_subs":false,"_jetpack_newsletter_tier_id":0,"_jetpack_memberships_contains_paywalled_content":false,"_jetpack_memberships_contains_paid_content":false,"footnotes":""},"categories":[68,54],"tags":[],"class_list":["post-77506","post","type-post","status-publish","format-standard","hentry","category-judiciales","category-medios"],"jetpack_featured_media_url":"","jetpack_shortlink":"https:\/\/wp.me\/p2JWE0-ka6","jetpack-related-posts":[{"id":77453,"url":"https:\/\/www.24baires.com\/?p=77453","url_meta":{"origin":77506,"position":0},"title":"Jueces Federales aceptaron amparo contra los DNU de Macri por la Ley de Medios y la AFSCA","author":"GB","date":"11\/01\/2016","format":false,"excerpt":"Dos jueces federales de Ciudad de Buenos Aires y San Mart\u00edn aceptaron, respectivamente, los amparos presentados por una asociaci\u00f3n de consumidores y una organizaci\u00f3n de comunicaci\u00f3n popular, dejando interinamente sin efecto los decretos 13\/15, 236\/15 y 267\/15 mediante los cuales el presidente Mauricio Macri intervino la AFSCA, desplaz\u00f3 a su\u2026","rel":"","context":"En \u00abPol\u00edtica\u00bb","block_context":{"text":"Pol\u00edtica","link":"https:\/\/www.24baires.com\/?cat=51"},"img":{"alt_text":"","src":"","width":0,"height":0},"classes":[]},{"id":76806,"url":"https:\/\/www.24baires.com\/?p=76806","url_meta":{"origin":77506,"position":1},"title":"\u00abPresentar\u00e9 un amparo, voy a cumplir con mi mandato\u00bb, advirti\u00f3 Sabbatella","author":"AF","date":"23\/12\/2015","format":false,"excerpt":"El titular de la AFSCA quiere frenar por v\u00eda judicial el decreto de intervenci\u00f3n que dispuso el Gobierno. Presentar\u00e1 tambi\u00e9n un habeas corpus. Tras el decreto que dispuso la intervenci\u00f3n de la Autoridad Federal de Servicios de Comunicaci\u00f3n Audiovisual (AFSCA), el desplazado titular del organismo, Mart\u00edn Sabbatella, expres\u00f3 ante la\u2026","rel":"","context":"En \u00abJUDICIALES\u00bb","block_context":{"text":"JUDICIALES","link":"https:\/\/www.24baires.com\/?cat=68"},"img":{"alt_text":"sabbatella media empresa","src":"https:\/\/i0.wp.com\/www.24baires.com\/wp-content\/uploads\/2012\/12\/sabbatella-media-empresa.jpg?resize=350%2C200","width":350,"height":200,"srcset":"https:\/\/i0.wp.com\/www.24baires.com\/wp-content\/uploads\/2012\/12\/sabbatella-media-empresa.jpg?resize=350%2C200 1x, https:\/\/i0.wp.com\/www.24baires.com\/wp-content\/uploads\/2012\/12\/sabbatella-media-empresa.jpg?resize=525%2C300 1.5x"},"classes":[]},{"id":76835,"url":"https:\/\/www.24baires.com\/?p=76835","url_meta":{"origin":77506,"position":2},"title":"Sabbatella: \u00abAbandonar\u00e9 el cargo si la Justicia as\u00ed lo resuelve\u00bb","author":"AF","date":"24\/12\/2015","format":false,"excerpt":"As\u00ed lo asegur\u00f3 el desplazado titular de Afsca, quien inst\u00f3 a que el Poder Judicial \"resuelva este conflicto de poderes. Est\u00e1n violando la divisi\u00f3n de poderes\". El presidente de AFSCA, Mart\u00edn Sabbatella, se refiri\u00f3 hoy a la intervenci\u00f3n del ente por parte del Estado y explic\u00f3: \u201cPresentamos una medida cautelar\u2026","rel":"","context":"En \u00abJUDICIALES\u00bb","block_context":{"text":"JUDICIALES","link":"https:\/\/www.24baires.com\/?cat=68"},"img":{"alt_text":"sabbatella","src":"https:\/\/i0.wp.com\/www.24baires.com\/wp-content\/uploads\/2013\/10\/sabbatella.jpg?resize=350%2C200","width":350,"height":200,"srcset":"https:\/\/i0.wp.com\/www.24baires.com\/wp-content\/uploads\/2013\/10\/sabbatella.jpg?resize=350%2C200 1x, https:\/\/i0.wp.com\/www.24baires.com\/wp-content\/uploads\/2013\/10\/sabbatella.jpg?resize=525%2C300 1.5x"},"classes":[]},{"id":77052,"url":"https:\/\/www.24baires.com\/?p=77052","url_meta":{"origin":77506,"position":3},"title":"Sabbatella: \u00abLe da un poco de sensatez a una situaci\u00f3n ilegal\u00bb","author":"GB","date":"30\/12\/2015","format":false,"excerpt":"El desplazado titular de Afsca lo dijo desde la sede del organismo tras la decisi\u00f3n del juez Luis Arias de ordenar al Ejecutivo nacional que \"se abstenga de suprimir o afectar derechos adquiridos\". Desde la puerta de ese organismo, Sabbatella expres\u00f3 que \"la cautelar del juez le otorga un poco\u2026","rel":"","context":"En \u00abPol\u00edtica\u00bb","block_context":{"text":"Pol\u00edtica","link":"https:\/\/www.24baires.com\/?cat=51"},"img":{"alt_text":"sabbatella","src":"https:\/\/i0.wp.com\/www.24baires.com\/wp-content\/uploads\/2013\/10\/sabbatella.jpg?resize=350%2C200","width":350,"height":200,"srcset":"https:\/\/i0.wp.com\/www.24baires.com\/wp-content\/uploads\/2013\/10\/sabbatella.jpg?resize=350%2C200 1x, https:\/\/i0.wp.com\/www.24baires.com\/wp-content\/uploads\/2013\/10\/sabbatella.jpg?resize=525%2C300 1.5x"},"classes":[]},{"id":76829,"url":"https:\/\/www.24baires.com\/?p=76829","url_meta":{"origin":77506,"position":4},"title":"El Gobierno de Macri denunci\u00f3 a Sabbatella por no aceptar la intervenci\u00f3n de AFSCA","author":"GB","date":"23\/12\/2015","format":false,"excerpt":"La denuncia fue presentada por el interventor designado parea el AFSCA, Agust\u00edn Garz\u00f3n, luego de que el actual director del organismo se resistiera a dejar su cargo. El Gobierno denunci\u00f3 penalmente esta tarde al director de la AFSCA, Mart\u00edn Sabbatella, por los presuntos delitos de \"incumplimiento del deber de funcionario\u2026","rel":"","context":"En \u00abPol\u00edtica\u00bb","block_context":{"text":"Pol\u00edtica","link":"https:\/\/www.24baires.com\/?cat=51"},"img":{"alt_text":"sabbatella post fallo","src":"https:\/\/i0.wp.com\/www.24baires.com\/wp-content\/uploads\/2012\/12\/sabbatella-post-fallo.jpg?resize=350%2C200","width":350,"height":200,"srcset":"https:\/\/i0.wp.com\/www.24baires.com\/wp-content\/uploads\/2012\/12\/sabbatella-post-fallo.jpg?resize=350%2C200 1x, https:\/\/i0.wp.com\/www.24baires.com\/wp-content\/uploads\/2012\/12\/sabbatella-post-fallo.jpg?resize=525%2C300 1.5x"},"classes":[]},{"id":34986,"url":"https:\/\/www.24baires.com\/?p=34986","url_meta":{"origin":77506,"position":5},"title":"Proponen que Sabbatella siga al frente de la Afsca","author":"AF","date":"11\/11\/2013","format":false,"excerpt":"El Gobierno volvi\u00f3 a proponer al titular de la Autoridad Federal de Servicios de Comunicaci\u00f3n Audiovisual, Mart\u00edn Sabbatella, para que encabece por un nuevo per\u00edodo el directorio de este organismo. En tanto, tambi\u00e9n volvi\u00f3 a proponer a Ignacio Saavedra como miembro del directorio de la AFSCA. Las propuestas comenzaron a\u2026","rel":"","context":"En \u00abMedios\u00bb","block_context":{"text":"Medios","link":"https:\/\/www.24baires.com\/?cat=54"},"img":{"alt_text":"","src":"","width":0,"height":0},"classes":[]}],"jetpack_sharing_enabled":true,"jetpack_likes_enabled":true,"_links":{"self":[{"href":"https:\/\/www.24baires.com\/index.php?rest_route=\/wp\/v2\/posts\/77506","targetHints":{"allow":["GET"]}}],"collection":[{"href":"https:\/\/www.24baires.com\/index.php?rest_route=\/wp\/v2\/posts"}],"about":[{"href":"https:\/\/www.24baires.com\/index.php?rest_route=\/wp\/v2\/types\/post"}],"author":[{"embeddable":true,"href":"https:\/\/www.24baires.com\/index.php?rest_route=\/wp\/v2\/users\/4"}],"replies":[{"embeddable":true,"href":"https:\/\/www.24baires.com\/index.php?rest_route=%2Fwp%2Fv2%2Fcomments&post=77506"}],"version-history":[{"count":1,"href":"https:\/\/www.24baires.com\/index.php?rest_route=\/wp\/v2\/posts\/77506\/revisions"}],"predecessor-version":[{"id":77507,"href":"https:\/\/www.24baires.com\/index.php?rest_route=\/wp\/v2\/posts\/77506\/revisions\/77507"}],"wp:attachment":[{"href":"https:\/\/www.24baires.com\/index.php?rest_route=%2Fwp%2Fv2%2Fmedia&parent=77506"}],"wp:term":[{"taxonomy":"category","embeddable":true,"href":"https:\/\/www.24baires.com\/index.php?rest_route=%2Fwp%2Fv2%2Fcategories&post=77506"},{"taxonomy":"post_tag","embeddable":true,"href":"https:\/\/www.24baires.com\/index.php?rest_route=%2Fwp%2Fv2%2Ftags&post=77506"}],"curies":[{"name":"wp","href":"https:\/\/api.w.org\/{rel}","templated":true}]}}