{"id":7745,"date":"2012-12-03T17:52:53","date_gmt":"2012-12-03T20:52:53","guid":{"rendered":"http:\/\/www.24baires.com\/?p=7745"},"modified":"2012-12-03T17:52:53","modified_gmt":"2012-12-03T20:52:53","slug":"concejal-marplatense-propone-la-prescripcion-de-deudas-municipales-y-multas-automaticas","status":"publish","type":"post","link":"https:\/\/www.24baires.com\/?p=7745","title":{"rendered":"Concejal marplatense propone la prescripci\u00f3n de deudas municipales y multas autom\u00e1ticas"},"content":{"rendered":"<p><strong>GENERAL PUEYRREDON &#8211;<\/strong> El Concejal PRO, Hern\u00e1n E. Alcolea, \u00a0elev\u00f3 un proyecto de ordenanza para la consideraci\u00f3n del Concejo Deliberante, donde propone\u00a0la prescripci\u00f3n quinquenal autom\u00e1tica de todo tipo de deudas municipales de los contribuyentes.\u00a0<!--more--><\/p>\n<p>En el mismo, se propone operar de oficio las prescripciones de las deudas originadas por cualquier tipo de servicio, impuestos, tasas, contribuciones, grav\u00e1menes, accesorios y multas por infracciones fiscales mantenidas con empresas o entes descentralizados de ese municipio de Gral. Pueyrredon.<\/p>\n<p>Dado que la prescripci\u00f3n quinquenal no opera\u00a0autom\u00e1ticamente\u00a0 \u00absiendo en consecuencia reclamada y \u00fanicamente prescripta ante el pedido expreso del vecino interesado, ocasionando de \u00e9sta forma un gasto para el contribuyente y a veces hasta un gasto para el Municipio porque pierde las costas del proceso; por lo que resulta conveniente aplicar su prescripci\u00f3n en forma autom\u00e1tica\u00bb dice el proyecto en sus\u00a0considerandos.<\/p>\n<p>As\u00ed, el estado municipal debe implementar los medios conducentes a los fines de evitar un juicio que le genere un gasto como podr\u00eda ser un proceso donde resultar\u00eda perdidoso o un perjuicio a aquel contribuyente desconocedor de las posibilidades prescriptivas de sus deudas.<\/p>\n","protected":false},"excerpt":{"rendered":"<p>GENERAL PUEYRREDON &#8211; El Concejal PRO, Hern\u00e1n E. Alcolea, \u00a0elev\u00f3 un proyecto de ordenanza para la consideraci\u00f3n del Concejo Deliberante, donde propone\u00a0la prescripci\u00f3n quinquenal autom\u00e1tica de todo tipo de deudas municipales de los contribuyentes.\u00a0<\/p>\n","protected":false},"author":11,"featured_media":0,"comment_status":"open","ping_status":"open","sticky":false,"template":"","format":"standard","meta":{"_jetpack_newsletter_access":"","_jetpack_dont_email_post_to_subs":false,"_jetpack_newsletter_tier_id":0,"_jetpack_memberships_contains_paywalled_content":false,"_jetpack_memberships_contains_paid_content":false,"footnotes":""},"categories":[44],"tags":[],"class_list":["post-7745","post","type-post","status-publish","format-standard","hentry","category-municipios"],"jetpack_featured_media_url":"","jetpack_shortlink":"https:\/\/wp.me\/p2JWE0-20V","jetpack-related-posts":[{"id":46903,"url":"https:\/\/www.24baires.com\/?p=46903","url_meta":{"origin":7745,"position":0},"title":"Esc\u00e1ndalo en Merlo: Othaceh\u00e9, acusado de m\u00faltiples estafas","author":"Grupo Sierra","date":"28\/05\/2014","format":false,"excerpt":"El partido liderado por Ra\u00fal Othaceh\u00e9 estar\u00eda intimando por deudas falsas y ahora recibe la acusaci\u00f3n de \"estafar a los habitantes\". Concejales locales aseguran que el municipio de Merlo asusta a sus habitantes enviando intimaciones enga\u00f1osas en donde los amenazan con juicios por deudas ap\u00f3crifas. Ediles de Grande Merlo aseguraron\u2026","rel":"","context":"En \u00abLocales\u00bb","block_context":{"text":"Locales","link":"https:\/\/www.24baires.com\/?cat=38"},"img":{"alt_text":"Massa y Othaceh\u00e9","src":"https:\/\/i0.wp.com\/www.24baires.com\/wp-content\/uploads\/2014\/02\/Massa-y-Othaceh%C3%A9.jpg?resize=350%2C200","width":350,"height":200,"srcset":"https:\/\/i0.wp.com\/www.24baires.com\/wp-content\/uploads\/2014\/02\/Massa-y-Othaceh%C3%A9.jpg?resize=350%2C200 1x, https:\/\/i0.wp.com\/www.24baires.com\/wp-content\/uploads\/2014\/02\/Massa-y-Othaceh%C3%A9.jpg?resize=525%2C300 1.5x"},"classes":[]},{"id":27074,"url":"https:\/\/www.24baires.com\/?p=27074","url_meta":{"origin":7745,"position":1},"title":"Municipios cobrar\u00edan tasas de Seguridad e Higiene por retenciones a dep\u00f3sitos","author":"AF","date":"28\/06\/2013","format":false,"excerpt":"Los Municipios de la provincia de Buenos Aires podr\u00e1n cobrar la tasa de Seguridad e Higiene a trav\u00e9s de una retenci\u00f3n autom\u00e1tica a los dep\u00f3sitos bancarios que realicen las personas o empresas alcanzadas por este impuesto Distrital, en caso sancionarse en ley un proyecto aprobado este jueves en la C\u00e1mara\u2026","rel":"","context":"En \u00abEconom\u00eda\u00bb","block_context":{"text":"Econom\u00eda","link":"https:\/\/www.24baires.com\/?cat=45"},"img":{"alt_text":"lacava mar\u00eda laura","src":"https:\/\/i0.wp.com\/www.24baires.com\/wp-content\/uploads\/2013\/06\/lacava-mar%C3%ADa-laura-207x300.jpg?resize=350%2C200","width":350,"height":200},"classes":[]},{"id":114587,"url":"https:\/\/www.24baires.com\/?p=114587","url_meta":{"origin":7745,"position":2},"title":"Presentan proyecto para impulsar la recategorizaci\u00f3n del gas en Mar del Plata","author":"GB","date":"02\/04\/2020","format":false,"excerpt":"Lo hizo la concejala Cristina Coria. Pide que se tenga en consideraci\u00f3n la situaci\u00f3n clim\u00e1tica del municipio de General Pueyrredon, que origina bajas temperaturas a los niveles de localidades del sur del pa\u00eds. La concejala Cristina Coria (UCR) present\u00f3 un proyecto para impulsar la necesidad de atender la recategorizaci\u00f3n tarifaria\u2026","rel":"","context":"En \u00abMunicipios\u00bb","block_context":{"text":"Municipios","link":"https:\/\/www.24baires.com\/?cat=44"},"img":{"alt_text":"","src":"https:\/\/i0.wp.com\/www.24baires.com\/wp-content\/uploads\/2016\/08\/gas.jpg?resize=350%2C200","width":350,"height":200,"srcset":"https:\/\/i0.wp.com\/www.24baires.com\/wp-content\/uploads\/2016\/08\/gas.jpg?resize=350%2C200 1x, https:\/\/i0.wp.com\/www.24baires.com\/wp-content\/uploads\/2016\/08\/gas.jpg?resize=525%2C300 1.5x"},"classes":[]},{"id":20835,"url":"https:\/\/www.24baires.com\/?p=20835","url_meta":{"origin":7745,"position":3},"title":"El kirchnerismo y el radicalismo no votaron la rendici\u00f3n de Pulti con $ 153 millones de d\u00e9ficit","author":"Grupo Sierra","date":"12\/04\/2013","format":false,"excerpt":"MAR DEL PLATA.- Desde el bloque de concejales del Frente para la Victoria Mar del Plata - Bat\u00e1n, a trav\u00e9s de un comunicado detallaron \u201clos motivos por los cuales emitimos un voto negativo en el tratamiento de la rendici\u00f3n de cuentas del ejercicio 2012 por parte del Ejecutivo Municipal\u201d. Al\u2026","rel":"","context":"En \u00abMunicipios\u00bb","block_context":{"text":"Municipios","link":"https:\/\/www.24baires.com\/?cat=44"},"img":{"alt_text":"pulti gustavo","src":"https:\/\/i0.wp.com\/www.24baires.com\/wp-content\/uploads\/2013\/03\/pulti-gustavo.jpg?resize=350%2C200","width":350,"height":200,"srcset":"https:\/\/i0.wp.com\/www.24baires.com\/wp-content\/uploads\/2013\/03\/pulti-gustavo.jpg?resize=350%2C200 1x, https:\/\/i0.wp.com\/www.24baires.com\/wp-content\/uploads\/2013\/03\/pulti-gustavo.jpg?resize=525%2C300 1.5x"},"classes":[]},{"id":115553,"url":"https:\/\/www.24baires.com\/?p=115553","url_meta":{"origin":7745,"position":4},"title":"Proponen eximir de tasas municipales a gimnasios y natatorios","author":"GB","date":"05\/07\/2020","format":false,"excerpt":"\"Hay que tomar medidas de alivio que est\u00e9n al alcance del Municipio\", expres\u00f3 la concejala Virginia S\u00edvori, del Frente de Todos El Bloque del Frente de Todos present\u00f3 un proyecto que busca atender la situaci\u00f3n que est\u00e1n atravesando los gimnasios y los natatorios, luego de una reuni\u00f3n que mantuvieron con\u2026","rel":"","context":"En \u00abMunicipios\u00bb","block_context":{"text":"Municipios","link":"https:\/\/www.24baires.com\/?cat=44"},"img":{"alt_text":"","src":"","width":0,"height":0},"classes":[]},{"id":100259,"url":"https:\/\/www.24baires.com\/?p=100259","url_meta":{"origin":7745,"position":5},"title":"Mar del Plata recibir\u00e1  $ 110 millones tras la promulgaci\u00f3n de la adhesi\u00f3n al pacto fiscal","author":"GB","date":"31\/01\/2018","format":false,"excerpt":"El intendente de General Pueyrred\u00f3n, a trav\u00e9s del decreto N\u00ba 105, proclam\u00f3 la ordenanza que establece que el municipio se sume al R\u00e9gimen de Responsabilidad Fiscal de la Provincia de Buenos Aires. Finalmente el intendente de General Pueyrred\u00f3n, Carlos Arroyo, promulg\u00f3 la ordenanza para que el municipio adhiera al pacto\u2026","rel":"","context":"En \u00abMunicipios\u00bb","block_context":{"text":"Municipios","link":"https:\/\/www.24baires.com\/?cat=44"},"img":{"alt_text":"","src":"https:\/\/i0.wp.com\/www.24baires.com\/wp-content\/uploads\/2014\/07\/municipalidad-general-pueyrredon-mar-del-plata.jpg?resize=350%2C200","width":350,"height":200,"srcset":"https:\/\/i0.wp.com\/www.24baires.com\/wp-content\/uploads\/2014\/07\/municipalidad-general-pueyrredon-mar-del-plata.jpg?resize=350%2C200 1x, https:\/\/i0.wp.com\/www.24baires.com\/wp-content\/uploads\/2014\/07\/municipalidad-general-pueyrredon-mar-del-plata.jpg?resize=525%2C300 1.5x"},"classes":[]}],"jetpack_sharing_enabled":true,"jetpack_likes_enabled":true,"_links":{"self":[{"href":"https:\/\/www.24baires.com\/index.php?rest_route=\/wp\/v2\/posts\/7745","targetHints":{"allow":["GET"]}}],"collection":[{"href":"https:\/\/www.24baires.com\/index.php?rest_route=\/wp\/v2\/posts"}],"about":[{"href":"https:\/\/www.24baires.com\/index.php?rest_route=\/wp\/v2\/types\/post"}],"author":[{"embeddable":true,"href":"https:\/\/www.24baires.com\/index.php?rest_route=\/wp\/v2\/users\/11"}],"replies":[{"embeddable":true,"href":"https:\/\/www.24baires.com\/index.php?rest_route=%2Fwp%2Fv2%2Fcomments&post=7745"}],"version-history":[{"count":4,"href":"https:\/\/www.24baires.com\/index.php?rest_route=\/wp\/v2\/posts\/7745\/revisions"}],"predecessor-version":[{"id":7749,"href":"https:\/\/www.24baires.com\/index.php?rest_route=\/wp\/v2\/posts\/7745\/revisions\/7749"}],"wp:attachment":[{"href":"https:\/\/www.24baires.com\/index.php?rest_route=%2Fwp%2Fv2%2Fmedia&parent=7745"}],"wp:term":[{"taxonomy":"category","embeddable":true,"href":"https:\/\/www.24baires.com\/index.php?rest_route=%2Fwp%2Fv2%2Fcategories&post=7745"},{"taxonomy":"post_tag","embeddable":true,"href":"https:\/\/www.24baires.com\/index.php?rest_route=%2Fwp%2Fv2%2Ftags&post=7745"}],"curies":[{"name":"wp","href":"https:\/\/api.w.org\/{rel}","templated":true}]}}